{"id":293429,"date":"2026-09-05T19:18:09","date_gmt":"2026-09-05T19:18:09","guid":{"rendered":"https:\/\/www.europesays.com\/ch-fr\/293429\/"},"modified":"2026-09-05T19:18:09","modified_gmt":"2026-09-05T19:18:09","slug":"quelquun-est-en-train-de-fumer-de-lherbe-aryna-sabalenka-interrompt-son-match-a-lus-open-en-raison-dune-tres-forte-odeur-de-cannabis-lequi","status":"publish","type":"post","link":"https:\/\/www.europesays.com\/ch-fr\/293429\/","title":{"rendered":"\u00ab Quelqu&#039;un est en train de fumer de l&#039;herbe \u00bb : Aryna Sabalenka interrompt son match \u00e0 l&#039;US Open en raison d&#039;une \u00ab tr\u00e8s forte \u00bb odeur de cannabis &#8211; L&#039;\u00c9quipe"},"content":{"rendered":"<p><a href=\"https:\/\/news.google.com\/rss\/articles\/CBMilAJBVV95cUxPN3ZxejdSS1lGUlU4REhhWWVrcm5yRDlXYlBqOG5WbXJ4TWdpTXBzajBQZDVwb1FJS1dEWU5QMVBlMXdRWFJ6QldTZlB0dVVGdldwT0hGQU85ZU83amZRaTgxWk03OUMwajVzLWstQnV3TUdPaVItNGxxN2VKNFQ0eVhFVHpXcUhGX3VRVDR5b0RpNmYxeDZtN2FHOEFud0xDRUpnd0g0a0R0V1dPdmpFWkxSM25TWlJjV1N3X3pFelhfb3lONFhxN2FmcldVWGhNT0JWOU1jNllGVng4RGNXTEZ6YjdyOXFXb1JQcTJtWWFXQlZNYXFYMDc4TmRwUDlWOFJSdVl0TXl2ODcwSjlFMzB1WF8?oc=5\" target=\"_blank\" rel=\"nofollow noopener\">\u00ab Quelqu&rsquo;un est en train de fumer de l&rsquo;herbe \u00bb : Aryna Sabalenka interrompt son match \u00e0 l&rsquo;US Open en raison d&rsquo;une \u00ab tr\u00e8s forte \u00bb odeur de cannabis<\/a>&nbsp;&nbsp;L&rsquo;\u00c9quipe<a href=\"https:\/\/news.google.com\/rss\/articles\/CBMijgJBVV95cUxQWUdPUFVKaEVrTVp4OWNCVkxkdDNXNkZDVW5XZjF4M21McVhubWRMLS1aS2EzOVYzUVNHM3BLTl91dTktbHVQaXRIS1hWYzBsSUVEQlpGZVVGUjJ4S2hJdTRFY05xM1pCTXJHSVlyamRrNGRYaGZpcHZpd0NDTFdFYmhVVzVDZi1wdlNCT3h4TmhxTEstaHotWG9ZRkRKZG8yZElqWVFob2RGSTUyellNV0RZYkl4aldjcmFWS1h3Tzg1Q01uSHRVM09wTDNmakdHX1JBb0ItLXZoWFlreUxOT3dkSnpnRHdRZkRDWE0zeU1QMGR5YnJwQlJOWHRkN2VtemtXeGRMelVCazdUV2c?oc=5\" target=\"_blank\" rel=\"nofollow noopener\">Sabalenka : \u00ab\u00a0Fumez ce que vous voulez, mais ne le faites pas pr\u00e8s des courts\u00a0\u00bb<\/a>&nbsp;&nbsp;Eurosport<a href=\"https:\/\/news.google.com\/rss\/articles\/CBMi7AFBVV95cUxPdTMydi1lOTV2NFlpQkJFcDZheUNyMTBNajBaRm9Iem9JY05idkpPQkl1XzlfZXNZTmNVd0c1LVdoYloyYzMtWldvMGZGZGUwOE9NeVRGRWlMSnVNSlJqYW8wZHNJQVpsY2lpMndHclIxTWpteHNPT1BjZjF0NEhBUUNodktMVENZbnRGdFpULThCcmQySzhjNUI3UnlTV0U5aUxtd2gzczVCLVZHUkhSRTNOekxySmE3YVBWV2xCWld2U09jZ0J1eGxjdjh4RTZRSEJ0VnpEckkycV9YR3NuUzJ5M3QwVTc1bmRuMA?oc=5\" target=\"_blank\" rel=\"nofollow noopener\">La pol\u00e9mique enfle \u00e0 l&rsquo;US Open: Sabalenka d\u00e9nonce en plein match les \u00ab\u00a0fortes\u00a0\u00bb odeurs de cannabis<\/a>&nbsp;&nbsp;RMC Sport<a href=\"https:\/\/news.google.com\/rss\/articles\/CBMigwJBVV95cUxQNEpFc2wtc3EycGhPaHJIZHJiOUkwaXZOcHNVM1RjcDdyTDNIbllLR1JBUXVScm1IZnpQUEVyQnlBblhUbF9XeG8zWHlNMk9CeXJmZG0xVW9Nd3pQeFR5TE5HMDctVVRkd1NVbmR1eEdScVkyLTlVbmNWYmIxXzRjSkFremY1cVc4NS12aEJKVFZTbXF1RmhYQ09ma05IY0VvRDFaYmVoN2Y2a0lzWlUtd21lX2x2Z1I4R2pHUFNIMWlXX0Y5X3lUblc5MGswZHBfTElVLUtKQnhEZGJDcXd5ZUlneXF1dFA0QnF5RjlLREdha045N2YxeVBCeTJ6Y2tOREhn?oc=5\" target=\"_blank\" rel=\"nofollow noopener\">\u00ab \u00c7a sent la weed sur le court, il y a du bruit de partout \u00bb : Adrian Mannarino critique les conditions de jeu \u00e0 l\u2019US Open<\/a>&nbsp;&nbsp;Sud Ouest<a href=\"https:\/\/news.google.com\/rss\/articles\/CBMi0gFBVV95cUxQTU1ENEpKTWxlOWs5MHpZV09RakQtX29FTl8wX3U2WGhuVEdMMXpkN1NBMm51bzVrdnNweFVaQlkzcVNQWlYyb0w2MjZ1Y0xVZnRQdi1Nd2Vlc3lvV3FaNXBXLVZocU9XNml2dHJJeU9mRzFBdTdCU3h4X0ZrY1RlMmRncUhIaW01WG1mcERzVTFna1NGV0laelBzWEhnaHV5RU1Gb0kybWNCcnozVThpb3JzakJ2bF95R2ZnT29tSDhIUi1HVjNOWmZPbEFSejhFZmc?oc=5\" target=\"_blank\" rel=\"nofollow noopener\">US Open : Perturb\u00e9e par des odeurs de cannabis, Aryna Sabalenka interrompt son match<\/a>&nbsp;&nbsp;Le Figaro<\/p>\n","protected":false},"excerpt":{"rendered":"\u00ab Quelqu&rsquo;un est en train de fumer de l&rsquo;herbe \u00bb : Aryna Sabalenka interrompt son match \u00e0 l&rsquo;US&hellip;\n","protected":false},"author":2,"featured_media":293430,"comment_status":"","ping_status":"","sticky":false,"template":"","format":"standard","meta":{"footnotes":"","_share_on_mastodon":"0"},"categories":[8],"tags":[16971,16864,125,82,75,23,4344,42963],"class_list":["post-293429","post","type-post","status-publish","format-standard","has-post-thumbnail","category-sports","tag-aryna-sabalenka","tag-breves-et-depeches","tag-redaction","tag-sport-feminin","tag-sports","tag-suisse","tag-tennis","tag-us-open"],"share_on_mastodon":{"url":"https:\/\/pubeurope.com\/@ch_fr\/117220049326632722","error":""},"_links":{"self":[{"href":"https:\/\/www.europesays.com\/ch-fr\/wp-json\/wp\/v2\/posts\/293429","targetHints":{"allow":["GET"]}}],"collection":[{"href":"https:\/\/www.europesays.com\/ch-fr\/wp-json\/wp\/v2\/posts"}],"about":[{"href":"https:\/\/www.europesays.com\/ch-fr\/wp-json\/wp\/v2\/types\/post"}],"author":[{"embeddable":true,"href":"https:\/\/www.europesays.com\/ch-fr\/wp-json\/wp\/v2\/users\/2"}],"replies":[{"embeddable":true,"href":"https:\/\/www.europesays.com\/ch-fr\/wp-json\/wp\/v2\/comments?post=293429"}],"version-history":[{"count":0,"href":"https:\/\/www.europesays.com\/ch-fr\/wp-json\/wp\/v2\/posts\/293429\/revisions"}],"wp:featuredmedia":[{"embeddable":true,"href":"https:\/\/www.europesays.com\/ch-fr\/wp-json\/wp\/v2\/media\/293430"}],"wp:attachment":[{"href":"https:\/\/www.europesays.com\/ch-fr\/wp-json\/wp\/v2\/media?parent=293429"}],"wp:term":[{"taxonomy":"category","embeddable":true,"href":"https:\/\/www.europesays.com\/ch-fr\/wp-json\/wp\/v2\/categories?post=293429"},{"taxonomy":"post_tag","embeddable":true,"href":"https:\/\/www.europesays.com\/ch-fr\/wp-json\/wp\/v2\/tags?post=293429"}],"curies":[{"name":"wp","href":"https:\/\/api.w.org\/{rel}","templated":true}]}}