{"id":293433,"date":"2026-09-05T19:22:14","date_gmt":"2026-09-05T19:22:14","guid":{"rendered":"https:\/\/www.europesays.com\/ch-fr\/293433\/"},"modified":"2026-09-05T19:22:14","modified_gmt":"2026-09-05T19:22:14","slug":"valais-lhotel-fafleralp-rouvre-apres-leboulement-de-blatten","status":"publish","type":"post","link":"https:\/\/www.europesays.com\/ch-fr\/293433\/","title":{"rendered":"Valais : l&rsquo;h\u00f4tel Fafleralp rouvre apr\u00e8s l&rsquo;\u00e9boulement de Blatten"},"content":{"rendered":"<p>Etablissement pris\u00e9 des touristes avant l&rsquo;\u00e9boulement de Blatten en mai 2025, l&rsquo;h\u00f4tel Fafleralp, tout au fond du L\u00f6tschental, a \u00e9t\u00e9 ferm\u00e9 durant de longs mois faute de route d&rsquo;acc\u00e8s. Il a d\u00e9sormais rouvert, surmontant diverses difficult\u00e9s logistiques, et les clients reviennent peu \u00e0 peu.<\/p>\n<p>Barbara Achrainer avait repris les r\u00eanes de l\u2019h\u00f4tel seulement un mois avant que la montagne ne s&rsquo;effondre sur Blatten et sur la route menant \u00e0 Fafleralp. Son \u00e9tablissement a alors imm\u00e9diatement ferm\u00e9 ses portes.<\/p>\n<p>Depuis la fin juin, une route de secours sinueuse conduit \u00e0 nouveau \u00e0 Fafleralp. Pour le grand public, le bus est le seul moyen d&rsquo;atteindre ce havre de paix, \u00e0 moins d&rsquo;entreprendre une marche de 2h30. Mais les clients reviennent peu \u00e0 peu.<\/p>\n<p>Le trajet en bus, qui zigzague au plus pr\u00e8s de l&rsquo;\u00e9boulement, ne laisse personne indiff\u00e9rent entre Wiler et Fafleralp. \u00ab\u00a0Il n&rsquo;y a que les Valaisans pour \u00eatre \u00e0 l&rsquo;aise sur des routes pareilles, ils ont un courage\u00a0\u00bb, sourit une passag\u00e8re. Un autre confie, le regard tourn\u00e9 vers le paysage transform\u00e9: \u00ab\u00a0Mes sentiments sont mitig\u00e9s. La nature est belle, mais aussi cruelle ici.\u00a0\u00bb<\/p>\n<p> &gt;&gt; Le reportage du 19h30\u00a0:   <img decoding=\"async\" class=\"embed-responsive-item\" loading=\"lazy\" src=\"https:\/\/www.europesays.com\/ch-fr\/wp-content\/uploads\/2026\/09\/2e038136-29348478.image.jpeg\" alt=\"L'h\u00f4tel de Fafleralp rouvre apr\u00e8s plus d'un an d'isolement au-del\u00e0 de Blatten\"\/>    L&rsquo;h\u00f4tel de Fafleralp rouvre apr\u00e8s plus d&rsquo;un an d&rsquo;isolement au-del\u00e0 de Blatten \/ 19h30 \/ 2 min. \/ aujourd&rsquo;hui \u00e0 19:30 <\/p>\n<p>&gt;&gt; Le suivi de l&rsquo;\u00e9boulement de mai 2025\u00a0: <a href=\"https:\/\/www.rts.ch\/info\/regions\/valais\/2025\/minute-par-minute\/28897978.html\" data-item-id=\"richtext_link\" rel=\"nofollow noopener\" target=\"_blank\">Le village de Blatten pulv\u00e9ris\u00e9 par l&rsquo;effondrement du glacier du Birch, une personne port\u00e9e disparue<\/a><\/p>\n<p>Gr\u00e2ce aux r\u00e9serves et \u00e0 l&rsquo;aide d&rsquo;une fondation<\/p>\n<p>Samedi dans le 19h30, Barbara Achrainer se souvient des difficult\u00e9s rencontr\u00e9es apr\u00e8s la catastrophe: \u00ab\u00a0Au d\u00e9but, nous n&rsquo;avions pas d&rsquo;\u00e9lectricit\u00e9, donc pas d&rsquo;eau chaude non plus. Nous \u00e9tions bien s\u00fbr coup\u00e9s du r\u00e9seau d&rsquo;\u00e9gouts.\u00a0\u00bb Et d&rsquo;ajouter: \u00ab\u00a0Mais une fois ces urgences r\u00e9gl\u00e9es, nous \u00e9tions toujours injoignables: la route de secours n&rsquo;existait pas l&rsquo;ann\u00e9e derni\u00e8re.\u00a0\u00bb<\/p>\n<p>Pendant la fermeture, Barbara Achrainer a aussi d\u00fb tenir sans le soutien des assurances. La r\u00e9ouverture estivale a \u00e9t\u00e9 rendue possible gr\u00e2ce aux r\u00e9serves financi\u00e8res de l&rsquo;h\u00f4tel et \u00e0 l&rsquo;aide d&rsquo;une fondation.<\/p>\n<p>Contenu externe<\/p>\n<p> Ce contenu externe ne peut pas \u00eatre affich\u00e9 car il est susceptible de collecter des donn\u00e9es personnelles. Pour voir ce contenu vous devez autoriser la cat\u00e9gorie Infographies. <\/p>\n<p> Accepter Plus d&rsquo;info <\/p>\n<p>    Le d\u00e9fi de l&rsquo;approvisionnement en cuisine<\/p>\n<p>Aujourd&rsquo;hui, si l&rsquo;h\u00f4tel a rouvert, les d\u00e9fis logistiques p\u00e8sent aussi sur les cuisines. Le chef Laurent Huber, qui poss\u00e9dait un h\u00f4tel, mais qui a \u00e9t\u00e9 d\u00e9truit par la catastrophe, est aux fourneaux. Aujourd&rsquo;hui, ses clients peuvent \u00e0 nouveau savourer ses plats. Mais sans la route cantonale, il faut redoubler de flexibilit\u00e9.<\/p>\n<p>\u00ab\u00a0Aucun fournisseur ne monte jusqu&rsquo;ici, c&rsquo;est impossible pour leurs camions\u00a0\u00bb, explique le chef. \u00ab\u00a0Ils d\u00e9posent la marchandise dans une remorque r\u00e9frig\u00e9r\u00e9e et je vais la r\u00e9cup\u00e9rer tous les jours. La derni\u00e8re fois, j&rsquo;avais command\u00e9 des crevettes, j&rsquo;ai re\u00e7u des filets de loup&#8230; le livreur s&rsquo;\u00e9tait tromp\u00e9 de carton.\u00a0\u00bb<\/p>\n<p>Pourtant, les clients rencontr\u00e9s sur place disent ne pas ressentir ces difficult\u00e9s. Un groupe d&rsquo;amis, qui a connu l&rsquo;h\u00f4tel avant l&rsquo;\u00e9boulement, pr\u00e9cise: \u00ab\u00a0Cela n&rsquo;a pas vraiment chang\u00e9, quand on arrive c&rsquo;est toujours aussi beau qu&rsquo;avant.\u00a0\u00bb<\/p>\n<p> <img decoding=\"async\" src=\"https:\/\/www.europesays.com\/ch-fr\/wp-content\/uploads\/2026\/09\/53c0ebe7-29348517.image.png\" alt=\"Une personne prend en photo l'\u00e9boulement de Blatten depuis le car menant \u00e0 Fafleralp. [Keystone - Cyril Zingaro]\" title=\"Une personne prend en photo l'\u00e9boulement de Blatten depuis le car menant \u00e0 Fafleralp. [Keystone - Cyril Zingaro]\" loading=\"lazy\"\/>  Une personne prend en photo l&rsquo;\u00e9boulement de Blatten depuis le car menant \u00e0 Fafleralp. [Keystone &#8211; Cyril Zingaro] <\/p>\n<p class=\"sources\">Sujet TV: Mathias D\u00e9l\u00e9troz<\/p>\n<p class=\"credit\">Adaptation web: France-Anne Landry<\/p>\n","protected":false},"excerpt":{"rendered":"Etablissement pris\u00e9 des touristes avant l&rsquo;\u00e9boulement de Blatten en mai 2025, l&rsquo;h\u00f4tel Fafleralp, tout au fond du L\u00f6tschental,&hellip;\n","protected":false},"author":2,"featured_media":293434,"comment_status":"","ping_status":"","sticky":false,"template":"","format":"standard","meta":{"footnotes":"","_share_on_mastodon":"0"},"categories":[3],"tags":[18803,339,63993,4242,344,345,63994,347,23088,23,349,6157,274,351,352],"class_list":["post-293433","post","type-post","status-publish","format-standard","has-post-thumbnail","category-suisse","tag-blatten","tag-canton-du-valais","tag-demi-district-de-rarogne-occidental","tag-eboulement","tag-economie-et-finances","tag-etablissement-hotelier","tag-fafleralp","tag-loisirs","tag-lotschental","tag-suisse","tag-tourisme-et-loisirs","tag-touriste","tag-valais","tag-vie-quotidienne-et-loisirs","tag-voyages"],"share_on_mastodon":{"url":"https:\/\/pubeurope.com\/@ch_fr\/117220065249201883","error":""},"_links":{"self":[{"href":"https:\/\/www.europesays.com\/ch-fr\/wp-json\/wp\/v2\/posts\/293433","targetHints":{"allow":["GET"]}}],"collection":[{"href":"https:\/\/www.europesays.com\/ch-fr\/wp-json\/wp\/v2\/posts"}],"about":[{"href":"https:\/\/www.europesays.com\/ch-fr\/wp-json\/wp\/v2\/types\/post"}],"author":[{"embeddable":true,"href":"https:\/\/www.europesays.com\/ch-fr\/wp-json\/wp\/v2\/users\/2"}],"replies":[{"embeddable":true,"href":"https:\/\/www.europesays.com\/ch-fr\/wp-json\/wp\/v2\/comments?post=293433"}],"version-history":[{"count":0,"href":"https:\/\/www.europesays.com\/ch-fr\/wp-json\/wp\/v2\/posts\/293433\/revisions"}],"wp:featuredmedia":[{"embeddable":true,"href":"https:\/\/www.europesays.com\/ch-fr\/wp-json\/wp\/v2\/media\/293434"}],"wp:attachment":[{"href":"https:\/\/www.europesays.com\/ch-fr\/wp-json\/wp\/v2\/media?parent=293433"}],"wp:term":[{"taxonomy":"category","embeddable":true,"href":"https:\/\/www.europesays.com\/ch-fr\/wp-json\/wp\/v2\/categories?post=293433"},{"taxonomy":"post_tag","embeddable":true,"href":"https:\/\/www.europesays.com\/ch-fr\/wp-json\/wp\/v2\/tags?post=293433"}],"curies":[{"name":"wp","href":"https:\/\/api.w.org\/{rel}","templated":true}]}}