{"id":293439,"date":"2026-09-05T19:27:31","date_gmt":"2026-09-05T19:27:31","guid":{"rendered":"https:\/\/www.europesays.com\/ch-fr\/293439\/"},"modified":"2026-09-05T19:27:31","modified_gmt":"2026-09-05T19:27:31","slug":"cs-interstar-lance-la-premiere-ecole-de-foot-feminine-a-geneve","status":"publish","type":"post","link":"https:\/\/www.europesays.com\/ch-fr\/293439\/","title":{"rendered":"CS Interstar lance la premi\u00e8re \u00e9cole de foot f\u00e9minine \u00e0 Gen\u00e8ve"},"content":{"rendered":"<p><img loading=\"lazy\" decoding=\"async\" src=\"https:\/\/www.europesays.com\/ch-fr\/wp-content\/uploads\/2026\/09\/9d545c04-176f-4823-8b6f-fc22e578ba47.jpg\" alt=\"Assiyah et Alliyah, 8 ans, joueuses de l'\u00e9cole de football du CS Interstar, avec Marianne Rossier, responsable de la structure, vendredi au stade de Varemb\u00e9.\" title=\"Assiyah et Alliyah, 8 ans, joueuses de l'\u00e9cole de football du CS Interstar, avec Marianne Rossier, responsable de la structure, vendredi au stade de Varemb\u00e9.\"  width=\"1200\" height=\"900\"\/>Assiyah et Alliyah, 8 ans, joueuses de l&rsquo;\u00e9cole de football du CS Interstar, avec Marianne Rossier, responsable de la structure, vendredi au stade de Varemb\u00e9.20min\/jef<\/p>\n<p type=\"textBlockArray\" class=\"sc-96fb0400-2 bwOXSg\">C&rsquo;est une premi\u00e8re genevoise. Il existe depuis cette semaine une \u00e9cole de football 100% f\u00e9minine. Jusqu&rsquo;\u00e0 pr\u00e9sent, \u00e0 cet \u00e2ge-l\u00e0, soit 4 \u00e0 8 ans, les filles pouvaient bien s\u00fbr rejoindre un club, mais elles \u00e9taient m\u00e9lang\u00e9es avec les gar\u00e7ons, donc tr\u00e8s minoritaires \u2013 une configuration pas terrible pour se sentir \u00e0 l&rsquo;aise, susceptible d&rsquo;en d\u00e9courager certaines. La nouvelle structure a \u00e9t\u00e9 cr\u00e9\u00e9e par le CS Interstar, bas\u00e9 au stade de Varemb\u00e9, avec le soutien financier de la Ville de Gen\u00e8ve.<\/p>\n<p type=\"textBlockArray\" class=\"sc-96fb0400-2 bwOXSg\">\u00abOn a constat\u00e9 que les filles avaient beaucoup de peine \u00e0 d\u00e9marrer tr\u00e8s t\u00f4t, observe le pr\u00e9sident du club, Omer Ibrahimof. Elles commencent plut\u00f4t entre 11 et 13 ans\u00bb, un \u00e2ge o\u00f9 existent des \u00e9quipes strictement f\u00e9minines. D&rsquo;o\u00f9 l&rsquo;id\u00e9e de placer les plus jeunes \u00abdans une zone de s\u00e9curit\u00e9, \u00e0 elles. On tente le coup. On les s\u00e9pare des gar\u00e7ons et on regarde. On va \u00eatre patient.\u00bb<\/p>\n<p>Objectif: r\u00e9unir soixante fillettes<\/p>\n<p type=\"textBlockArray\" class=\"sc-96fb0400-2 bwOXSg\">Mercredi, la premi\u00e8re session a r\u00e9uni douze fillettes, mais \u00abl&rsquo;objectif, c&rsquo;est d&rsquo;atteindre soixante\u00bb, et de pouvoir faire de petits groupes d&rsquo;au maximum dix \u00e0 quinze joueuses, r\u00e9parties par \u00e2ge, explique Marianne Rossier, la responsable technique de l&rsquo;\u00e9cole de football des moins de 11 ans (FF11) et des moins de 14 ans (FF14), embauch\u00e9e sp\u00e9cialement pour d\u00e9velopper le football f\u00e9minin \u00e0 Varemb\u00e9, gr\u00e2ce une subvention de la Municipalit\u00e9.<\/p>\n<p>\u00c0 moyen terme, le r\u00eave d&rsquo;une acad\u00e9mie f\u00e9minine<\/p>\n<p type=\"textBlockArray\" class=\"sc-96fb0400-2 bwOXSg\">\u00abNous avions toujours dit que le succ\u00e8s de l&rsquo;Eurofoot f\u00e9minin, en 2025, ne devait pas juste \u00eatre ponctuel, qu&rsquo;il devait en rester quelque chose pour le football f\u00e9minin \u00e0 Gen\u00e8ve\u00bb, explique la conseill\u00e8re administrative Marie Barbey-Chappuis. La disparition de l&rsquo;Olympique de Gen\u00e8ve, qui \u00e9voluait aussi \u00e0 Varemb\u00e9 comme le CS Interstar, a repr\u00e9sent\u00e9 une opportunit\u00e9. \u00abDes surfaces de jeu devenaient disponibles. Il fallait que cela b\u00e9n\u00e9ficie au football f\u00e9minin, en manque de terrains et de cr\u00e9neaux.\u00bb<\/p>\n<p type=\"textBlockArray\" class=\"sc-96fb0400-2 bwOXSg\">La magistrate est persuad\u00e9e que cette \u00e9cole de foot \u00abva permettre au football f\u00e9minin de progresser\u00bb, et elle voit plus grand, \u00e0 moyen terme. \u00abIl s&rsquo;agit d&rsquo;une premi\u00e8re pierre, qui lance une dynamique. L&rsquo;id\u00e9e serait de pouvoir cr\u00e9er une v\u00e9ritable acad\u00e9mie f\u00e9minine \u00e0 Varemb\u00e9. On sent qu&rsquo;il y a une attente.\u00bb<\/p>\n<p class=\"sc-d91866bb-4 bFMTkB\">\u00abL&rsquo;objectif, c&rsquo;est que les filles se disent: le foot n&rsquo;est pas un sport de gar\u00e7on. Si je veux commencer \u00e0 8 ans ou avant, je peux.\u00bb<\/p>\n<p>Marianne Rossier, responsable de l&rsquo;\u00e9cole de football<\/p>\n<p type=\"textBlockArray\" class=\"sc-96fb0400-2 bwOXSg\">Assiyah et Alliyah, timides jumelles de 8 ans, ne voient pas aussi loin, mais paraissent ravies d&rsquo;\u00eatre \u00abjuste entre filles. On pr\u00e9f\u00e8re.\u00bb L&rsquo;an pass\u00e9, elles n&rsquo;\u00e9taient que quatre au milieu des gar\u00e7ons de l&rsquo;\u00e9cole de football. \u00abIls \u00e9taient beaucoup.\u00bb Marianne Rossier estime que \u00abc&rsquo;\u00e9tait le moment ou jamais\u00bb de lancer une telle initiative. \u00abL&rsquo;objectif, c&rsquo;est que les filles se disent: le foot n&rsquo;est pas un sport de gar\u00e7on. Si je veux commencer \u00e0 8 ans ou avant, je peux.\u00bb<\/p>\n<p>En dix ans, un d\u00e9veloppement fou<\/p>\n<p type=\"textBlockArray\" class=\"sc-96fb0400-2 bwOXSg\">La responsable compte d\u00e9sormais sur le bouche \u00e0 oreille pour remplir l&rsquo;\u00e9cole. \u00abLe but, c&rsquo;est que les filles, dont certaines, \u00e0 cet \u00e2ge, sont aussi fortes que les gar\u00e7ons, fassent leurs classes ici, puis qu&rsquo;elles int\u00e8grent les actives. D&rsquo;ici quelques saisons, on les verra en premi\u00e8re \u00e9quipe\u00bb, qui \u00e9volue en 2e ligue interr\u00e9gionale. \u00abPour nous, les former est une r\u00e9ussite.\u00bb<\/p>\n<p type=\"textBlockArray\" class=\"sc-96fb0400-2 bwOXSg\">Tout sourire, Jennifer Lucimba, l&rsquo;entra\u00eeneuse de l&rsquo;\u00e9cole de football, qui coache aussi les filles de moins de 17\u00a0ans (FF17), arrive \u00e0 Varemb\u00e9. \u00abIl y a dix ans, ici, il y avait juste une \u00e9quipe de juniors et une d&rsquo;actifs. On n&rsquo;aurait jamais pens\u00e9 que le foot f\u00e9minin prendrait une telle ampleur!\u00bb<\/p>\n<p><a href=\"https:\/\/www.20min.ch\/fr\/auteurs\/71956806\/jerome-faas\" rel=\"nofollow noopener\" target=\"_blank\"><img decoding=\"async\" alt=\"J\u00e9r\u00f4me Faas\" src=\"https:\/\/www.europesays.com\/ch-fr\/wp-content\/uploads\/2026\/09\/1788636451_283_e55c0ef9-a8e1-49d2-81f8-dbbfed305847.jpeg\" class=\"sc-4c39d813-1 hkoNGh\"\/><\/a><\/p>\n<p class=\"sc-f19a47c0-1 jKqFcj\">J\u00e9r\u00f4me Faas (jef), n\u00e9 en 1976, est journaliste et responsable adjoint de la rubrique R\u00e9gions de 20 Minutes, titre qu&rsquo;il a rejoint en 2012.<\/p>\n","protected":false},"excerpt":{"rendered":"Assiyah et Alliyah, 8 ans, joueuses de l&rsquo;\u00e9cole de football du CS Interstar, avec Marianne Rossier, responsable de&hellip;\n","protected":false},"author":2,"featured_media":293440,"comment_status":"","ping_status":"","sticky":false,"template":"","format":"standard","meta":{"footnotes":"","_share_on_mastodon":"0"},"categories":[17],"tags":[170,169,23],"class_list":["post-293439","post","type-post","status-publish","format-standard","has-post-thumbnail","category-geneve","tag-geneva","tag-geneve","tag-suisse"],"share_on_mastodon":{"url":"https:\/\/pubeurope.com\/@ch_fr\/117220085155375903","error":""},"_links":{"self":[{"href":"https:\/\/www.europesays.com\/ch-fr\/wp-json\/wp\/v2\/posts\/293439","targetHints":{"allow":["GET"]}}],"collection":[{"href":"https:\/\/www.europesays.com\/ch-fr\/wp-json\/wp\/v2\/posts"}],"about":[{"href":"https:\/\/www.europesays.com\/ch-fr\/wp-json\/wp\/v2\/types\/post"}],"author":[{"embeddable":true,"href":"https:\/\/www.europesays.com\/ch-fr\/wp-json\/wp\/v2\/users\/2"}],"replies":[{"embeddable":true,"href":"https:\/\/www.europesays.com\/ch-fr\/wp-json\/wp\/v2\/comments?post=293439"}],"version-history":[{"count":0,"href":"https:\/\/www.europesays.com\/ch-fr\/wp-json\/wp\/v2\/posts\/293439\/revisions"}],"wp:featuredmedia":[{"embeddable":true,"href":"https:\/\/www.europesays.com\/ch-fr\/wp-json\/wp\/v2\/media\/293440"}],"wp:attachment":[{"href":"https:\/\/www.europesays.com\/ch-fr\/wp-json\/wp\/v2\/media?parent=293439"}],"wp:term":[{"taxonomy":"category","embeddable":true,"href":"https:\/\/www.europesays.com\/ch-fr\/wp-json\/wp\/v2\/categories?post=293439"},{"taxonomy":"post_tag","embeddable":true,"href":"https:\/\/www.europesays.com\/ch-fr\/wp-json\/wp\/v2\/tags?post=293439"}],"curies":[{"name":"wp","href":"https:\/\/api.w.org\/{rel}","templated":true}]}}