{"id":293453,"date":"2026-09-05T19:41:17","date_gmt":"2026-09-05T19:41:17","guid":{"rendered":"https:\/\/www.europesays.com\/ch-fr\/293453\/"},"modified":"2026-09-05T19:41:17","modified_gmt":"2026-09-05T19:41:17","slug":"champions-hockey-league-fribourg-avec-neuenschwander-dans-les-buts-mais-sans-bertschy-et-reber","status":"publish","type":"post","link":"https:\/\/www.europesays.com\/ch-fr\/293453\/","title":{"rendered":"CHAMPIONS HOCKEY LEAGUE &#8211; Fribourg avec Neuenschwander dans les buts, mais sans Bertschy et Reber"},"content":{"rendered":"<p class=\"wp-block-paragraph\">Apr\u00e8s avoir tous deux ouvert leur campagne europ\u00e9enne par une victoire, Fribourg-Gott\u00e9ron et le KAC Klagenfurt se retrouvent avec l\u2019ambition de poursuivre sur leur lanc\u00e9e. Les Dragons ont d\u00fb attendre la fin de rencontre pour faire la diff\u00e9rence face aux Graz99ers (4-2), tandis que les Autrichiens ont eu besoin de la prolongation pour venir \u00e0 bout des Bordeaux Boxers (2-1). Du c\u00f4t\u00e9 de Klagenfurt, Bordeaux avait pourtant frapp\u00e9 en premier. Quentin Tomasino avait ouvert la marque au premier tiers, obligeant les Autrichiens \u00e0 courir apr\u00e8s le score. Leur r\u00e9action s\u2019est finalement concr\u00e9tis\u00e9e \u00e0 la 33e minute gr\u00e2ce \u00e0 Thimo Nickl, qui a remis les deux \u00e9quipes \u00e0 \u00e9galit\u00e9. Graz99ers avait pourtant r\u00e9ussi \u00e0 rester au contact des Fribourgeois durant une grande partie de la rencontre. Mais les Suisses ont parfaitement r\u00e9agi aux moments importants. Yannick Rathgeb a d\u00e9bloqu\u00e9 la situation avant qu\u2019Anthony Richard ne donne davantage de marge \u00e0 son \u00e9quipe. La d\u00e9cision est ensuite intervenue durant la prolongation. En sup\u00e9riorit\u00e9 num\u00e9rique, Nicholas Petersen a trouv\u00e9 l\u2019ouverture et offert au KAC le point suppl\u00e9mentaire synonyme de victoire.<\/p>\n<p class=\"wp-block-paragraph\">Face \u00e0 Fribourg, la formation autrichienne devra toutefois se m\u00e9fier d\u2019une \u00e9quipe qui a d\u00e9montr\u00e9 face \u00e0 Graz sa capacit\u00e9 \u00e0 exploiter rapidement les espaces. Les Dragons ont su faire preuve d\u2019efficacit\u00e9 lorsque les opportunit\u00e9s se sont pr\u00e9sent\u00e9es et pourront notamment compter sur leur capacit\u00e9 \u00e0 transformer les occasions en buts. C\u2019est un objectif clair pos\u00e9 par le coach Roger R\u00f6nnberg qui alignera encore une \u00e9quipe jeune \u00e0 Klagenfurt. Lex absences de Christoph Bertschy et Jamiro Reber sont confirm\u00e9es. Un moment incertain, Marcus S\u00f6rensen sera sur la glace, tout comme Elijah Neuenschwander qui prendra place devant les filets fribourgeois. <\/p>\n","protected":false},"excerpt":{"rendered":"Apr\u00e8s avoir tous deux ouvert leur campagne europ\u00e9enne par une victoire, Fribourg-Gott\u00e9ron et le KAC Klagenfurt se retrouvent&hellip;\n","protected":false},"author":2,"featured_media":293454,"comment_status":"","ping_status":"","sticky":false,"template":"","format":"standard","meta":{"footnotes":"","_share_on_mastodon":"0"},"categories":[4],"tags":[22,24680,8186,63995,211,14892,36184,21,2413,23],"class_list":["post-293453","post","type-post","status-publish","format-standard","has-post-thumbnail","category-actualites","tag-actualites","tag-chl","tag-christoph-bertschy","tag-elijah-neuenschwander","tag-fribourg","tag-jamiro-reber","tag-klagenfurt","tag-news","tag-presentation","tag-suisse"],"share_on_mastodon":{"url":"https:\/\/pubeurope.com\/@ch_fr\/117220139716747634","error":""},"_links":{"self":[{"href":"https:\/\/www.europesays.com\/ch-fr\/wp-json\/wp\/v2\/posts\/293453","targetHints":{"allow":["GET"]}}],"collection":[{"href":"https:\/\/www.europesays.com\/ch-fr\/wp-json\/wp\/v2\/posts"}],"about":[{"href":"https:\/\/www.europesays.com\/ch-fr\/wp-json\/wp\/v2\/types\/post"}],"author":[{"embeddable":true,"href":"https:\/\/www.europesays.com\/ch-fr\/wp-json\/wp\/v2\/users\/2"}],"replies":[{"embeddable":true,"href":"https:\/\/www.europesays.com\/ch-fr\/wp-json\/wp\/v2\/comments?post=293453"}],"version-history":[{"count":0,"href":"https:\/\/www.europesays.com\/ch-fr\/wp-json\/wp\/v2\/posts\/293453\/revisions"}],"wp:featuredmedia":[{"embeddable":true,"href":"https:\/\/www.europesays.com\/ch-fr\/wp-json\/wp\/v2\/media\/293454"}],"wp:attachment":[{"href":"https:\/\/www.europesays.com\/ch-fr\/wp-json\/wp\/v2\/media?parent=293453"}],"wp:term":[{"taxonomy":"category","embeddable":true,"href":"https:\/\/www.europesays.com\/ch-fr\/wp-json\/wp\/v2\/categories?post=293453"},{"taxonomy":"post_tag","embeddable":true,"href":"https:\/\/www.europesays.com\/ch-fr\/wp-json\/wp\/v2\/tags?post=293453"}],"curies":[{"name":"wp","href":"https:\/\/api.w.org\/{rel}","templated":true}]}}