{"id":293461,"date":"2026-09-05T19:55:13","date_gmt":"2026-09-05T19:55:13","guid":{"rendered":"https:\/\/www.europesays.com\/ch-fr\/293461\/"},"modified":"2026-09-05T19:55:13","modified_gmt":"2026-09-05T19:55:13","slug":"gaza-le-football-pour-redonner-espoir-aux-jeunes-amputes","status":"publish","type":"post","link":"https:\/\/www.europesays.com\/ch-fr\/293461\/","title":{"rendered":"Gaza: le football pour redonner espoir aux jeunes amput\u00e9s"},"content":{"rendered":"<p>Avec la violence des bombardements et l&rsquo;effondrement du syst\u00e8me de sant\u00e9, Gaza est devenue la zone comptant le plus grand nombre d&rsquo;enfants amput\u00e9s par habitant au monde. L&rsquo;Association palestinienne de football pour amput\u00e9s tente de redonner un avenir \u00e0 ces jeunes en les ramenant sur les terrains.<\/p>\n<p>Pour Malak Isma\u00efl Al-Ghoul, une jeune Gazaouie, l&rsquo;entra\u00eenement hebdomadaire de football lui permet d&rsquo;oublier la nuit du 3 mars 2024. \u00ab\u00a0On va jouer au foot, on a entra\u00eenement, pour ensuite participer \u00e0 des tournois\u00a0\u00bb, confie-t-elle samedi au micro du 19h30. Mais pour pratiquer le sport le plus populaire de l&rsquo;enclave sous blocus, elle doit parcourir des kilom\u00e8tres \u00e0 travers les ruines. L&rsquo;immense majorit\u00e9 des infrastructures de foot ont en effet \u00e9t\u00e9 d\u00e9truites par l&rsquo;arm\u00e9e isra\u00e9lienne.<\/p>\n<p>Le trajet est particuli\u00e8rement \u00e9prouvant. Khaled Jebril, coach de l&rsquo;Association palestinienne de football pour amput\u00e9s (PAFA) t\u00e9moigne de cette \u00e9preuve: \u00ab\u00a0Le d\u00e9placement des personnes handicap\u00e9es est tr\u00e8s, tr\u00e8s, tr\u00e8s difficile, que ce soit avec une b\u00e9quille, un fauteuil roulant ou d&rsquo;autres moyens d&rsquo;assistance.\u00a0\u00bb<\/p>\n<p> &gt;&gt; Voir le sujet du 19h30\u00a0:   <img decoding=\"async\" class=\"embed-responsive-item\" loading=\"lazy\" src=\"https:\/\/www.europesays.com\/ch-fr\/wp-content\/uploads\/2026\/09\/173a0450-29348476.image.jpeg\" alt=\"A Gaza, une association redonne espoir aux jeunes amput\u00e9s gr\u00e2ce au football\"\/>    A Gaza, une association redonne espoir aux jeunes amput\u00e9s gr\u00e2ce au football \/ 19h30 \/ 3 min. \/ aujourd&rsquo;hui \u00e0 19:30 S&rsquo;approprier un nouveau corps<\/p>\n<p>Malak, Minnah et Sama portent dans leur chair les traces d&rsquo;une guerre qu&rsquo;une commission de l&rsquo;ONU a qualifi\u00e9e de g\u00e9nocide. Toutes trois ont \u00e9t\u00e9 amput\u00e9es d&rsquo;une jambe. Depuis deux mois, elles apprennent \u00e0 s&rsquo;approprier leur nouveau corps dans cette \u00e9quipe f\u00e9minine qui vient d&rsquo;\u00eatre lanc\u00e9e par la PAFA. Fond\u00e9e en 2018, l&rsquo;association n&rsquo;a jamais enregistr\u00e9 autant d&rsquo;inscriptions.<\/p>\n<p>Sur le terrain, l&rsquo;ambiance est \u00e0 la reconstruction. \u00ab\u00a0Aujourd&rsquo;hui, on est des gardiens de but. \u00c7a veut dire quoi? \u00c7a veut dire que vous faites partie de l&rsquo;\u00e9quipe nationale et que vous allez voyager pour repr\u00e9senter la Palestine \u00e0 l&rsquo;\u00e9tranger\u00a0\u00bb, lance le coach pour motiver les troupes.<\/p>\n<p>Apr\u00e8s pr\u00e8s de trois ans de guerre, des milliers de jeunes Gazaouis souffrent d&rsquo;une profonde d\u00e9socialisation. Pour cette \u00e9quipe, le plus dur est souvent d&rsquo;affronter le regard des autres. C&rsquo;est l\u00e0 qu&rsquo;intervient le coach Khaled Almabhouh: \u00ab\u00a0A travers le sport, on les aide \u00e0 retrouver l&rsquo;estime d&rsquo;eux-m\u00eames et \u00e0 compenser \u00e9norm\u00e9ment de choses qu&rsquo;ils ont perdues.\u00a0\u00bb<\/p>\n<p> <img decoding=\"async\" src=\"https:\/\/www.europesays.com\/ch-fr\/wp-content\/uploads\/2026\/09\/1eadbe43-29348511.image.png\" alt=\"Pour atteindre les infrastructures sportives, les enfants doivent parcourir des kilom\u00e8tres \u00e0 travers les ruines.\" title=\"Pour atteindre les infrastructures sportives, les enfants doivent parcourir des kilom\u00e8tres \u00e0 travers les ruines.\" loading=\"lazy\"\/>  Pour atteindre les infrastructures sportives, les enfants doivent parcourir des kilom\u00e8tres \u00e0 travers les ruines. Oublier la guerre le temps d&rsquo;un match<\/p>\n<p>L&rsquo;association a pour ambition de monter une \u00e9quipe qui pourra jouer \u00e0 l&rsquo;international, mais les obstacles restent immenses, explique Fouad Ibrahim Galion, fondateur et directeur de la PAFA: \u00ab\u00a0Ces enfants peuvent jouer et s&rsquo;entra\u00eener, mais qu&rsquo;est-ce qu&rsquo;il y a apr\u00e8s ces efforts locaux? Il n&rsquo;y a pas de possibilit\u00e9 de faire des tournois r\u00e9guliers, car il n&rsquo;y a ni s\u00e9curit\u00e9, ni emploi.\u00a0\u00bb<\/p>\n<p>Le foot est la premi\u00e8re \u00e9tape d&rsquo;une reconstruction physique et psychologique qui prendra des ann\u00e9es dans le Gaza actuel. \u00ab\u00a0J&rsquo;ai l&rsquo;impression que je me d\u00e9connecte quand je suis sur le terrain. Je ne pense qu&rsquo;\u00e0 jouer. Cela me rassure, car je ne pense plus aux bombardements ni aux roquettes et \u00e7a me fait oublier que j&rsquo;ai perdu une partie de mon corps\u00a0\u00bb, raconte Malak.<\/p>\n<p>Le parcours de Malak est marqu\u00e9 par le traumatisme. Alors qu&rsquo;elle assi\u00e9geait la ville, l&rsquo;arm\u00e9e isra\u00e9lienne a d\u00e9truit la maison dans laquelle sa famille avait trouv\u00e9 refuge. Elle et sa belle-m\u00e8re sont rest\u00e9es 14 heures prisonni\u00e8res des gravats. \u00ab\u00a0Ma belle-m\u00e8re a appel\u00e9 les Isra\u00e9liens pour qu&rsquo;ils nous aident ou qu&rsquo;ils nous tirent dessus. On ne pouvait plus supporter d&rsquo;\u00eatre enfouies sous les d\u00e9combres\u00a0\u00bb, raconte-t-elle. L&rsquo;arm\u00e9e isra\u00e9lienne leur a finalement port\u00e9 assistance, avant de les \u00e9vacuer de la zone.<\/p>\n<p>\u00ab\u00a0Maltraitance m\u00e9dicale\u00a0\u00bb<\/p>\n<p>Malak subit ensuite ce qu&rsquo;elle qualifie de \u00ab\u00a0maltraitance m\u00e9dicale\u00a0\u00bb dans un h\u00f4pital gazaoui satur\u00e9, ce qui lui co\u00fbtera sa jambe droite.<\/p>\n<p>S&rsquo;ensuivent la d\u00e9pression et l&rsquo;enfer des d\u00e9placements forc\u00e9s en b\u00e9quilles. \u00ab\u00a0Juste apr\u00e8s, le foot est entr\u00e9 dans sa vie\u00a0\u00bb, explique sa belle-m\u00e8re. \u00ab\u00a0C&rsquo;\u00e9tait un timing parfait. Elle allait sombrer, mais depuis qu&rsquo;elle y participe, elle a compl\u00e8tement chang\u00e9 et est devenue une autre personne.\u00a0\u00bb<\/p>\n<p>Aujourd&rsquo;hui, Malak esp\u00e8re pouvoir quitter Gaza pour obtenir une proth\u00e8se et des soins adapt\u00e9s, une reconstruction impossible dans l&rsquo;enclave d\u00e9vast\u00e9e.<\/p>\n<p class=\"sources\">Sujet TV: Sol\u00e8ne Gripon<\/p>\n<p class=\"credit\">Adaptation web: France-Anne Landry<\/p>\n","protected":false},"excerpt":{"rendered":"Avec la violence des bombardements et l&rsquo;effondrement du syst\u00e8me de sant\u00e9, Gaza est devenue la zone comptant le&hellip;\n","protected":false},"author":2,"featured_media":293462,"comment_status":"","ping_status":"","sticky":false,"template":"","format":"standard","meta":{"footnotes":"","_share_on_mastodon":"0"},"categories":[8],"tags":[2367,1995,1156,8411,164,182,1996,3110,418,1159,421,17820,84,238,186,75,23,1834,443,1644],"class_list":["post-293461","post","type-post","status-publish","format-standard","has-post-thumbnail","category-sports","tag-bande-de-gaza","tag-bombardement","tag-centre-de-soins","tag-defaillance-structurale","tag-enfant","tag-football","tag-guerre","tag-guerre-au-proche-orient","tag-habitant","tag-hopitaux-et-cliniques","tag-monde","tag-reconstruction","tag-sante","tag-societe","tag-sport","tag-sports","tag-suisse","tag-systeme-de-sante","tag-victime","tag-violence"],"share_on_mastodon":{"url":"https:\/\/pubeurope.com\/@ch_fr\/117220195123585171","error":""},"_links":{"self":[{"href":"https:\/\/www.europesays.com\/ch-fr\/wp-json\/wp\/v2\/posts\/293461","targetHints":{"allow":["GET"]}}],"collection":[{"href":"https:\/\/www.europesays.com\/ch-fr\/wp-json\/wp\/v2\/posts"}],"about":[{"href":"https:\/\/www.europesays.com\/ch-fr\/wp-json\/wp\/v2\/types\/post"}],"author":[{"embeddable":true,"href":"https:\/\/www.europesays.com\/ch-fr\/wp-json\/wp\/v2\/users\/2"}],"replies":[{"embeddable":true,"href":"https:\/\/www.europesays.com\/ch-fr\/wp-json\/wp\/v2\/comments?post=293461"}],"version-history":[{"count":0,"href":"https:\/\/www.europesays.com\/ch-fr\/wp-json\/wp\/v2\/posts\/293461\/revisions"}],"wp:featuredmedia":[{"embeddable":true,"href":"https:\/\/www.europesays.com\/ch-fr\/wp-json\/wp\/v2\/media\/293462"}],"wp:attachment":[{"href":"https:\/\/www.europesays.com\/ch-fr\/wp-json\/wp\/v2\/media?parent=293461"}],"wp:term":[{"taxonomy":"category","embeddable":true,"href":"https:\/\/www.europesays.com\/ch-fr\/wp-json\/wp\/v2\/categories?post=293461"},{"taxonomy":"post_tag","embeddable":true,"href":"https:\/\/www.europesays.com\/ch-fr\/wp-json\/wp\/v2\/tags?post=293461"}],"curies":[{"name":"wp","href":"https:\/\/api.w.org\/{rel}","templated":true}]}}