{"id":293467,"date":"2026-09-05T20:00:10","date_gmt":"2026-09-05T20:00:10","guid":{"rendered":"https:\/\/www.europesays.com\/ch-fr\/293467\/"},"modified":"2026-09-05T20:00:10","modified_gmt":"2026-09-05T20:00:10","slug":"un-anglais-mene-la-danse-avant-le-denouement-a-crans-montana","status":"publish","type":"post","link":"https:\/\/www.europesays.com\/ch-fr\/293467\/","title":{"rendered":"Un Anglais m\u00e8ne la danse avant le d\u00e9nouement \u00e0 Crans-Montana"},"content":{"rendered":"<p><img loading=\"lazy\" decoding=\"async\" src=\"https:\/\/www.europesays.com\/ch-fr\/wp-content\/uploads\/2026\/09\/c803ce9e-5fa2-40b8-8bab-9e985504121c.jpg\" alt=\"Paul Casey ici en action \u00e0 Crans-Montana jeudi 3 septembre 2026.\" title=\"Paul Casey ici en action \u00e0 Crans-Montana jeudi 3 septembre 2026.\"  width=\"1200\" height=\"948\"\/>Paul Casey ici en action \u00e0 Crans-Montana jeudi 3 septembre 2026.IMAGO\/ZUMA Press Wire<\/p>\n<p type=\"textBlockArray\" class=\"sc-96fb0400-2 bwOXSg\">L\u2019Anglais Paul Casey compte trois coups d\u2019avance sur un quatuor et six sur le Suisse Joel Girrbach avant le dernier jour de l&rsquo;Omega European Masters.<\/p>\n<p type=\"textBlockArray\" class=\"sc-96fb0400-2 bwOXSg\">Casey, ex-No 3 mondial (en 2009) d\u00e9sormais \u00e2g\u00e9 de 49 ans, a rendu une carte de -7 samedi sur les fairways de Crans-Montana. Tout le contraire du Sud-Africain Thriston Lawrence, leader samedi matin mais qui a termin\u00e9 trois coups au-dessus du par pour redescendre au 10e rang provisoire.<\/p>\n<p type=\"textBlockArray\" class=\"sc-96fb0400-2 bwOXSg\">Ce 10e rang est occup\u00e9 par 14 golfeurs qui pointent tous \u00e0 six coups du nouveau leader. Parmi eux se trouve le Thurgovien Joel Girrbach, dernier Suisse en lice et qui a rendu une carte de -3 apr\u00e8s son excellent -7 de vendredi.<\/p>\n<p type=\"textBlockArray\" class=\"sc-96fb0400-2 bwOXSg\">Il faudra un exploit pour que Girrbach, qui avait termin\u00e9 7e l\u2019an dernier, revienne sur la t\u00eate. Quatre hommes peuvent raisonnablement esp\u00e9rer faire chuter Casey: l\u2019Autrichien Maximilian Steinlechner, le Sud-Africain Erik van Rooyen et les Espagnols Eugenio Chacarra et Nacho Elvira.<\/p>\n<p><a href=\"https:\/\/www.20min.ch\/fr\/auteurs\/103478609\/agence-keystone-ats\" rel=\"nofollow noopener\" target=\"_blank\"><img decoding=\"async\" alt=\"Agence Keystone-ATS\" src=\"https:\/\/www.europesays.com\/ch-fr\/wp-content\/uploads\/2026\/09\/1788638410_804_698e2cc5-2367-4263-9c7e-14090e820bb1.png\" class=\"sc-4c39d813-1 hkoNGh\"\/><\/a><\/p>\n<p class=\"sc-f19a47c0-1 jKqFcj\">L&rsquo;Agence t\u00e9l\u00e9graphique suisse (ATS\/SDA en allemand), connue sous le nom de Keystone-ATS depuis sa fusion avec l\u2019agence photographique Keystone en 2018, est la principale agence de presse de Suisse. 20 Minutes est abonn\u00e9 \u00e0 son fil sportif.<\/p>\n","protected":false},"excerpt":{"rendered":"Paul Casey ici en action \u00e0 Crans-Montana jeudi 3 septembre 2026.IMAGO\/ZUMA Press Wire L\u2019Anglais Paul Casey compte trois&hellip;\n","protected":false},"author":2,"featured_media":293468,"comment_status":"","ping_status":"","sticky":false,"template":"","format":"standard","meta":{"footnotes":"","_share_on_mastodon":"0"},"categories":[4],"tags":[22,21,23],"class_list":["post-293467","post","type-post","status-publish","format-standard","has-post-thumbnail","category-actualites","tag-actualites","tag-news","tag-suisse"],"share_on_mastodon":{"url":"https:\/\/pubeurope.com\/@ch_fr\/117220214654729671","error":""},"_links":{"self":[{"href":"https:\/\/www.europesays.com\/ch-fr\/wp-json\/wp\/v2\/posts\/293467","targetHints":{"allow":["GET"]}}],"collection":[{"href":"https:\/\/www.europesays.com\/ch-fr\/wp-json\/wp\/v2\/posts"}],"about":[{"href":"https:\/\/www.europesays.com\/ch-fr\/wp-json\/wp\/v2\/types\/post"}],"author":[{"embeddable":true,"href":"https:\/\/www.europesays.com\/ch-fr\/wp-json\/wp\/v2\/users\/2"}],"replies":[{"embeddable":true,"href":"https:\/\/www.europesays.com\/ch-fr\/wp-json\/wp\/v2\/comments?post=293467"}],"version-history":[{"count":0,"href":"https:\/\/www.europesays.com\/ch-fr\/wp-json\/wp\/v2\/posts\/293467\/revisions"}],"wp:featuredmedia":[{"embeddable":true,"href":"https:\/\/www.europesays.com\/ch-fr\/wp-json\/wp\/v2\/media\/293468"}],"wp:attachment":[{"href":"https:\/\/www.europesays.com\/ch-fr\/wp-json\/wp\/v2\/media?parent=293467"}],"wp:term":[{"taxonomy":"category","embeddable":true,"href":"https:\/\/www.europesays.com\/ch-fr\/wp-json\/wp\/v2\/categories?post=293467"},{"taxonomy":"post_tag","embeddable":true,"href":"https:\/\/www.europesays.com\/ch-fr\/wp-json\/wp\/v2\/tags?post=293467"}],"curies":[{"name":"wp","href":"https:\/\/api.w.org\/{rel}","templated":true}]}}