{"id":293469,"date":"2026-09-05T20:04:07","date_gmt":"2026-09-05T20:04:07","guid":{"rendered":"https:\/\/www.europesays.com\/ch-fr\/293469\/"},"modified":"2026-09-05T20:04:07","modified_gmt":"2026-09-05T20:04:07","slug":"geneve-le-site-archeologique-saint-antoine-ouvre-au-public","status":"publish","type":"post","link":"https:\/\/www.europesays.com\/ch-fr\/293469\/","title":{"rendered":"Gen\u00e8ve: le site arch\u00e9ologique Saint-Antoine ouvre au public"},"content":{"rendered":"<p>La grande f\u00eate d&rsquo;ouverture du nouveau site arch\u00e9ologique Saint-Antoine (SaSA) a ravi le public samedi \u00e0 Gen\u00e8ve. Situ\u00e9 sous l&rsquo;esplanade Th\u00e9odelinde, cet espace de pr\u00e8s de 1000 m2 met en valeur des vestiges exceptionnels couvrant deux mill\u00e9naires d&rsquo;histoire.<\/p>\n<p>Beaucoup de riverains, des curieux et des familles sont venus d\u00e9couvrir ce nouveau site qui a n\u00e9cessit\u00e9 des ann\u00e9es de travaux. Son histoire d\u00e9bute en 2010 lors du r\u00e9am\u00e9nagement de l&rsquo;esplanade: des vestiges exceptionnels sont alors d\u00e9couverts.<\/p>\n<p>Le site a ensuite fait l&rsquo;objet de fouilles minutieuses entre 2012 et 2015. Au vu de l&rsquo;importance du patrimoine, les autorit\u00e9s ont d\u00e9cid\u00e9 de les prot\u00e9ger et de les rendre accessibles au public. Un projet devis\u00e9 \u00e0 14,5 millions de francs a \u00e9t\u00e9 retenu. Le vaste chantier a d\u00e9but\u00e9 en septembre 2023 pour se terminer tout r\u00e9cemment. L&rsquo;attente a \u00e9t\u00e9 longue, mais le rendu final s\u00e9duit imm\u00e9diatement.<\/p>\n<p>Deux mille ans d&rsquo;histoire<\/p>\n<p>Trois lanterneaux apportent un \u00e9clairage naturel sur les p\u00e9riodes historiques mises en valeur. M\u00eame sans descendre dans le site, il est possible de voir une partie des fouilles depuis la nouvelle esplanade. L&rsquo;entr\u00e9e se fait par un des lanterneaux. Il suffit de descendre quelques marches pour une plong\u00e9e dans deux mill\u00e9naires d&rsquo;histoire de Gen\u00e8ve.<\/p>\n<p>Le public peut d\u00e9ambuler autour d&rsquo;un \u00e9tablissement gallo-romain du 1er si\u00e8cle, d&rsquo;une n\u00e9cropole de plus de 300 tombes utilis\u00e9e entre le 3e et le 13e si\u00e8cle ainsi que d&rsquo;une partie de l&rsquo;\u00e9glise fun\u00e9raire de Saint-Laurent, qui date du 5e si\u00e8cle. Il y a aussi des vestiges de fortifications du 16e si\u00e8cle.<\/p>\n<p>Etudes suppl\u00e9mentaires<\/p>\n<p>Un squelette int\u00e9resse particuli\u00e8rement les visiteurs. \u00ab\u00a0C&rsquo;est une femme qui avait entre 25 et 50 ans au moment de son d\u00e9c\u00e8s\u00a0\u00bb, explique le m\u00e9diateur. Elle ne pr\u00e9sente aucune trace de violence, pr\u00e9cise-t-il. Il s&rsquo;agit du seul squelette pr\u00e9sent\u00e9 au public. Les autres sont conserv\u00e9s pour des \u00e9tudes suppl\u00e9mentaires.<\/p>\n<p>Le SaSA est aussi con\u00e7u comme une plate-forme scientifique. Il reste beaucoup d&rsquo;\u00e9tudes \u00e0 mener sur les vestiges qui ont \u00e9t\u00e9 d\u00e9couverts, explique Cindy Dulac, responsable du SaSA. Des scientifiques seront invit\u00e9s en r\u00e9sidence. Un volet culturel offre aussi une place aux artistes contemporains pour des expositions temporaires.<\/p>\n<p class=\"sources\">ats\/lan<\/p>\n","protected":false},"excerpt":{"rendered":"La grande f\u00eate d&rsquo;ouverture du nouveau site arch\u00e9ologique Saint-Antoine (SaSA) a ravi le public samedi \u00e0 Gen\u00e8ve. Situ\u00e9&hellip;\n","protected":false},"author":2,"featured_media":293470,"comment_status":"","ping_status":"","sticky":false,"template":"","format":"standard","meta":{"footnotes":"","_share_on_mastodon":"0"},"categories":[17],"tags":[10072,172,370,170,169,303,64013,64014,61,296,396,57513,23],"class_list":["post-293469","post","type-post","status-publish","format-standard","has-post-thumbnail","category-geneve","tag-archeologie","tag-culture","tag-fete","tag-geneva","tag-geneve","tag-histoire","tag-saint-antoine-q6607147","tag-sasa","tag-science","tag-science-et-technologie","tag-sciences-sociales","tag-site-archeologique","tag-suisse"],"share_on_mastodon":{"url":"https:\/\/pubeurope.com\/@ch_fr\/117220230205395076","error":""},"_links":{"self":[{"href":"https:\/\/www.europesays.com\/ch-fr\/wp-json\/wp\/v2\/posts\/293469","targetHints":{"allow":["GET"]}}],"collection":[{"href":"https:\/\/www.europesays.com\/ch-fr\/wp-json\/wp\/v2\/posts"}],"about":[{"href":"https:\/\/www.europesays.com\/ch-fr\/wp-json\/wp\/v2\/types\/post"}],"author":[{"embeddable":true,"href":"https:\/\/www.europesays.com\/ch-fr\/wp-json\/wp\/v2\/users\/2"}],"replies":[{"embeddable":true,"href":"https:\/\/www.europesays.com\/ch-fr\/wp-json\/wp\/v2\/comments?post=293469"}],"version-history":[{"count":0,"href":"https:\/\/www.europesays.com\/ch-fr\/wp-json\/wp\/v2\/posts\/293469\/revisions"}],"wp:featuredmedia":[{"embeddable":true,"href":"https:\/\/www.europesays.com\/ch-fr\/wp-json\/wp\/v2\/media\/293470"}],"wp:attachment":[{"href":"https:\/\/www.europesays.com\/ch-fr\/wp-json\/wp\/v2\/media?parent=293469"}],"wp:term":[{"taxonomy":"category","embeddable":true,"href":"https:\/\/www.europesays.com\/ch-fr\/wp-json\/wp\/v2\/categories?post=293469"},{"taxonomy":"post_tag","embeddable":true,"href":"https:\/\/www.europesays.com\/ch-fr\/wp-json\/wp\/v2\/tags?post=293469"}],"curies":[{"name":"wp","href":"https:\/\/api.w.org\/{rel}","templated":true}]}}