{"id":293471,"date":"2026-09-05T20:06:22","date_gmt":"2026-09-05T20:06:22","guid":{"rendered":"https:\/\/www.europesays.com\/ch-fr\/293471\/"},"modified":"2026-09-05T20:06:22","modified_gmt":"2026-09-05T20:06:22","slug":"maria-carolina-de-bourbon-siciles-premiere-sortie-officielle-aux-cotes-de-jordan-bardella","status":"publish","type":"post","link":"https:\/\/www.europesays.com\/ch-fr\/293471\/","title":{"rendered":"Maria Carolina de Bourbon-Siciles, premi\u00e8re sortie officielle aux c\u00f4t\u00e9s de Jordan Bardella"},"content":{"rendered":"<p class=\"mb-4 text-lg md:leading-8 break-words\">L&rsquo;amour au grand jour. Apr\u00e8s s&rsquo;\u00eatre affich\u00e9s ensemble sur Instagram et lors de rendez-vous priv\u00e9s tels que le Grand Prix de Formule 1 de Monaco, <a data-ylk=\"slk:Maria Carolina de Bourbon-Siciles;elm:context_link;itc:0;sec:content-canvas;\" data-yga=\"{&quot;yLinkElement&quot;:&quot;link&quot;,&quot;yLinkElementType&quot;:&quot;article_link&quot;}\" href=\"https:\/\/www.pointdevue.fr\/grand-angle\/biographies\/maria-carolina-de-bourbon-des-deux-siciles\" rel=\"noopener noreferrer nofollow\" target=\"_blank\">Maria Carolina de Bourbon-Siciles<\/a> et Jordan Bardella viennent de passer un cap suppl\u00e9mentaire. Ce 5 septembre 2026, le couple a effectu\u00e9 sa premi\u00e8re sortie officielle en Italie. La princesse se trouvait en effet aux c\u00f4t\u00e9s de son compagnon, le pr\u00e9sident du Rassemblement National, au Forum TEHA 2026 qui se tient traditionnellement \u00e0 Cernobbio, sur les rives du lac de C\u00f4me.<\/p>\n<p class=\"mb-4 text-lg md:leading-8 break-words\">Lors de ce rendez-vous \u00e9conomique et politique qui r\u00e9unit dirigeants d&rsquo;entreprises, \u00e9conomistes, investisseurs ou encore responsables politiques, le couple a \u00e9t\u00e9 photographi\u00e9 \u00e0 l&rsquo;ext\u00e9rieur de la Villa d&rsquo;Este o\u00f9 se tient cette rencontre jusqu&rsquo;au 6 septembre. \u00c0 cette occasion, la fille a\u00een\u00e9e du <a data-ylk=\"slk:prince Charles;elm:context_link;itc:0;sec:content-canvas;\" data-yga=\"{&quot;yLinkElement&quot;:&quot;link&quot;,&quot;yLinkElementType&quot;:&quot;article_link&quot;}\" href=\"https:\/\/www.pointdevue.fr\/grand-angle\/biographies\/charles-de-bourbon-des-deux-siciles\" rel=\"noopener noreferrer nofollow\" target=\"_blank\">prince Charles<\/a> et de la <a data-ylk=\"slk:princesse Camilla de Bourbon-Siciles;elm:context_link;itc:0;sec:content-canvas;\" data-yga=\"{&quot;yLinkElement&quot;:&quot;link&quot;,&quot;yLinkElementType&quot;:&quot;article_link&quot;}\" href=\"https:\/\/www.pointdevue.fr\/grand-angle\/biographies\/camilla-de-bourbon-des-deux-siciles\" rel=\"noopener noreferrer nofollow\" target=\"_blank\">princesse Camilla de Bourbon-Siciles<\/a> arborait un ensemble noir assorti \u00e0 des escarpins.<\/p>\n<p><img alt=\"Jordan Bardella et Maria Carolina de bourbon des deux-siciles\" loading=\"lazy\" width=\"810\" height=\"551\" decoding=\"async\" data-nimg=\"1\" class=\"rounded-lg\" style=\"color:transparent\" src=\"https:\/\/www.europesays.com\/ch-fr\/wp-content\/uploads\/2026\/09\/https:\/\/media.zenfs.com\/fr\/point_de_vue_articles_436\/c638658ccccd88f1d5ed20ff0814ce73.jpg\"\/><\/p>\n<p>La princesse Maria Carolina de Bourbon-Siciles et Jordan Bardella au Forum TEHA 2026, pr\u00e8s de C\u00f4me, en Italie. \u00a9 LaPresse\/ABACA<\/p>\n<p><img alt=\"Jordan Bardella et Maria Carolina de bourbon des deux-siciles\" loading=\"lazy\" width=\"810\" height=\"1215\" decoding=\"async\" data-nimg=\"1\" class=\"rounded-lg\" style=\"color:transparent\" src=\"https:\/\/www.europesays.com\/ch-fr\/wp-content\/uploads\/2026\/09\/https:\/\/media.zenfs.com\/fr\/point_de_vue_articles_436\/19b15ae0e4a50865f5bae4448b304ad3.jpg\"\/><\/p>\n<p>Maria Carolina de Bourbon-Siciles et Jordan Bardella, ce 5 septembre 2026. \u00a9 LaPresse\/ABACA<\/p>\n<p class=\"mb-4 text-lg md:leading-8 break-words\">Cette sortie intervient quelques jours apr\u00e8s la publication d&rsquo;une photo sur Instagram par la princesse de 23 ans. Le clich\u00e9, captur\u00e9 cet \u00e9t\u00e9 durant leurs vacances, montre les tourtereaux assis c\u00f4te \u00e0 c\u00f4te, le regard plein de tendresse.\u00a0<\/p>\n<p class=\"mb-4 text-lg md:leading-8 break-words\">Lire aussi &gt;&gt; <a data-ylk=\"slk:Maria Carolina de Bourbon-Siciles et Jordan Bardella amoureux : leurs vacances complices d\u00e9voil\u00e9es sur Instagram;elm:context_link;itc:0;sec:content-canvas;\" data-yga=\"{&quot;yLinkElement&quot;:&quot;link&quot;,&quot;yLinkElementType&quot;:&quot;article_link&quot;}\" href=\"https:\/\/www.pointdevue.fr\/royal\/france\/maria-carolina-de-bourbon-siciles-et-jordan-bardella-amoureux-leurs-vacances-complices-devoilees-sur-instagram\" rel=\"noopener noreferrer nofollow\" target=\"_blank\">Maria Carolina de Bourbon-Siciles et Jordan Bardella amoureux : leurs vacances complices d\u00e9voil\u00e9es sur Instagram<\/a><\/p>\n","protected":false},"excerpt":{"rendered":"L&rsquo;amour au grand jour. Apr\u00e8s s&rsquo;\u00eatre affich\u00e9s ensemble sur Instagram et lors de rendez-vous priv\u00e9s tels que le&hellip;\n","protected":false},"author":2,"featured_media":293472,"comment_status":"","ping_status":"","sticky":false,"template":"","format":"standard","meta":{"footnotes":"","_share_on_mastodon":"0"},"categories":[15],"tags":[64017,3822,158,157,113,112,10127,64016,56822,159,23,64015],"class_list":["post-293471","post","type-post","status-publish","format-standard","has-post-thumbnail","category-people","tag-2026-qui","tag-apres","tag-celebrities","tag-celebrity","tag-divertissement","tag-entertainment","tag-jordan-bardella","tag-lapresse","tag-maria-carolina-de-bourbon-siciles","tag-people","tag-suisse","tag-teha"],"share_on_mastodon":{"url":"https:\/\/pubeurope.com\/@ch_fr\/117220238379980633","error":""},"_links":{"self":[{"href":"https:\/\/www.europesays.com\/ch-fr\/wp-json\/wp\/v2\/posts\/293471","targetHints":{"allow":["GET"]}}],"collection":[{"href":"https:\/\/www.europesays.com\/ch-fr\/wp-json\/wp\/v2\/posts"}],"about":[{"href":"https:\/\/www.europesays.com\/ch-fr\/wp-json\/wp\/v2\/types\/post"}],"author":[{"embeddable":true,"href":"https:\/\/www.europesays.com\/ch-fr\/wp-json\/wp\/v2\/users\/2"}],"replies":[{"embeddable":true,"href":"https:\/\/www.europesays.com\/ch-fr\/wp-json\/wp\/v2\/comments?post=293471"}],"version-history":[{"count":0,"href":"https:\/\/www.europesays.com\/ch-fr\/wp-json\/wp\/v2\/posts\/293471\/revisions"}],"wp:featuredmedia":[{"embeddable":true,"href":"https:\/\/www.europesays.com\/ch-fr\/wp-json\/wp\/v2\/media\/293472"}],"wp:attachment":[{"href":"https:\/\/www.europesays.com\/ch-fr\/wp-json\/wp\/v2\/media?parent=293471"}],"wp:term":[{"taxonomy":"category","embeddable":true,"href":"https:\/\/www.europesays.com\/ch-fr\/wp-json\/wp\/v2\/categories?post=293471"},{"taxonomy":"post_tag","embeddable":true,"href":"https:\/\/www.europesays.com\/ch-fr\/wp-json\/wp\/v2\/tags?post=293471"}],"curies":[{"name":"wp","href":"https:\/\/api.w.org\/{rel}","templated":true}]}}