{"id":293473,"date":"2026-09-05T20:08:17","date_gmt":"2026-09-05T20:08:17","guid":{"rendered":"https:\/\/www.europesays.com\/ch-fr\/293473\/"},"modified":"2026-09-05T20:08:17","modified_gmt":"2026-09-05T20:08:17","slug":"philippe-bouvard-lappartement-de-lanimateur-visite-pendant-ses-obseques-une-importante-somme-dargent-derobee","status":"publish","type":"post","link":"https:\/\/www.europesays.com\/ch-fr\/293473\/","title":{"rendered":"Philippe Bouvard : l&rsquo;appartement de l&rsquo;animateur \u00ab\u00a0visit\u00e9\u00a0\u00bb pendant ses obs\u00e8ques, une importante somme d&rsquo;argent d\u00e9rob\u00e9e"},"content":{"rendered":"<p class=\"mb-4 text-lg md:leading-8 break-words\">Pr\u00e9sentateur des <a data-ylk=\"slk:Grosses T\u00eates;elm:context_link;itc:0;sec:content-canvas;\" data-yga=\"{&quot;yLinkElement&quot;:&quot;link&quot;,&quot;yLinkElementType&quot;:&quot;article_link&quot;}\" href=\"https:\/\/www.femmeactuelle.fr\/actu\/news-actu\/les-grosses-tetes-en-deuil-unes-des-figures-emblematiques-de-rtl-s-est-eteinte-2203362\" rel=\"noopener noreferrer nofollow\" target=\"_blank\">Grosses T\u00eates<\/a> pendant un peu moins de quatre d\u00e9cennies, journaliste et \u00e9crivain prolifique, Philippe Bouvard est d\u00e9c\u00e9d\u00e9 le 24 ao\u00fbt dernier. Apr\u00e8s une pluie de t\u00e9moignages, les obs\u00e8ques de l&rsquo;animateur se sont tenues \u00e0 Cannes, lundi 31 ao\u00fbt, \u00e0 l&rsquo;\u00e9glise Notre-Dame-de-Bon-Voyage. Philippe Bouvard a ensuite \u00e9t\u00e9 inhum\u00e9 au cimeti\u00e8re du Grand Jas, dans cette ville qu&rsquo;il avait adopt\u00e9e et qu&rsquo;il qualifiait parfois de \u00ab\u00a0terre promise\u00a0\u00bb.<\/p>\n<p class=\"mb-4 text-lg md:leading-8 break-words\">Mais, alors que ses proches \u00e9taient r\u00e9unis pour ce dernier adieu, le domicile de Philippe Bouvard a \u00e9t\u00e9 \u00ab\u00a0visit\u00e9\u00a0\u00bb et des objets de valeur y ont disparu, selon les sources de Nice-Matin. Une information confirm\u00e9e par ICI C\u00f4te d&rsquo;Azur, affirmant \u00e9galement que la famille du journaliste avait port\u00e9 plainte apr\u00e8s avoir constat\u00e9 la disparition d&rsquo;un bijou et d&rsquo;une importante somme d&rsquo;argent, sans plus de pr\u00e9cision. Selon les sources de nos confr\u00e8res, l&rsquo;appartement ne montrait aucun signe d&rsquo;effraction, laissant penser que le vol pr\u00e9sum\u00e9 aurait pu \u00eatre commis par une personne ayant acc\u00e8s au domicile familial de l&rsquo;animateur.<\/p>\n<p>Marianne James, G\u00e9rard Louvin, Julien Lepers\u2026 Qui \u00e9tait aux obs\u00e8ques de Philippe Bouvard ?<\/p>\n<p class=\"mb-4 text-lg md:leading-8 break-words\">Loin de ce tumulte, la famille de Philippe Bouvard lui a rendu un dernier hommage, lundi 31 ao\u00fbt \u00e0 Cannes. Sa veuve, Colette Sauvage, et leurs filles Nathalie et Dominique, mais aussi son petit-fils Hadrien, se sont donc rendus \u00e0 l&rsquo;\u00e9glise Notre-Dame-de-Bon-Voyage. De <a data-ylk=\"slk:nombreuses personnalit\u00e9s ont \u00e9galement \u00e9t\u00e9 convi\u00e9es;elm:context_link;itc:0;sec:content-canvas;\" data-yga=\"{&quot;yLinkElement&quot;:&quot;link&quot;,&quot;yLinkElementType&quot;:&quot;article_link&quot;}\" href=\"https:\/\/www.femmeactuelle.fr\/actu\/news-actu\/chantal-ladesou-marianne-james-julien-lepers-les-personnalites-rendent-un-dernier-hommage-a-philippe-bouvard-lors-des-obseques-du-journaliste-diaporama-2211075\" rel=\"noopener noreferrer nofollow\" target=\"_blank\">nombreuses personnalit\u00e9s ont \u00e9galement \u00e9t\u00e9 convi\u00e9es<\/a>. Le maire de la ville, David Lisnard, et le maire de Nice, <a data-ylk=\"slk:\u00c9ric Ciotti;elm:context_link;itc:0;sec:content-canvas;\" data-yga=\"{&quot;yLinkElement&quot;:&quot;link&quot;,&quot;yLinkElementType&quot;:&quot;article_link&quot;}\" href=\"https:\/\/www.femmeactuelle.fr\/bio\/eric-ciotti\" rel=\"noopener noreferrer nofollow\" target=\"_blank\">\u00c9ric Ciotti<\/a>, ont fait une apparition. Jacques Mailhot, figure des Grosses T\u00eates, \u00e9tait dans l&rsquo;assembl\u00e9e, ainsi que l&rsquo;actrice <a data-ylk=\"slk:Chantal Ladesou;elm:context_link;itc:0;sec:content-canvas;\" data-yga=\"{&quot;yLinkElement&quot;:&quot;link&quot;,&quot;yLinkElementType&quot;:&quot;article_link&quot;}\" href=\"https:\/\/www.femmeactuelle.fr\/bio\/chantal-ladesou\" rel=\"noopener noreferrer nofollow\" target=\"_blank\">Chantal Ladesou<\/a> avec son mari, Michel Ansault, la musicienne <a data-ylk=\"slk:Marianne James;elm:context_link;itc:0;sec:content-canvas;\" data-yga=\"{&quot;yLinkElement&quot;:&quot;link&quot;,&quot;yLinkElementType&quot;:&quot;article_link&quot;}\" href=\"https:\/\/www.femmeactuelle.fr\/bio\/marianne-james\" rel=\"noopener noreferrer nofollow\" target=\"_blank\">Marianne James<\/a>, le producteur G\u00e9rard Louvin et le journaliste Cyril Viguier.<\/p>\n<p class=\"mb-4 text-lg md:leading-8 break-words\">L&rsquo;animateur <a data-ylk=\"slk:Julien Lepers;elm:context_link;itc:0;sec:content-canvas;\" data-yga=\"{&quot;yLinkElement&quot;:&quot;link&quot;,&quot;yLinkElementType&quot;:&quot;article_link&quot;}\" href=\"https:\/\/www.femmeactuelle.fr\/bio\/julien-lepers\" rel=\"noopener noreferrer nofollow\" target=\"_blank\">Julien Lepers<\/a> lui a aussi rendu un vibrant hommage, estimant que Philippe Bouvard avait \u00e9t\u00e9 pour lui un \u00ab\u00a0ma\u00eetre, une esp\u00e8ce de professeur, un exemple\u00a0\u00bb : \u00ab\u00a0Dans son insolence, dans son impertinence plut\u00f4t, dans sa culture, <a data-ylk=\"slk:dans sa force de travail gigantesque;elm:context_link;itc:0;sec:content-canvas;\" data-yga=\"{&quot;yLinkElement&quot;:&quot;link&quot;,&quot;yLinkElementType&quot;:&quot;article_link&quot;}\" href=\"https:\/\/www.femmeactuelle.fr\/actu\/news-actu\/un-jour-si-je-disparais-je-voudrais-les-confidences-bouleversantes-de-philippe-bouvard-avant-sa-mort-2210840\" rel=\"noopener noreferrer nofollow\" target=\"_blank\">dans sa force de travail gigantesque<\/a>.\u00a0\u00bb Il s&rsquo;est \u00e9galement \u00e9panch\u00e9 sur sa relation avec son camarade, un temps, \u00e0 la radio : \u00ab\u00a0On s&rsquo;est c\u00f4toy\u00e9s pendant 18 ans, o\u00f9 j&rsquo;\u00e9tais \u00e0 RTL tous les jours. Il m&rsquo;a invit\u00e9 plusieurs fois \u00e0 Cannes, il \u00e9tait incroyable, j&rsquo;aimais sa compagnie.\u00a0\u00bb Un bel adieu, \u00e0 la hauteur de la figure qu&rsquo;incarnait Philippe Bouvard pour de nombreuses personnes.<\/p>\n<p class=\"mb-4 text-lg md:leading-8 break-words\"><a data-ylk=\"slk:Lire l&#039;article sur le site de Femme Actuelle;elm:context_link;itc:0;sec:content-canvas;\" data-yga=\"{&quot;yLinkElement&quot;:&quot;link&quot;,&quot;yLinkElementType&quot;:&quot;article_link&quot;}\" href=\"https:\/\/www.femmeactuelle.fr\/actu\/news-actu\/philippe-bouvard-l-appartement-de-l-animateur-visite-pendant-ses-obseques-une-importante-somme-d-argent-derobee-2211243\" rel=\"noopener noreferrer nofollow\" target=\"_blank\">Lire l&rsquo;article sur le site de Femme Actuelle<\/a><\/p>\n","protected":false},"excerpt":{"rendered":"Pr\u00e9sentateur des Grosses T\u00eates pendant un peu moins de quatre d\u00e9cennies, journaliste et \u00e9crivain prolifique, Philippe Bouvard est&hellip;\n","protected":false},"author":2,"featured_media":293474,"comment_status":"","ping_status":"","sticky":false,"template":"","format":"standard","meta":{"footnotes":"","_share_on_mastodon":"0"},"categories":[13],"tags":[15002,113,112,61744,64024,64023,64019,50351,64022,61742,64021,27291,64018,64020,64025,23,142,12357],"class_list":["post-293473","post","type-post","status-publish","format-standard","has-post-thumbnail","category-television","tag-cannes","tag-divertissement","tag-entertainment","tag-gerard-louvin","tag-il-ma","tag-il-sest-egalement-epanche","tag-journaliste-et-ecrivain-prolifique","tag-julien-lepers","tag-julien-lepers-lui","tag-marianne-james","tag-notre-dame-de-bon-voyage","tag-philippe-bouvard","tag-philippe-bouvard-est-decede-le","tag-philippe-bouvard-pour-de-nombreuses-personnes","tag-rendu-un-dernier-hommage","tag-suisse","tag-television","tag-tetes"],"share_on_mastodon":{"url":"https:\/\/pubeurope.com\/@ch_fr\/117220245601465614","error":""},"_links":{"self":[{"href":"https:\/\/www.europesays.com\/ch-fr\/wp-json\/wp\/v2\/posts\/293473","targetHints":{"allow":["GET"]}}],"collection":[{"href":"https:\/\/www.europesays.com\/ch-fr\/wp-json\/wp\/v2\/posts"}],"about":[{"href":"https:\/\/www.europesays.com\/ch-fr\/wp-json\/wp\/v2\/types\/post"}],"author":[{"embeddable":true,"href":"https:\/\/www.europesays.com\/ch-fr\/wp-json\/wp\/v2\/users\/2"}],"replies":[{"embeddable":true,"href":"https:\/\/www.europesays.com\/ch-fr\/wp-json\/wp\/v2\/comments?post=293473"}],"version-history":[{"count":0,"href":"https:\/\/www.europesays.com\/ch-fr\/wp-json\/wp\/v2\/posts\/293473\/revisions"}],"wp:featuredmedia":[{"embeddable":true,"href":"https:\/\/www.europesays.com\/ch-fr\/wp-json\/wp\/v2\/media\/293474"}],"wp:attachment":[{"href":"https:\/\/www.europesays.com\/ch-fr\/wp-json\/wp\/v2\/media?parent=293473"}],"wp:term":[{"taxonomy":"category","embeddable":true,"href":"https:\/\/www.europesays.com\/ch-fr\/wp-json\/wp\/v2\/categories?post=293473"},{"taxonomy":"post_tag","embeddable":true,"href":"https:\/\/www.europesays.com\/ch-fr\/wp-json\/wp\/v2\/tags?post=293473"}],"curies":[{"name":"wp","href":"https:\/\/api.w.org\/{rel}","templated":true}]}}