{"id":293475,"date":"2026-09-05T20:11:13","date_gmt":"2026-09-05T20:11:13","guid":{"rendered":"https:\/\/www.europesays.com\/ch-fr\/293475\/"},"modified":"2026-09-05T20:11:13","modified_gmt":"2026-09-05T20:11:13","slug":"republique-dominicaine-joheirry-mola-dominguez-elue-miss-monde-2026","status":"publish","type":"post","link":"https:\/\/www.europesays.com\/ch-fr\/293475\/","title":{"rendered":"R\u00e9publique dominicaine: Joheirry Mola Dominguez \u00e9lue Miss Monde 2026"},"content":{"rendered":"<p><img loading=\"lazy\" decoding=\"async\" src=\"https:\/\/www.europesays.com\/ch-fr\/wp-content\/uploads\/2026\/09\/1fe89214-c8e5-40f7-a270-3e25ad93a86e.jpg\" alt=\"Un militaire se tient devant des affiches promotionnelles du concours Miss Monde 2026, dans la province de Khanh Hoa.\" title=\"Un militaire se tient devant des affiches promotionnelles du concours Miss Monde 2026, dans la province de Khanh Hoa.\"  width=\"1200\" height=\"810\"\/>Un militaire se tient devant des affiches promotionnelles du concours Miss Monde 2026, dans la province de Khanh Hoa.AFP<\/p>\n<p type=\"textBlockArray\" class=\"sc-96fb0400-2 bwOXSg\">Joheirry Mola Dominguez, repr\u00e9sentante de la R\u00e9publique dominicaine, a remport\u00e9 samedi le concours Miss Monde 2026 \u00e0 Nha Trang, au Vietnam. Elle succ\u00e8de \u00e0 la Tha\u00eflandaise Opal Suchata Chuangsri, sacr\u00e9e en 2025.<\/p>\n<p type=\"textBlockArray\" class=\"sc-96fb0400-2 bwOXSg\">La nouvelle reine de beaut\u00e9 s\u2019est impos\u00e9e face aux candidates venues du monde entier lors de la finale organis\u00e9e dans la station baln\u00e9aire vietnamienne. L\u2019Espagnole Elisabeth Reyn\u00e9s et la Malaisienne Taanusiya Chetty compl\u00e8tent le podium. Le concours avait notamment \u00e9t\u00e9 marqu\u00e9 par la pr\u00e9sence de l\u2019\u00c9thiopienne <a href=\"https:\/\/www.20min.ch\/fr\/story\/concours-miss-monde-miss-ethiopie-sa-soeur-assassinee-il-y-a-quelques-semaines-103628019\" rel=\"nofollow noopener\" target=\"_blank\">Ruth Yirgalem Weldesilasie, qui avait \u00e9voqu\u00e9 publiquement le drame de sa s\u0153ur<\/a>, enlev\u00e9e et assassin\u00e9e peu avant la comp\u00e9tition.<\/p>\n<p>En savoir plus sur ce sujet<\/p>\n<p><a href=\"https:\/\/www.20min.ch\/fr\/auteurs\/44175180\/sophie-zuber\" rel=\"nofollow noopener\" target=\"_blank\"><img decoding=\"async\" alt=\"Sophie Zuber\" src=\"https:\/\/www.europesays.com\/ch-fr\/wp-content\/uploads\/2026\/09\/1788639073_698_df972545-279e-4679-b94e-881b065aba46.jpeg\" class=\"sc-4c39d813-1 hkoNGh\"\/><\/a><\/p>\n<p class=\"sc-f19a47c0-1 jKqFcj\">Sophie Zuber (szu) est journaliste responsable adjointe de l\u2019\u00e9quipe Online de 20 Minutes, titre qu\u2019elle a rejoint en 2018. <\/p>\n","protected":false},"excerpt":{"rendered":"Un militaire se tient devant des affiches promotionnelles du concours Miss Monde 2026, dans la province de Khanh&hellip;\n","protected":false},"author":2,"featured_media":293476,"comment_status":"","ping_status":"","sticky":false,"template":"","format":"standard","meta":{"footnotes":"","_share_on_mastodon":"0"},"categories":[10],"tags":[113,112,23],"class_list":["post-293475","post","type-post","status-publish","format-standard","has-post-thumbnail","category-divertissement","tag-divertissement","tag-entertainment","tag-suisse"],"share_on_mastodon":{"url":"https:\/\/pubeurope.com\/@ch_fr\/117220258219966989","error":""},"_links":{"self":[{"href":"https:\/\/www.europesays.com\/ch-fr\/wp-json\/wp\/v2\/posts\/293475","targetHints":{"allow":["GET"]}}],"collection":[{"href":"https:\/\/www.europesays.com\/ch-fr\/wp-json\/wp\/v2\/posts"}],"about":[{"href":"https:\/\/www.europesays.com\/ch-fr\/wp-json\/wp\/v2\/types\/post"}],"author":[{"embeddable":true,"href":"https:\/\/www.europesays.com\/ch-fr\/wp-json\/wp\/v2\/users\/2"}],"replies":[{"embeddable":true,"href":"https:\/\/www.europesays.com\/ch-fr\/wp-json\/wp\/v2\/comments?post=293475"}],"version-history":[{"count":0,"href":"https:\/\/www.europesays.com\/ch-fr\/wp-json\/wp\/v2\/posts\/293475\/revisions"}],"wp:featuredmedia":[{"embeddable":true,"href":"https:\/\/www.europesays.com\/ch-fr\/wp-json\/wp\/v2\/media\/293476"}],"wp:attachment":[{"href":"https:\/\/www.europesays.com\/ch-fr\/wp-json\/wp\/v2\/media?parent=293475"}],"wp:term":[{"taxonomy":"category","embeddable":true,"href":"https:\/\/www.europesays.com\/ch-fr\/wp-json\/wp\/v2\/categories?post=293475"},{"taxonomy":"post_tag","embeddable":true,"href":"https:\/\/www.europesays.com\/ch-fr\/wp-json\/wp\/v2\/tags?post=293475"}],"curies":[{"name":"wp","href":"https:\/\/api.w.org\/{rel}","templated":true}]}}