{"id":293477,"date":"2026-09-05T20:12:15","date_gmt":"2026-09-05T20:12:15","guid":{"rendered":"https:\/\/www.europesays.com\/ch-fr\/293477\/"},"modified":"2026-09-05T20:12:15","modified_gmt":"2026-09-05T20:12:15","slug":"lutte-contre-le-paludisme-le-guiriko-lance-une-nouvelle-offensive-contre-les-moustiques","status":"publish","type":"post","link":"https:\/\/www.europesays.com\/ch-fr\/293477\/","title":{"rendered":"Lutte contre le paludisme : Le Guiriko lance une nouvelle offensive contre les moustiques"},"content":{"rendered":"<p>La r\u00e9gion du Guiriko a donn\u00e9, ce samedi 5 septembre 2026, le top d\u00e9part de la deuxi\u00e8me phase des Journ\u00e9es nationales de lutte antivectorielle (JNLAV). La c\u00e9r\u00e9monie s\u2019est tenue dans le quartier Koko de Bobo-Dioulasso, sur un canal situ\u00e9 non loin du maquis Tarkaye, sur l\u2019axe menant au Centre de sant\u00e9 et de promotion sociale (CSPS) Guimbi-Ouattara. L\u2019op\u00e9ration ains lanc\u00e9e vise \u00e0 identifier et d\u00e9truire les g\u00eetes larvaires afin de contribuer \u00e0 la r\u00e9duction des cas de paludisme et de dengue.<\/p>\n<p>Sur ce canal qui traverse le quartier Koko, des eaux stagnantes c\u00f4toient des amas d\u2019ordures. Ces endroits constituent autant de lieux propices \u00e0 la prolif\u00e9ration des moustiques, principaux vecteurs de plusieurs maladies, dont le paludisme. C\u2019est sur ce site que les acteurs de la lutte antivectorielle ont choisi de lancer la deuxi\u00e8me phase des JNLAV dans la r\u00e9gion du Guiriko. Le top d\u00e9part de l\u2019op\u00e9ration a \u00e9t\u00e9 donn\u00e9 par le secr\u00e9taire g\u00e9n\u00e9ral de la r\u00e9gion, Souleymane Nakanabo, au nom du gouverneur.<\/p>\n<p> <a href=\"https:\/\/lefaso.net\/IMG\/jpg\/ab3-958.jpg\" class=\"spip_doc_lien mediabox\" type=\"image\/jpeg\" rel=\"nofollow noopener\" target=\"_blank\"><br \/>\n\t\t<img loading=\"lazy\" decoding=\"async\" src=\"https:\/\/www.europesays.com\/ch-fr\/wp-content\/uploads\/2026\/09\/ab3-958-c0812.jpg\" width=\"600\" height=\"450\" alt=\"\" \/><\/a><\/p>\n<p>Le secr\u00e9taire g\u00e9n\u00e9ral de la r\u00e9gion du Guiriko, Souleymane Nakanabo, a lanc\u00e9 un message de sensibilisation \u00e0 l\u2019endroit des populations.\n<\/p>\n<p>Apr\u00e8s le lancement officiel, les acteurs mobilis\u00e9s ont proc\u00e9d\u00e9 au nettoyage des abords du canal. Des Agents de sant\u00e9 \u00e0 base communautaire (ASBC), des associations, des appel\u00e9s \u00e0 l\u2019immersion patriotique obligatoire ainsi que des habitants du quartier ont particip\u00e9 \u00e0 cette op\u00e9ration d\u2019assainissement. Pour Souleymane Nakanabo, la lutte contre le paludisme ne saurait \u00eatre uniquement l\u2019affaire des professionnels de sant\u00e9. Elle doit impliquer l\u2019ensemble des populations. \u00ab\u00a0Il est question ici de se prot\u00e9ger contre le moustique, en d\u00e9truisant tous les coins et les recoins o\u00f9 il peut se reproduire\u00a0\u00bb, a-t-il soulign\u00e9, appelant les habitants \u00e0 faire de la propret\u00e9 de leur cadre de vie une responsabilit\u00e9 quotidienne.<\/p>\n<p> <a href=\"https:\/\/lefaso.net\/IMG\/jpg\/ab4-827.jpg\" class=\"spip_doc_lien mediabox\" type=\"image\/jpeg\" rel=\"nofollow noopener\" target=\"_blank\"><br \/>\n\t\t<img loading=\"lazy\" decoding=\"async\" src=\"https:\/\/www.europesays.com\/ch-fr\/wp-content\/uploads\/2026\/09\/ab4-827-77bcb.jpg\" width=\"600\" height=\"450\" alt=\"\" \/><\/a><\/p>\n<p>Les appel\u00e9s \u00e0 l\u2019immersion patriotique obligatoire 2026 fortement mobilis\u00e9s.\n<\/p>\n<p>Selon lui, le paludisme demeure une importante cause de consultation, d\u2019hospitalisation et de mortalit\u00e9 au Burkina Faso. Pourtant, estime-t-il, une partie de la r\u00e9ponse se trouve dans les comportements des populations et dans l\u2019assainissement des milieux de vie. Le responsable r\u00e9gional a ainsi invit\u00e9 les habitants \u00e0 ne pas attendre l\u2019intervention d\u2019un agent de sant\u00e9 ou d\u2019un policier pour assainir leurs concessions et leurs alentours. \u00ab\u00a0C\u2019est \u00e0 nous, \u00e0 la base, de prendre en charge cette sant\u00e9\u00a0\u00bb, a-t-il indiqu\u00e9, souhaitant qu\u2019\u00e0 terme, les g\u00eetes larvaires disparaissent des quartiers de Bobo-Dioulasso et, avec eux, les conditions favorables \u00e0 la prolif\u00e9ration des moustiques.<\/p>\n<p> <a href=\"https:\/\/lefaso.net\/IMG\/jpg\/ab2-1034.jpg\" class=\"spip_doc_lien mediabox\" type=\"image\/jpeg\" rel=\"nofollow noopener\" target=\"_blank\"><br \/>\n\t\t<img loading=\"lazy\" decoding=\"async\" src=\"https:\/\/www.europesays.com\/ch-fr\/wp-content\/uploads\/2026\/09\/ab2-1034-f2a8b.jpg\" width=\"600\" height=\"450\" alt=\"\" \/><\/a><\/p>\n<p>Le top d\u00e9part de l\u2019op\u00e9ration donn\u00e9 par le secr\u00e9taire g\u00e9n\u00e9ral de la r\u00e9gion du Guiriko.\n<\/p>\n<p>Une deuxi\u00e8me vague apr\u00e8s une premi\u00e8re phase jug\u00e9e concluante<\/p>\n<p>Cette deuxi\u00e8me phase intervient apr\u00e8s une premi\u00e8re op\u00e9ration organis\u00e9e le mois pr\u00e9c\u00e9dent. Pour le secr\u00e9taire g\u00e9n\u00e9ral de la r\u00e9gion du Guiriko, cette premi\u00e8re phase a enregistr\u00e9 des r\u00e9sultats satisfaisants gr\u00e2ce \u00e0 la mobilisation des populations et des diff\u00e9rents acteurs. Le lancement de ce 5 septembre constitue donc une nouvelle \u00e9tape dans cette dynamique. L\u2019objectif est de maintenir la mobilisation et d\u2019\u00e9tendre les actions de destruction des g\u00eetes larvaires dans les m\u00e9nages et les espaces publics.<\/p>\n<p>Pour le directeur r\u00e9gional de la sant\u00e9 du Guiriko, Issa Konat\u00e9, la particularit\u00e9 de cette deuxi\u00e8me vague r\u00e9side pr\u00e9cis\u00e9ment dans cette volont\u00e9 d\u2019agir \u00e0 la fois au niveau des m\u00e9nages et dans les espaces publics. \u00ab\u00a0L\u2019id\u00e9e derri\u00e8re, c\u2019est que chacun puisse concourir \u00e0 ce que nous ayons moins de g\u00eetes\u00a0\u00bb, a-t-il expliqu\u00e9. Tous les g\u00eetes ne pouvant toutefois pas \u00eatre \u00e9limin\u00e9s directement par les populations, les services techniques disposent d\u2019\u00e9quipements permettant de les identifier et de proc\u00e9der aux interventions n\u00e9cessaires.<\/p>\n<p> <a href=\"https:\/\/lefaso.net\/IMG\/jpg\/ab5-642.jpg\" class=\"spip_doc_lien mediabox\" type=\"image\/jpeg\" rel=\"nofollow noopener\" target=\"_blank\"><br \/>\n\t\t<img loading=\"lazy\" decoding=\"async\" src=\"https:\/\/www.europesays.com\/ch-fr\/wp-content\/uploads\/2026\/09\/ab5-642-f98e5.jpg\" width=\"600\" height=\"450\" alt=\"\" \/><\/a><\/p>\n<p> Le directeur r\u00e9gional de la sant\u00e9 du Guiriko, Issa Konat\u00e9, appelle la population \u00e0 assainir son cadre de vie.\n<\/p>\n<p>Une mobilisation \u00e0 l\u2019\u00e9chelle de toute la r\u00e9gion<\/p>\n<p>La c\u00e9r\u00e9monie organis\u00e9e \u00e0 Koko n\u2019est pas une op\u00e9ration isol\u00e9e. Selon Issa Konat\u00e9, les m\u00eames activit\u00e9s sont appel\u00e9es \u00e0 se d\u00e9rouler dans les diff\u00e9rentes communes de la r\u00e9gion du Guiriko. \u00c0 Bobo-Dioulasso comme dans les autres localit\u00e9s, l\u2019approche repose sur la mobilisation communautaire. Autorit\u00e9s administratives, militaires, coutumi\u00e8res et religieuses, leaders communautaires, associations, agents de sant\u00e9 \u00e0 base communautaire et populations sont appel\u00e9s \u00e0 conjuguer leurs efforts.<\/p>\n<p>L\u2019une des innovations de cette deuxi\u00e8me phase est \u00e9galement la participation des appel\u00e9s \u00e0 l\u2019immersion patriotique obligatoire. Ces derniers doivent accompagner les acteurs sur le terrain dans les op\u00e9rations d\u2019assainissement et de destruction des g\u00eetes larvaires. Au-del\u00e0 du paludisme, cette action vise \u00e9galement \u00e0 contribuer \u00e0 la r\u00e9duction des maladies vectorielles, notamment la dengue. Pour les responsables sanitaires, la logique est donc claire\u00a0: \u00ab\u00a0Agir sur l\u2019environnement pour r\u00e9duire les lieux de reproduction des moustiques et, par cons\u00e9quent, limiter la transmission des maladies\u00a0\u00bb.<\/p>\n<p> <a href=\"https:\/\/lefaso.net\/IMG\/jpg\/ab6-413.jpg\" class=\"spip_doc_lien mediabox\" type=\"image\/jpeg\" rel=\"nofollow noopener\" target=\"_blank\"><br \/>\n\t\t<img loading=\"lazy\" decoding=\"async\" src=\"https:\/\/www.europesays.com\/ch-fr\/wp-content\/uploads\/2026\/09\/ab6-413-cff30.jpg\" width=\"600\" height=\"450\" alt=\"\" \/><\/a><\/p>\n<p>Sur le site de Koko, les acteurs ont \u00e9galement proc\u00e9d\u00e9 au nettoyage du canal.\n<\/p>\n<p>Le message du secr\u00e9taire g\u00e9n\u00e9ral de la r\u00e9gion adress\u00e9 aux populations est d\u00e9sormais celui de la mobilisation. Car il estime que dans cette bataille contre le moustique, la solution ne se trouve pas uniquement dans les structures de sant\u00e9. \u00ab\u00a0Elle commence aussi dans les concessions, les rues, les caniveaux et les espaces publics\u00a0\u00bb, a-t-il conclu.<\/p>\n<p>Romuald Dofini<br class=\"autobr\" \/><br \/>\nLefaso.net<\/p>\n","protected":false},"excerpt":{"rendered":"La r\u00e9gion du Guiriko a donn\u00e9, ce samedi 5 septembre 2026, le top d\u00e9part de la deuxi\u00e8me phase&hellip;\n","protected":false},"author":2,"featured_media":293478,"comment_status":"","ping_status":"","sticky":false,"template":"","format":"standard","meta":{"footnotes":"","_share_on_mastodon":"0"},"categories":[9],"tags":[83,84,23],"class_list":["post-293477","post","type-post","status-publish","format-standard","has-post-thumbnail","category-sante","tag-health","tag-sante","tag-suisse"],"share_on_mastodon":{"url":"https:\/\/pubeurope.com\/@ch_fr\/117220261771754183","error":""},"_links":{"self":[{"href":"https:\/\/www.europesays.com\/ch-fr\/wp-json\/wp\/v2\/posts\/293477","targetHints":{"allow":["GET"]}}],"collection":[{"href":"https:\/\/www.europesays.com\/ch-fr\/wp-json\/wp\/v2\/posts"}],"about":[{"href":"https:\/\/www.europesays.com\/ch-fr\/wp-json\/wp\/v2\/types\/post"}],"author":[{"embeddable":true,"href":"https:\/\/www.europesays.com\/ch-fr\/wp-json\/wp\/v2\/users\/2"}],"replies":[{"embeddable":true,"href":"https:\/\/www.europesays.com\/ch-fr\/wp-json\/wp\/v2\/comments?post=293477"}],"version-history":[{"count":0,"href":"https:\/\/www.europesays.com\/ch-fr\/wp-json\/wp\/v2\/posts\/293477\/revisions"}],"wp:featuredmedia":[{"embeddable":true,"href":"https:\/\/www.europesays.com\/ch-fr\/wp-json\/wp\/v2\/media\/293478"}],"wp:attachment":[{"href":"https:\/\/www.europesays.com\/ch-fr\/wp-json\/wp\/v2\/media?parent=293477"}],"wp:term":[{"taxonomy":"category","embeddable":true,"href":"https:\/\/www.europesays.com\/ch-fr\/wp-json\/wp\/v2\/categories?post=293477"},{"taxonomy":"post_tag","embeddable":true,"href":"https:\/\/www.europesays.com\/ch-fr\/wp-json\/wp\/v2\/tags?post=293477"}],"curies":[{"name":"wp","href":"https:\/\/api.w.org\/{rel}","templated":true}]}}