{"id":293479,"date":"2026-09-05T20:13:07","date_gmt":"2026-09-05T20:13:07","guid":{"rendered":"https:\/\/www.europesays.com\/ch-fr\/293479\/"},"modified":"2026-09-05T20:13:07","modified_gmt":"2026-09-05T20:13:07","slug":"champions-league-gotteron-renverse-klagenfurt-3-1","status":"publish","type":"post","link":"https:\/\/www.europesays.com\/ch-fr\/293479\/","title":{"rendered":"Champions League : Gott\u00e9ron renverse Klagenfurt 3-1"},"content":{"rendered":"<p>Fribourg-Gott\u00e9ron a sign\u00e9 une 2e victoire en 2 matches de Champions Hockey League (CHL) samedi \u00e0 Klagenfurt. Men\u00e9s 1-0, les Dragons ont renvers\u00e9 les Autrichiens en un seul power-play (3-1).<\/p>\n<p>Il n&rsquo;a fallu qu&rsquo;une minute et sept secondes aux hommes de Roger R\u00f6nnberg pour marquer 3 buts et plier cette rencontre. Les trois r\u00e9ussites sont tomb\u00e9es lors d&rsquo;une m\u00eame p\u00e9nalit\u00e9 mineure inflig\u00e9e aux Autrichien. Pour rappel, en CHL, le joueur p\u00e9nalis\u00e9 doit rester en prison jusqu&rsquo;\u00e0 la fin des 2 minutes, m\u00eame si l&rsquo;adversaire marque un but.<\/p>\n<p>Fribourg a parfaitement profit\u00e9 de cette r\u00e8gle. L&rsquo;\u00e9tincelle est d&rsquo;ailleurs venue de l&rsquo;Austro-Suisse Jonas Taibel, qui s&rsquo;est offert un doubl\u00e9 devant sa famille.<\/p>\n<p>Le transfuge de Rapperswil a marqu\u00e9 ses deux buts entre la 44e (43&rsquo;57) et la 46e (45&rsquo;04), alors que le Su\u00e9dois Jacob de la Rose a marqu\u00e9 le 2-1 entre-temps (44&rsquo;54). Klagenfurt avait ouvert le score \u00e0 la mi-match par l&rsquo;interm\u00e9diaire de Raphael Herburger (33e), l&rsquo;ancien attaquant de Bienne et Lugano.<\/p>\n<p class=\"sources\">ats\/pza<\/p>\n","protected":false},"excerpt":{"rendered":"Fribourg-Gott\u00e9ron a sign\u00e9 une 2e victoire en 2 matches de Champions Hockey League (CHL) samedi \u00e0 Klagenfurt. Men\u00e9s&hellip;\n","protected":false},"author":2,"featured_media":293480,"comment_status":"","ping_status":"","sticky":false,"template":"","format":"standard","meta":{"footnotes":"","_share_on_mastodon":"0"},"categories":[8],"tags":[1181,1009,211,493,1372,219,36184,64026,2571,2251,466,186,75,916,23,2085,1224],"class_list":["post-293479","post","type-post","status-publish","format-standard","has-post-thumbnail","category-sports","tag-autriche","tag-competition-sportive","tag-fribourg","tag-hockey","tag-hockey-club-fribourg-gotteron","tag-hockey-sur-glace","tag-klagenfurt","tag-klagenfurt-fribourg","tag-ligue-des-champions-regular-season","tag-ligue-des-champions-de-hockey-sur-glace","tag-rts-sport","tag-sport","tag-sports","tag-succes","tag-suisse","tag-tout-le-sport","tag-victoire"],"share_on_mastodon":{"url":"https:\/\/pubeurope.com\/@ch_fr\/117220265480236555","error":""},"_links":{"self":[{"href":"https:\/\/www.europesays.com\/ch-fr\/wp-json\/wp\/v2\/posts\/293479","targetHints":{"allow":["GET"]}}],"collection":[{"href":"https:\/\/www.europesays.com\/ch-fr\/wp-json\/wp\/v2\/posts"}],"about":[{"href":"https:\/\/www.europesays.com\/ch-fr\/wp-json\/wp\/v2\/types\/post"}],"author":[{"embeddable":true,"href":"https:\/\/www.europesays.com\/ch-fr\/wp-json\/wp\/v2\/users\/2"}],"replies":[{"embeddable":true,"href":"https:\/\/www.europesays.com\/ch-fr\/wp-json\/wp\/v2\/comments?post=293479"}],"version-history":[{"count":0,"href":"https:\/\/www.europesays.com\/ch-fr\/wp-json\/wp\/v2\/posts\/293479\/revisions"}],"wp:featuredmedia":[{"embeddable":true,"href":"https:\/\/www.europesays.com\/ch-fr\/wp-json\/wp\/v2\/media\/293480"}],"wp:attachment":[{"href":"https:\/\/www.europesays.com\/ch-fr\/wp-json\/wp\/v2\/media?parent=293479"}],"wp:term":[{"taxonomy":"category","embeddable":true,"href":"https:\/\/www.europesays.com\/ch-fr\/wp-json\/wp\/v2\/categories?post=293479"},{"taxonomy":"post_tag","embeddable":true,"href":"https:\/\/www.europesays.com\/ch-fr\/wp-json\/wp\/v2\/tags?post=293479"}],"curies":[{"name":"wp","href":"https:\/\/api.w.org\/{rel}","templated":true}]}}