{"id":293481,"date":"2026-09-05T20:14:09","date_gmt":"2026-09-05T20:14:09","guid":{"rendered":"https:\/\/www.europesays.com\/ch-fr\/293481\/"},"modified":"2026-09-05T20:14:09","modified_gmt":"2026-09-05T20:14:09","slug":"athletisme-audrey-werro-six-sur-six-lincroyable-sans-faute","status":"publish","type":"post","link":"https:\/\/www.europesays.com\/ch-fr\/293481\/","title":{"rendered":"Athl\u00e9tisme: Audrey Werro, six sur six: l\u2019incroyable sans-faute"},"content":{"rendered":"<p type=\"textBlockArray\" class=\"sc-96fb0400-2 bwOXSg\">Audrey Werro a d\u00e9croch\u00e9 une nouvelle victoire en Diamond League samedi lors des finales de Bruxelles. La Fribourgeoise a devanc\u00e9 de justesse la N\u00e9erlandaise Femke Broders-Bol en 1&rsquo;54\u00a0\u00bb75.<\/p>\n<p type=\"textBlockArray\" class=\"sc-96fb0400-2 bwOXSg\">La championne d\u2019Europe aura donc remport\u00e9 les six courses de Diamond League auxquelles elle a pris part cette saison. Apr\u00e8s Rabat, Stockholm, Paris, Lausanne et Zurich, elle a lev\u00e9 les bras \u00e0 Bruxelles, o\u00f9 elle a soulev\u00e9 son deuxi\u00e8me \u00abdiamant\u00bb des finales apr\u00e8s celui d\u00e9croch\u00e9 l\u2019an dernier lors du Weltklasse.<\/p>\n<p type=\"textBlockArray\" class=\"sc-96fb0400-2 bwOXSg\">Sans doute diminu\u00e9e par l\u2019encha\u00eenement des courses en cette fin de saison, Werro n\u2019a toutefois pas am\u00e9lior\u00e9 son record de Suisse, dix jours apr\u00e8s avoir couru en 1&rsquo;53\u00a0\u00bb70 (3e performance de tous les temps) au Letzigrund. Elle a franchi la ligne en 1&rsquo;54\u00a0\u00bb75, un souffle devant sa rivale Femke Broeders-Bol (1&rsquo;54\u00a0\u00bb81).<\/p>\n<p>Moser deuxi\u00e8me<\/p>\n<p type=\"textBlockArray\" class=\"sc-96fb0400-2 bwOXSg\">\u00c0 la perche, la Zurichoise Angelica Moser a pris une belle 2e place derri\u00e8re l\u2019Am\u00e9ricaine Hana Moll. La championne d\u2019Europe 2024 a \u00e9t\u00e9 constante toute la saison en Diamond League et l\u2019a encore prouv\u00e9e en passant 4,80 m \u00e0 sa premi\u00e8re tentative. Elle a ensuite \u00e9chou\u00e9 une fois \u00e0 4,86 m et deux fois \u00e0 4,91 m, ce qui aurait constitu\u00e9 un nouveau record de Suisse.<\/p>\n<p type=\"textBlockArray\" class=\"sc-96fb0400-2 bwOXSg\">Sur 200 m, l\u2019Am\u00e9ricain Kenny Bednarek a assum\u00e9 son statut de favori en coupant la ligne en 19\u00a0\u00bb62 (vent: +0,8 m\/s), \u00e9galant sa meilleure performance mondiale de l\u2019ann\u00e9e r\u00e9alis\u00e9e \u00e0 Zurich la semaine derni\u00e8re. Il a devanc\u00e9 le Sud-Africain Sinesipho Dambile (19\u00a0\u00bb89) et le Zimbabw\u00e9en Makanakaishe Charamba (19\u00a0\u00bb99). Le Genevois Timoth\u00e9 Mumenthaler, m\u00e9daill\u00e9 de bronze aux Europ\u00e9ens de Birmingham, a d\u00fb se contenter d\u2019un 7e rang, en 20\u00a0\u00bb52.<\/p>\n<p type=\"textBlockArray\" class=\"sc-96fb0400-2 bwOXSg\">Engag\u00e9 sur 5000 m, Dominic Lobalu n\u2019a pas non plus r\u00e9ussi \u00e0 monter sur le podium. L\u2019athl\u00e8te du LC Br\u00fchl a \u00e9t\u00e9 l\u00e2ch\u00e9 par la t\u00eate avant le dernier tour de piste et a termin\u00e9 en 12&rsquo;56\u00a0\u00bb07. La course a \u00e9t\u00e9 remport\u00e9e par le Bahre\u00efnais Birhanu Balew en 12&rsquo;45\u00a0\u00bb70<\/p>\n<p><a href=\"https:\/\/www.20min.ch\/fr\/auteurs\/103478609\/agence-keystone-ats\" rel=\"nofollow noopener\" target=\"_blank\"><img decoding=\"async\" alt=\"Agence Keystone-ATS\" src=\"https:\/\/www.europesays.com\/ch-fr\/wp-content\/uploads\/2026\/09\/1788639249_514_698e2cc5-2367-4263-9c7e-14090e820bb1.png\" class=\"sc-4c39d813-1 hkoNGh\"\/><\/a><\/p>\n<p class=\"sc-f19a47c0-1 jKqFcj\">L&rsquo;Agence t\u00e9l\u00e9graphique suisse (ATS\/SDA en allemand), connue sous le nom de Keystone-ATS depuis sa fusion avec l\u2019agence photographique Keystone en 2018, est la principale agence de presse de Suisse. 20 Minutes est abonn\u00e9 \u00e0 son fil sportif.<\/p>\n","protected":false},"excerpt":{"rendered":"Audrey Werro a d\u00e9croch\u00e9 une nouvelle victoire en Diamond League samedi lors des finales de Bruxelles. La Fribourgeoise&hellip;\n","protected":false},"author":2,"featured_media":293482,"comment_status":"","ping_status":"","sticky":false,"template":"","format":"standard","meta":{"footnotes":"","_share_on_mastodon":"0"},"categories":[7],"tags":[61,57,59,58,23,60,62],"class_list":["post-293481","post","type-post","status-publish","format-standard","has-post-thumbnail","category-sciences-et-technologies","tag-science","tag-science-and-technology","tag-sciences","tag-sciences-et-technologies","tag-suisse","tag-technologies","tag-technology"],"share_on_mastodon":{"url":"https:\/\/pubeurope.com\/@ch_fr\/117220269878569289","error":""},"_links":{"self":[{"href":"https:\/\/www.europesays.com\/ch-fr\/wp-json\/wp\/v2\/posts\/293481","targetHints":{"allow":["GET"]}}],"collection":[{"href":"https:\/\/www.europesays.com\/ch-fr\/wp-json\/wp\/v2\/posts"}],"about":[{"href":"https:\/\/www.europesays.com\/ch-fr\/wp-json\/wp\/v2\/types\/post"}],"author":[{"embeddable":true,"href":"https:\/\/www.europesays.com\/ch-fr\/wp-json\/wp\/v2\/users\/2"}],"replies":[{"embeddable":true,"href":"https:\/\/www.europesays.com\/ch-fr\/wp-json\/wp\/v2\/comments?post=293481"}],"version-history":[{"count":0,"href":"https:\/\/www.europesays.com\/ch-fr\/wp-json\/wp\/v2\/posts\/293481\/revisions"}],"wp:featuredmedia":[{"embeddable":true,"href":"https:\/\/www.europesays.com\/ch-fr\/wp-json\/wp\/v2\/media\/293482"}],"wp:attachment":[{"href":"https:\/\/www.europesays.com\/ch-fr\/wp-json\/wp\/v2\/media?parent=293481"}],"wp:term":[{"taxonomy":"category","embeddable":true,"href":"https:\/\/www.europesays.com\/ch-fr\/wp-json\/wp\/v2\/categories?post=293481"},{"taxonomy":"post_tag","embeddable":true,"href":"https:\/\/www.europesays.com\/ch-fr\/wp-json\/wp\/v2\/tags?post=293481"}],"curies":[{"name":"wp","href":"https:\/\/api.w.org\/{rel}","templated":true}]}}