{"id":293483,"date":"2026-09-05T20:18:11","date_gmt":"2026-09-05T20:18:11","guid":{"rendered":"https:\/\/www.europesays.com\/ch-fr\/293483\/"},"modified":"2026-09-05T20:18:11","modified_gmt":"2026-09-05T20:18:11","slug":"tudor-marco-brenner-offre-une-premiere-victoire-en-grand-tour","status":"publish","type":"post","link":"https:\/\/www.europesays.com\/ch-fr\/293483\/","title":{"rendered":"Tudor: Marco Brenner offre une premi\u00e8re victoire en Grand Tour"},"content":{"rendered":"\n<p>        \u2013   <\/p>\n<p> Marco Brenner offre \u00e0 Tudor sa premi\u00e8re victoire sur un Grand Tour <\/p>\n<p class=\"lead regular externalicon-big astro-odojtzmo\"> L\u2019Allemand de l\u2019\u00e9quipe de Fabian Cancellara a remport\u00e9 la 14e\u00a0\u00e9tape au sommet de Sierra de la Pandera. Enric Mas conforte son maillot rouge, tandis que Roglic recule au classement g\u00e9n\u00e9ral.  <\/p>\n<p>               Mis \u00e0 jour il y a 2 heures                             LinkedIn Lien copi\u00e9 Error occurred        Facebook Lien copi\u00e9 Error occurred        X Lien copi\u00e9 Error occurred           E-mail Lien copi\u00e9 Error occurred        Copier le lien Lien copi\u00e9 Error occurred                    <img decoding=\"async\" loading=\"eager\" fetchpriority=\"high\" src=\"https:\/\/www.europesays.com\/ch-fr\/wp-content\/uploads\/2026\/09\/07LCsyzVa018qlQT6KuiPR.jpg\" data-image-url=\"https:\/\/www.europesays.com\/ch-fr\/wp-content\/uploads\/2026\/09\/07LCsyzVa018qlQT6KuiPR.jpg\" alt=\"Marco Alcaraz (Tudor Pro Cycling) en plein effort lors de la 10e \u00e9tape de la Vuelta 2026 entre Alcaraz et Elche De La Sierra.\" title=\"Marco Alcaraz (Tudor Pro Cycling) en plein effort lors de la 10e \u00e9tape de la Vuelta 2026 entre Alcaraz et Elche De La Sierra.\" class=\"ResponsiveImage responsive-image astro-xbt4piv4\" style=\"background-color:#6D7E60\" onload=\"this.style.backgroundColor = &quot;transparent&quot;\"\/>           <\/p>\n<p>Marco Brenner en plein effort lors de la 10e\u00a0\u00e9tape de la Vuelta 2026 entre Alcaraz et Elche de la Sierra.<\/p>\n<p>IMAGO\/Sirotti<\/p>\n<p class=\"astro-gkn4pfbc articleParagraph externalicon-big focus _content-width article-element astro-bqhs6jcx\">L\u2019Allemand Marco Brenner, qui \u00e9volue pour l\u2019\u00e9quipe suisse <a class=\"noExternalIcon astro-bqhs6jcx\" target=\"_self\" href=\"https:\/\/www.24heures.ch\/tudor-les-coulisses-du-recrutement-des-jeunes-cyclistes-suisses-280889927109\" data-article-link=\"https:\/\/www.24heures.ch\/tudor-les-coulisses-du-recrutement-des-jeunes-cyclistes-suisses-280889927109\" rel=\"nofollow noopener\">Tudor<\/a>, a remport\u00e9 samedi la 14e\u00a0\u00e9tape du <a class=\" astro-bqhs6jcx\" target=\"_blank\" rel=\"noopener noreferrer nofollow\" href=\"https:\/\/www.lavuelta.es\/fr\/\" data-article-link=\"https:\/\/www.lavuelta.es\/fr\/\">Tour d\u2019Espagne<\/a> au sommet de la Sierra de la Pandera. L\u2019Espagnol Enric Mas a consolid\u00e9 son maillot rouge de leader.<\/p>\n<p class=\"hint astro-27fpiggi\">\u00c0 ce stade, vous trouverez des contenus externes suppl\u00e9mentaires. Si vous acceptez que des cookies soient plac\u00e9s par des fournisseurs externes et que des donn\u00e9es personnelles soient ainsi transmises \u00e0 ces derniers, vous devez autoriser tous les cookies et afficher directement le contenu externe.<\/p>\n<p>  Autoriser les cookies   Plus d&rsquo;infos    <\/p>\n<p class=\"astro-gkn4pfbc articleParagraph externalicon-big focus _content-width article-element astro-bqhs6jcx\">C\u2019est la premi\u00e8re fois que la formation dirig\u00e9e par l\u2019ancien coureur bernois Fabian Cancellara d\u00e9croche un bouquet sur un Grand Tour. Il s\u2019agit d\u2019ailleurs de la premi\u00e8re Vuelta disput\u00e9e par Tudor, apr\u00e8s ses participations aux Giros 2024 et 2025 et aux Tour de France 2025 et 2026.<\/p>\n<p>  Marco Brenner signe la quatri\u00e8me victoire de sa carri\u00e8re<\/p>\n<p class=\"astro-gkn4pfbc articleParagraph externalicon-big focus _content-width article-element astro-bqhs6jcx\">La formation suisse peut donc remercier Marco Brenner, qui a devanc\u00e9 dans un sprint \u00e0 deux le Colombien Santiago Buitrago pour signer \u00e0 24\u00a0ans la quatri\u00e8me victoire de sa carri\u00e8re, un mois apr\u00e8s son succ\u00e8s final au Tour de Pologne.<\/p>\n<p class=\"astro-gkn4pfbc articleParagraph externalicon-big focus _content-width article-element astro-bqhs6jcx\">Leader du classement g\u00e9n\u00e9ral depuis la chute et l\u2019abandon de <a class=\"noExternalIcon astro-bqhs6jcx\" target=\"_self\" href=\"https:\/\/www.24heures.ch\/pogacar-le-slovene-met-fin-a-sa-saison-apres-sa-chute-166917879248\" data-article-link=\"https:\/\/www.24heures.ch\/pogacar-le-slovene-met-fin-a-sa-saison-apres-sa-chute-166917879248\" rel=\"nofollow noopener\">Tadej Pogacar<\/a>, Enric Mas a assur\u00e9 le coup dans le groupe des favoris \u00e0 la victoire finale. Le coureur de la Movistar a m\u00eame repris vingt-cinq secondes sur Primoz Roglic (+2\u2019\u00a010 au g\u00e9n\u00e9ral), qui a perdu sa place de dauphin au profit de l\u2019Autrichien Felix Gall (+2\u2019\u00a006).<\/p>\n<p class=\"boxtitle astro-hwrdf5ss astro-bqhs6jcx\">Sur la Vuelta 2026<\/p>\n<p>      Newsletter    <\/p>\n<p>\u00abFitness\u00bb<\/p>\n<p> Entra\u00eenement, nutrition, d\u00e9couverte et t\u00e9moignages pour atteindre vos objectifs. Chaque samedi. <\/p>\n<p class=\"astro-2yzsvld2\"> <a class=\"more astro-2yzsvld2\" href=\"https:\/\/www.24heures.ch\/nos-newsletters\" rel=\"nofollow noopener\" target=\"_blank\"> Autres newsletters <\/a> <\/p>\n<p>       Se connecter       <\/p>\n","protected":false},"excerpt":{"rendered":"\u2013 Marco Brenner offre \u00e0 Tudor sa premi\u00e8re victoire sur un Grand Tour L\u2019Allemand de l\u2019\u00e9quipe de Fabian&hellip;\n","protected":false},"author":2,"featured_media":293484,"comment_status":"","ping_status":"","sticky":false,"template":"","format":"standard","meta":{"footnotes":"","_share_on_mastodon":"0"},"categories":[4],"tags":[22,11309,21,37,23],"class_list":["post-293483","post","type-post","status-publish","format-standard","has-post-thumbnail","category-actualites","tag-actualites","tag-facts","tag-news","tag-stats-seo","tag-suisse"],"share_on_mastodon":{"url":"https:\/\/pubeurope.com\/@ch_fr\/117220285619390114","error":""},"_links":{"self":[{"href":"https:\/\/www.europesays.com\/ch-fr\/wp-json\/wp\/v2\/posts\/293483","targetHints":{"allow":["GET"]}}],"collection":[{"href":"https:\/\/www.europesays.com\/ch-fr\/wp-json\/wp\/v2\/posts"}],"about":[{"href":"https:\/\/www.europesays.com\/ch-fr\/wp-json\/wp\/v2\/types\/post"}],"author":[{"embeddable":true,"href":"https:\/\/www.europesays.com\/ch-fr\/wp-json\/wp\/v2\/users\/2"}],"replies":[{"embeddable":true,"href":"https:\/\/www.europesays.com\/ch-fr\/wp-json\/wp\/v2\/comments?post=293483"}],"version-history":[{"count":0,"href":"https:\/\/www.europesays.com\/ch-fr\/wp-json\/wp\/v2\/posts\/293483\/revisions"}],"wp:featuredmedia":[{"embeddable":true,"href":"https:\/\/www.europesays.com\/ch-fr\/wp-json\/wp\/v2\/media\/293484"}],"wp:attachment":[{"href":"https:\/\/www.europesays.com\/ch-fr\/wp-json\/wp\/v2\/media?parent=293483"}],"wp:term":[{"taxonomy":"category","embeddable":true,"href":"https:\/\/www.europesays.com\/ch-fr\/wp-json\/wp\/v2\/categories?post=293483"},{"taxonomy":"post_tag","embeddable":true,"href":"https:\/\/www.europesays.com\/ch-fr\/wp-json\/wp\/v2\/tags?post=293483"}],"curies":[{"name":"wp","href":"https:\/\/api.w.org\/{rel}","templated":true}]}}