{"id":293485,"date":"2026-09-05T20:22:15","date_gmt":"2026-09-05T20:22:15","guid":{"rendered":"https:\/\/www.europesays.com\/ch-fr\/293485\/"},"modified":"2026-09-05T20:22:15","modified_gmt":"2026-09-05T20:22:15","slug":"sasa-le-site-archeologique-de-geneve-ouvre-ses-portes","status":"publish","type":"post","link":"https:\/\/www.europesays.com\/ch-fr\/293485\/","title":{"rendered":"SaSA: le site arch\u00e9ologique de Gen\u00e8ve ouvre ses portes"},"content":{"rendered":"<p> Opinion  <\/p>\n<p>        \u2013   <\/p>\n<p> Le site arch\u00e9ologique de Saint Antoine a ouvert ses portes <\/p>\n<p class=\"lead regular externalicon-big astro-odojtzmo\"> Une journ\u00e9e a marqu\u00e9 le\u00a05\u00a0septembre l\u2019inauguration des lieux et celle de l\u2019exposition de Joana Hadjithomas &amp; Khalil Joreige.  <\/p>\n<p>   <img loading=\"lazy\" decoding=\"async\" src=\"https:\/\/www.europesays.com\/ch-fr\/wp-content\/uploads\/2026\/09\/1788639735_465_0vm_Wn-r4ds9DQ79vQYMO8.jpg\"  width=\"100\" height=\"100\"  alt=\"Etienne Dumont\" class=\"AuthorImage -content-head authorimage astro-ivm7rlur astro-uymtm5hg\" style=\"background-color:#808080\"\/>         Publi\u00e9 aujourd\u2019hui \u00e0 21h28                          LinkedIn Lien copi\u00e9 Error occurred        Facebook Lien copi\u00e9 Error occurred        X Lien copi\u00e9 Error occurred           E-mail Lien copi\u00e9 Error occurred        Copier le lien Lien copi\u00e9 Error occurred                    <img decoding=\"async\" loading=\"eager\" fetchpriority=\"high\" src=\"https:\/\/www.europesays.com\/ch-fr\/wp-content\/uploads\/2026\/09\/DLSQACab4nXAhC9ZpZL8z5.jpg\" data-image-url=\"https:\/\/www.europesays.com\/ch-fr\/wp-content\/uploads\/2026\/09\/DLSQACab4nXAhC9ZpZL8z5.jpg\" alt=\"Int\u00e9rieur d\u2019un mus\u00e9e moderne avec une grande structure de pierres et galets au centre, des panneaux d\u2019exposition sur le mur blanc et un puits de lumi\u00e8re naturelle.\" title=\"Int\u00e9rieur d\u2019un mus\u00e9e moderne avec une grande structure de pierres et galets au centre, des panneaux d\u2019exposition sur le mur blanc et un puits de lumi\u00e8re naturelle.\" class=\"ResponsiveImage responsive-image astro-xbt4piv4\" style=\"background-color:#9C9A92\" onload=\"this.style.backgroundColor = &quot;transparent&quot;\"\/>           <\/p>\n<p>Le mur avec le Louvre et la place des Martyrs. Plus, au fond, les carottes.<\/p>\n<p>Joana Hadjithomas &amp; Khalil Joreige, Annick Wetter, Mamco, Gen\u00e8ve 2026.<\/p>\n<p class=\"astro-gkn4pfbc articleParagraph externalicon-big focus _content-width article-element astro-bqhs6jcx\">Cette fois-ci, \u00e7a y est. Le site arch\u00e9ologique de Saint Antoine, SaSA de son doux nom, existe vraiment puisque les amateurs peuvent d\u00e9sormais le visiter. Les premiers d\u2019entre eux ont p\u00e9n\u00e9tr\u00e9 samedi\u00a05 septembre afin de voir des vestiges construits allant de l\u2019\u00e9poque romaine \u00e0 la fin du XVIe\u00a0si\u00e8cle. Ils ont pu admirer au passage les \u0153uvres du tandem libanais Joana Hadjithomas &amp; Khalil Joreige, invit\u00e9 par le Mamco. Des plasticiens dont la pratique est travers\u00e9e par l\u2019id\u00e9e de palimpseste. D\u2019o\u00f9 la pr\u00e9sence dans leur intervention contemporaine de trois \u00abcarottes\u00bb pr\u00e9lev\u00e9es dans des sols urbains marqu\u00e9s par la continuit\u00e9 d\u2019une pr\u00e9sence humaine. Une pr\u00e9sence qui se serait vue aplatie par le passage du temps, qui \u00e9crase tout. Des dessins inspir\u00e9s par les fouilles du Louvre ou de la place des Martyrs de Beyrouth \u00e9voquent d\u2019une autre mani\u00e8re aux murs les tassements de l\u2019histoire. Toutes les villes ne peuvent pas ressembler \u00e0 Rome, o\u00f9 des couches architecturales presque intactes viennent se superposer.<\/p>\n<p>  La foire autour<\/p>\n<p class=\"astro-gkn4pfbc articleParagraph externalicon-big focus _content-width article-element astro-bqhs6jcx\">Pour l\u2019inauguration, la Ville avait pr\u00e9vu des tentes et des stands de nourriture. Elle ne changera jamais. Avec nos \u00e9diles au ras du sol tout doit se transformer en f\u00eate \u00e0 neuneu. De gentils animateurs glapissaient donc dans le micro \u00e0 l\u2019intention d\u2019un public infantilis\u00e9. Il flottait bien trop fort dans l\u2019air une musique fort peu en rapport avec l\u2019anciennet\u00e9 du site. Il eut au moins fallu du chant gr\u00e9gorien. Je me suis dit au d\u00e9part qu\u2019il ne manquait plus que les saucisses grill\u00e9es. Puis ne je suis rappel\u00e9 que la bien-pensance \u00e9tait devenue v\u00e9gane. Heureusement que tout cela s\u2019arr\u00eatait pendant les tables rondes en compagnie des artistes, irr\u00e9prochablement francophones. Pris entre Lionel Bovier, directeur du Mamco, et Cindy Dulac, responsable du SaSA, les duettistes \u00e9clairaient leur travail, fait de m\u00e9moire et d\u2019espoir en des temps meilleurs. Suivaient les questions du public. Un public frapp\u00e9 de la diff\u00e9rence entre une Gen\u00e8ve paisible et un Liban en guerre. Le politiquement correct oblige de nos jours \u00e0 ressentir un peu de honte de vivre dans un certain confort.<\/p>\n<p>  Il y a un squelette!<\/p>\n<p class=\"astro-gkn4pfbc articleParagraph externalicon-big focus _content-width article-element astro-bqhs6jcx\">Un dernier point. Au final, il y a bien un squelette m\u00e2le ou femelle dans l\u2019une des fosses d\u00e9couvertes entre 2010 et 2016 par les arch\u00e9ologues. Il se trouve aussi, mais par projection lumineuse, les ossements d\u2019un enfant un peu plus loin. La r\u00e9alit\u00e9 vraie pourrait ici choquer. On ne sait pas encore si ces corps sont en visite ou s\u2019ils resteront pour de bon dans une derni\u00e8re demeure qui \u00e9tait apr\u00e8s tout la leur. Inutile de vous pr\u00e9ciser que je suis pour la premi\u00e8re solution. Un cimeti\u00e8re sans squelette, c\u2019est comme une assiette vide dans un restaurant. Il y a un manque. L\u2019imagination poss\u00e8de tout de m\u00eame ses limites. Allez! Debout les morts!<\/p>\n<p> Pratique<\/p>\n<p class=\"astro-gkn4pfbc articleParagraph externalicon-big focus _content-width article-element astro-bqhs6jcx\">SaSA, 1, esplanade Th\u00e9odolinde (dans la rue Th\u00e9odore de B\u00e8ze), Gen\u00e8ve. T\u00e9l. 022\u00a0418\u00a020\u00a010. Site <a class=\" astro-bqhs6jcx\" target=\"_blank\" rel=\"noopener noreferrer nofollow\" href=\"https:\/\/geneve.ch\/\" data-article-link=\"https:\/\/geneve.ch\/\">https:\/\/geneve.ch<\/a> Ouvert du mardi au dimanche de 11h \u00e0 17h. Prix d\u2019entr\u00e9e libre.<\/p>\n","protected":false},"excerpt":{"rendered":"Opinion \u2013 Le site arch\u00e9ologique de Saint Antoine a ouvert ses portes Une journ\u00e9e a marqu\u00e9 le\u00a05\u00a0septembre l\u2019inauguration&hellip;\n","protected":false},"author":2,"featured_media":293486,"comment_status":"","ping_status":"","sticky":false,"template":"","format":"standard","meta":{"footnotes":"","_share_on_mastodon":"0"},"categories":[17],"tags":[170,169,23],"class_list":["post-293485","post","type-post","status-publish","format-standard","has-post-thumbnail","category-geneve","tag-geneva","tag-geneve","tag-suisse"],"share_on_mastodon":{"url":"https:\/\/pubeurope.com\/@ch_fr\/117220301497741173","error":""},"_links":{"self":[{"href":"https:\/\/www.europesays.com\/ch-fr\/wp-json\/wp\/v2\/posts\/293485","targetHints":{"allow":["GET"]}}],"collection":[{"href":"https:\/\/www.europesays.com\/ch-fr\/wp-json\/wp\/v2\/posts"}],"about":[{"href":"https:\/\/www.europesays.com\/ch-fr\/wp-json\/wp\/v2\/types\/post"}],"author":[{"embeddable":true,"href":"https:\/\/www.europesays.com\/ch-fr\/wp-json\/wp\/v2\/users\/2"}],"replies":[{"embeddable":true,"href":"https:\/\/www.europesays.com\/ch-fr\/wp-json\/wp\/v2\/comments?post=293485"}],"version-history":[{"count":0,"href":"https:\/\/www.europesays.com\/ch-fr\/wp-json\/wp\/v2\/posts\/293485\/revisions"}],"wp:featuredmedia":[{"embeddable":true,"href":"https:\/\/www.europesays.com\/ch-fr\/wp-json\/wp\/v2\/media\/293486"}],"wp:attachment":[{"href":"https:\/\/www.europesays.com\/ch-fr\/wp-json\/wp\/v2\/media?parent=293485"}],"wp:term":[{"taxonomy":"category","embeddable":true,"href":"https:\/\/www.europesays.com\/ch-fr\/wp-json\/wp\/v2\/categories?post=293485"},{"taxonomy":"post_tag","embeddable":true,"href":"https:\/\/www.europesays.com\/ch-fr\/wp-json\/wp\/v2\/tags?post=293485"}],"curies":[{"name":"wp","href":"https:\/\/api.w.org\/{rel}","templated":true}]}}