{"id":293487,"date":"2026-09-05T20:24:23","date_gmt":"2026-09-05T20:24:23","guid":{"rendered":"https:\/\/www.europesays.com\/ch-fr\/293487\/"},"modified":"2026-09-05T20:24:23","modified_gmt":"2026-09-05T20:24:23","slug":"harry-roselmack-partage-la-vie-de-jennifer-loin-detre-une-inconnue-on-sest-rencontres-au-bon-moment-on-se-complete-parfaitement","status":"publish","type":"post","link":"https:\/\/www.europesays.com\/ch-fr\/293487\/","title":{"rendered":"Harry Roselmack partage la vie de Jennifer, loin d&rsquo;\u00eatre une inconnue : \u201cOn s&rsquo;est rencontr\u00e9s au bon moment, on se compl\u00e8te parfaitement\u00a0\u00bb"},"content":{"rendered":"<p>\n    Depuis plus de deux ans, Harry Roselmack partage la vie de Jennifer Galap, une journaliste et animatrice de 35 ans. \u00c0 l&rsquo;occasion d\u2019un \u00e9v\u00e9nement particulier pour lui, le journaliste de 53 ans a accept\u00e9 de lever un peu le voile sur cette histoire qui semble aujourd&rsquo;hui avoir trouv\u00e9 son \u00e9quilibre.\n<\/p>\n<p>                            <img loading=\"lazy\" decoding=\"async\" class=\"player-thumbnail\" src=\"https:\/\/www.europesays.com\/ch-fr\/wp-content\/uploads\/2026\/09\/a5bfe2e3ed9b6b36-580x326-5.jpg\" width=\"580\" height=\"326\"\/><\/p>\n<p>                            Harry Roselmack partage la vie de Jennifer, loin d&rsquo;\u00eatre une inconnue : \u201cOn s&rsquo;est rencontr\u00e9s au bon moment, on se compl\u00e8te parfaitement\u00a0\u00bb<\/p>\n<p>Il est plut\u00f4t du genre \u00e0 <a href=\"https:\/\/www.purepeople.com\/article\/harry-roselmack-et-sa-compagne-jennifer-reunissent-leurs-proches-dans-un-lieu-dexception-pour-un-moment-important_a549413\/1\" rel=\"nofollow noopener\" target=\"_blank\">pr\u00e9server son jardin secret<\/a>. Mais pour les vingt ans de \u00ab\u00a0Sept \u00e0 Huit\u00a0\u00bb, <a href=\"https:\/\/www.purepeople.com\/people\/harry-roselmack_p302\" rel=\"nofollow noopener\" target=\"_blank\">Harry Roselmack<\/a> a accept\u00e9 de se livrer davantage sur <a href=\"https:\/\/www.purepeople.com\/article\/un-anniversaire-inoubliable-harry-roselmack-a-organise-une-grande-surprise-pour-sa-compagne-a-ibiza-elle-n-a-rien-vu-venir_a549185\/1\" rel=\"nofollow noopener\" target=\"_blank\">sa vie personnelle.<\/a> Dans un entretien accord\u00e9 \u00e0 Cin\u00e9-T\u00e9l\u00e9-Revue, le journaliste de 53 ans s&rsquo;est notamment confi\u00e9 sur celle qui partage d\u00e9sormais son quotidien. Depuis plus de deux ans, il file le parfait amour avec <a href=\"https:\/\/www.purepeople.com\/article\/harry-roselmack-sa-compagne-la-chroniqueuse-jennifer-galap-evoque-quel-beau-pere-il-est-pour-sa-fille-de-5-ans_a549581\/1\" rel=\"nofollow noopener\" target=\"_blank\">Jennifer Galap, animatrice radio et journaliste de 35 ans<\/a>. Une relation que le pr\u00e9sentateur d\u00e9crit avec beaucoup de tendresse : \u00ab\u00a0Elle m&rsquo;a appris un tas de choses. On s&rsquo;est rencontr\u00e9s au bon moment, et on se compl\u00e8te parfaitement.\u00a0\u00bb<\/p>\n<p>Une complicit\u00e9 qui semble s&rsquo;\u00eatre install\u00e9e naturellement entre les deux professionnels des m\u00e9dias. Harry Roselmack, qui <a href=\"https:\/\/www.purepeople.com\/article\/arnaque-au-faux-brad-pitt-harry-roselmack-sept-a-huit-prend-enfin-la-parole-les-faibles-sont_a533347\/1\" rel=\"nofollow noopener\" target=\"_blank\">pr\u00e9sente \u00ab\u00a0Sept \u00e0 Huit\u00a0\u00bb chaque dimanche<\/a> depuis 2006, assure m\u00eame avoir trouv\u00e9 avec sa compagne \u00ab\u00a0l&rsquo;\u00e9quilibre id\u00e9al\u00a0\u00bb. Le couple s&rsquo;\u00e9tait montr\u00e9 amoureux en 2024 <a href=\"https:\/\/www.purepeople.com\/article\/harry-roselmack-et-sa-compagne-jennifer-galap-muriel-robin-et-anne-le-nen-roland-garros-le-rendez-vous-des-couples-celebres_a550738\/1\" rel=\"nofollow noopener\" target=\"_blank\">dans les tribunes de Roland-Garros<\/a>. Depuis, les apparitions publiques du couple restent ponctuelles, \u00e0 l&rsquo;image de leur pr\u00e9sence au tournoi parisien en mai dernier. Et malgr\u00e9 leurs 18 ans d&rsquo;\u00e9cart, tous deux semblent surtout avoir trouv\u00e9 une v\u00e9ritable compl\u00e9mentarit\u00e9.<\/p>\n<p>Harry Roselmack et Jennifer Galap, une famille recompos\u00e9e soud\u00e9e<\/p>\n<p>Cette nouvelle histoire s&rsquo;inscrit aussi dans une famille d\u00e9j\u00e0 construite. Harry Roselmack a \u00e9t\u00e9 <a href=\"https:\/\/www.purepeople.com\/article\/harry-roselmack-evoque-son-divorce-avec-chrislaine-la-mere-de-ses-enfants-a-qui-il-a-ete-marie-20-ans-un-echec-pour-nous-5_a541346\/1\" rel=\"nofollow noopener\" target=\"_blank\">mari\u00e9 \u00e0 Chrislaine en 2001.<\/a> De leur union sont n\u00e9s <a href=\"https:\/\/www.purepeople.com\/article\/harry-roselmack-sept-a-huit-papa-ses-trois-enfants-qu-il-a-eus-avec-son-ex-femme-ont-des-envies-de-carrieres-tres-differentes-de-lui_a528891\/1\" rel=\"nofollow noopener\" target=\"_blank\">trois enfants : Omaya, en 2007, Yana\u00ebl, en 2008, et Leroy, en 2010<\/a>. Apr\u00e8s plus de vingt ans de vie commune, le couple avait annonc\u00e9 <a href=\"https:\/\/www.purepeople.com\/article\/harry-roselmack-separe-sa-femme-chrislaine-mere-de-ses-3-enfants-annonce-leur-rupture_a493848\/1\" rel=\"nofollow noopener\" target=\"_blank\">sa s\u00e9paration en 2022<\/a>. Une nouvelle page s&rsquo;est ensuite ouverte pour le journaliste, d\u00e9sormais install\u00e9 dans cette famille recompos\u00e9e aux c\u00f4t\u00e9s de Jennifer Galap et de sa fille Mya. La jeune femme, qui a f\u00eat\u00e9 ses 35 ans le 11 avril dernier, est elle-m\u00eame tr\u00e8s \u00e9panouie dans cette relation. Au printemps, elle d\u00e9crivait aupr\u00e8s de Gala une \u00ab\u00a0relation apais\u00e9e\u00a0\u00bb, reposant sur la \u00ab\u00a0stabilit\u00e9\u00a0\u00bb et la \u00ab\u00a0confiance mutuelle\u00a0\u00bb.<\/p>\n<p>Mya, aujourd&rsquo;hui \u00e2g\u00e9e de 5 ans, aurait \u00e9galement jou\u00e9 un r\u00f4le essentiel dans la naissance de cette nouvelle tribu. Lorsqu&rsquo;elle a rencontr\u00e9 les enfants de Harry, elle n&rsquo;avait que deux ans et demi. \u00ab\u00a0Mya a \u00e9t\u00e9 le lien dans cette famille recompos\u00e9e\u00a0\u00bb, expliquait Jennifer Galap. D\u00e9sormais, la fillette entretient \u00e9galement une relation tr\u00e8s douce avec le pr\u00e9sentateur de TF1, devenu un beau-p\u00e8re particuli\u00e8rement pr\u00e9sent. Sur le plan professionnel, Harry Roselmack continue parall\u00e8lement de faire les beaux jours de TF1. Vingt ans apr\u00e8s ses d\u00e9buts \u00e0 la t\u00eate de \u00ab\u00a0Sept \u00e0 Huit\u00a0\u00bb, il demeure indissociable du magazine dominical. Une long\u00e9vit\u00e9 exceptionnelle pour celui qui avait \u00e9galement pr\u00e9sent\u00e9 le journal de 20 heures de TF1 avant de choisir de s&rsquo;en \u00e9loigner pour pr\u00e9server davantage sa vie personnelle.<\/p>\n<p>        <img decoding=\"async\" class=\"thumb-img-100 thumb-img\" src=\"https:\/\/www.europesays.com\/ch-fr\/wp-content\/uploads\/2026\/09\/7605092-harry-roselmack-s-est-ressource-en-marti-320x180-4.jpg\" alt=\"Harry Roselmack : Rare photo de ses 3 enfants pendant des vacances en famille... avec son ex-femme Chrislaine ?\" width=\"320\" height=\"180\" loading=\"lazy\" role=\"presentation\"\/><\/p>\n<p>                                            Harry Roselmack : Rare photo de ses 3 enfants pendant des vacances en famille&#8230; avec son ex-femme Chrislaine ?<\/p>\n<p>        <img decoding=\"async\" class=\"thumb-img-100 thumb-img\" src=\"https:\/\/www.europesays.com\/ch-fr\/wp-content\/uploads\/2026\/09\/d7567356efcc66ce-320x180-2.jpg\" alt=\"Harry Roselmack en Martinique avec sa compagne Jennifer, elle aussi journaliste : le couple fait visiter la superbe villa qu'ils ont lou\u00e9e\" width=\"320\" height=\"180\" loading=\"lazy\" role=\"presentation\"\/><\/p>\n<p>                                            Harry Roselmack en Martinique avec sa compagne Jennifer, elle aussi journaliste : le couple fait visiter la superbe villa qu&rsquo;ils ont lou\u00e9e<\/p>\n<p>        <img decoding=\"async\" class=\"thumb-img-100 thumb-img\" src=\"https:\/\/www.europesays.com\/ch-fr\/wp-content\/uploads\/2026\/09\/d3a349eb1261ce37-320x180-2.jpg\" alt=\"Avant d\u2019\u00eatre animateur, Harry Roselmack a eu plusieurs vies\u2026 dont une totalement inattendue !\" width=\"320\" height=\"180\" loading=\"lazy\" role=\"presentation\"\/><\/p>\n<p>                                            Avant d\u2019\u00eatre animateur, Harry Roselmack a eu plusieurs vies\u2026 dont une totalement inattendue !<\/p>\n<p>                <img loading=\"lazy\" decoding=\"async\" src=\"https:\/\/www.europesays.com\/ch-fr\/wp-content\/uploads\/2026\/09\/1788639863_475_145-6602e1ce8ddc4-35x35-1.jpg\" class=\"author-article-picture\" width=\"35\" height=\"35\"\/><\/p>\n<p>                    Par<\/p>\n<p>                                            <a class=\"author-article-bio-link\" href=\"https:\/\/www.purepeople.com\/auteur\/lucie-gosselin_a145\" rel=\"nofollow noopener\" target=\"_blank\">Lucie Gosselin<\/a><\/p>\n<p>                    |<\/p>\n<p>                                            R\u00e9dactrice<\/p>\n<p>\n                Journaliste passionn\u00e9e, depuis plus de 10 ans, je r\u00e9alise des enqu\u00eates, des portraits, des reportages ou des interviews.\n            <\/p>\n","protected":false},"excerpt":{"rendered":"Depuis plus de deux ans, Harry Roselmack partage la vie de Jennifer Galap, une journaliste et animatrice de&hellip;\n","protected":false},"author":2,"featured_media":293488,"comment_status":"","ping_status":"","sticky":false,"template":"","format":"standard","meta":{"footnotes":"","_share_on_mastodon":"0"},"categories":[15],"tags":[158,157,113,112,159,23],"class_list":["post-293487","post","type-post","status-publish","format-standard","has-post-thumbnail","category-people","tag-celebrities","tag-celebrity","tag-divertissement","tag-entertainment","tag-people","tag-suisse"],"share_on_mastodon":{"url":"https:\/\/pubeurope.com\/@ch_fr\/117220309034328030","error":""},"_links":{"self":[{"href":"https:\/\/www.europesays.com\/ch-fr\/wp-json\/wp\/v2\/posts\/293487","targetHints":{"allow":["GET"]}}],"collection":[{"href":"https:\/\/www.europesays.com\/ch-fr\/wp-json\/wp\/v2\/posts"}],"about":[{"href":"https:\/\/www.europesays.com\/ch-fr\/wp-json\/wp\/v2\/types\/post"}],"author":[{"embeddable":true,"href":"https:\/\/www.europesays.com\/ch-fr\/wp-json\/wp\/v2\/users\/2"}],"replies":[{"embeddable":true,"href":"https:\/\/www.europesays.com\/ch-fr\/wp-json\/wp\/v2\/comments?post=293487"}],"version-history":[{"count":0,"href":"https:\/\/www.europesays.com\/ch-fr\/wp-json\/wp\/v2\/posts\/293487\/revisions"}],"wp:featuredmedia":[{"embeddable":true,"href":"https:\/\/www.europesays.com\/ch-fr\/wp-json\/wp\/v2\/media\/293488"}],"wp:attachment":[{"href":"https:\/\/www.europesays.com\/ch-fr\/wp-json\/wp\/v2\/media?parent=293487"}],"wp:term":[{"taxonomy":"category","embeddable":true,"href":"https:\/\/www.europesays.com\/ch-fr\/wp-json\/wp\/v2\/categories?post=293487"},{"taxonomy":"post_tag","embeddable":true,"href":"https:\/\/www.europesays.com\/ch-fr\/wp-json\/wp\/v2\/tags?post=293487"}],"curies":[{"name":"wp","href":"https:\/\/api.w.org\/{rel}","templated":true}]}}