{"id":293491,"date":"2026-09-05T20:27:19","date_gmt":"2026-09-05T20:27:19","guid":{"rendered":"https:\/\/www.europesays.com\/ch-fr\/293491\/"},"modified":"2026-09-05T20:27:19","modified_gmt":"2026-09-05T20:27:19","slug":"je-me-sens-bien-celine-dion-transforme-lentree-de-son-hotel-le-royal-monceau-en-fan-zone-avec-ses-admirateurs","status":"publish","type":"post","link":"https:\/\/www.europesays.com\/ch-fr\/293491\/","title":{"rendered":"\u00ab\u00a0Je me sens bien\u00a0!\u00a0\u00bb\u00a0: C\u00e9line Dion transforme l\u2019entr\u00e9e de son h\u00f4tel Le Royal Monceau en \u00ab\u00a0fan zone\u00a0\u00bb avec ses admirateurs"},"content":{"rendered":"<p>La plus fran\u00e7aise des Canadiennes, dont le grand retour sur sc\u00e8ne est pr\u00e9vu \u00e0 partir du 12\u00a0septembre, sur la sc\u00e8ne de la Pl\u00e9nitude Arena (anciennement Paris La D\u00e9fense Arena), n\u2019a pas choisi de se clo\u00eetrer comme Michel Polnareff qui s\u2019\u00e9tait retir\u00e9 du monde pendant pr\u00e8s de 800\u00a0jours, \u00e0 la fin des ann\u00e9es 1980, au Royal Monceau.<\/p>\n<p>Au contraire, chaque jour, la star qu\u00e9b\u00e9coise a r\u00e9ussi \u00e0 transformer le pied de son h\u00f4tel en rendez-vous quotidien pour ses admirateurs, entre deux r\u00e9p\u00e9titions. Chaque soir, des dizaines de fans se massent devant l\u2019\u00e9tablissement dans l\u2019espoir d\u2019apercevoir leur idole.<\/p>\n<p class=\"fs-5 \">\u00ab\u00a0Je dois garder mes distances pour pr\u00e9server ma sant\u00e9\u00a0\u00bb, a expliqu\u00e9 la plus fran\u00e7aise des canadiennes \u00e0 ses fans qui, quotidiennement, vient l\u2019encourager devant son h\u00f4tel. Tenus \u00e0 distance derri\u00e8re des barri\u00e8res, ils ont compris la n\u00e9cessit\u00e9 de maintenir l\u2019\u00e9loignement.<\/p>\n<p class=\"fs-5 \">\u00ab\u00a0On va trouver une solution pour les autographes. Si chaque soir je touche comme \u00e7a\u2026\u00a0\u00bb, explique C\u00e9line Dion g\u00ean\u00e9e, en mimant un \u00e9change de gestes. La star a annonc\u00e9 publiquement en 2022\u00a0souffrir du syndrome de la personne raide. Cette affection neurologique l\u2019a longtemps tenu \u00e9loign\u00e9 du public. Paris marque son grand retour mondial pour des shows qui tourneront \u00e0 guichets ferm\u00e9s.<\/p>\n<p class=\"fs-5 \">Cela ne l\u2019emp\u00eache pas la chanteuse de multiplier les gestes de proximit\u00e9, avec des sourires, saluts, quelques mots \u00e9chang\u00e9s, et parfois de v\u00e9ritables moments de communion improvis\u00e9s sur le trottoir.<\/p>\n<p>    <img src=\"https:\/\/www.europesays.com\/ch-fr\/wp-content\/uploads\/2026\/09\/ARTBLOCKVIEW-10718366-1128-0-1e726f1_ftp-1-1hd2gy1occ7d-afp-c7ae4aa.jpg\"   class=\"figure-img img-fluid rounded d-block mb-0 w-100\" loading=\"lazy\" decoding=\"async\" alt=\"Un fan de la chanteuse attend devant l\u2019h\u00f4tel parisien Le Royal Monceau. \"\/><\/p>\n<p>                                    Un fan de la chanteuse attend devant l\u2019h\u00f4tel parisien Le Royal Monceau.  <br \/>SIMON WOHLFAHRT \/ AFP<\/p>\n<p>    Le 1er\u00a0septembre, un mini-concert impromptu<\/p>\n<p class=\"fs-5 \">Le mardi 1er\u00a0septembre restera comme l\u2019un des moments forts de cette attente. V\u00eatue d\u2019une robe noire sign\u00e9e Loewe, C\u00e9line Dion est sortie de son h\u00f4tel pour saluer la foule masse, avant de se mettre \u00e0 entonner Pour que tu m\u2019aimes encore, sous les acclamations. L\u2019instant, film\u00e9 par de nombreux t\u00e9l\u00e9phones, a rapidement fait le tour des r\u00e9seaux sociaux.<\/p>\n<p class=\"fs-5 \">Le vendredi pr\u00e9c\u00e9dent, la chanteuse s\u2019\u00e9tait d\u00e9j\u00e0 montr\u00e9e proche de son public, en tenue plus d\u00e9contract\u00e9e, s\u2019avan\u00e7ant au plus pr\u00e8s de la barri\u00e8re pour saluer, danser quelques pas et envoyer des baisers, avant de rejoindre ses \u00e9quipes pour une nouvelle s\u00e9ance de r\u00e9p\u00e9titions. Sur TikTok, <a target=\"_blank\" rel=\"noopener noreferrer nofollow\" href=\"http:\/\/Ludi.info\">Ludi.info<\/a> a eu la chance de pouvoir poser quelques questions \u00e0 la star, qui lui a confi\u00e9 \u00ab\u00a0avoir la chance d\u2019\u00eatre l\u00e0 gr\u00e2ce \u00e0 vous\u00a0\u00bb, regretter de devoir rentrer pour se reposer et entonner \u00ab\u00a0Ella, elle a\u00a0\u00bb de France Gall..<\/p>\n<p>    Un retour sur sc\u00e8ne tr\u00e8s attendu<\/p>\n<p class=\"fs-5 \">Alors que le compte \u00e0 rebours touche \u00e0 sa fin avant le lever de rideau du 12\u00a0septembre, ces apparitions quotidiennes devant le Royal Monceau sont devenues, pour beaucoup de fans venus de toute l\u2019Europe, une fa\u00e7on d\u2019approcher au plus pr\u00e8s une artiste qu\u2019ils n\u2019esp\u00e9raient plus revoir sur sc\u00e8ne. Pour C\u00e9line Dion elle-m\u00eame, ce sont autant d\u2019occasions de rassurer son public sur son \u00e9tat de sant\u00e9, avant une s\u00e9rie de concerts annonc\u00e9e comme l\u2019un des \u00e9v\u00e9nements musicaux les plus marquants de l\u2019ann\u00e9e \u00e0 Paris.<\/p>\n","protected":false},"excerpt":{"rendered":"La plus fran\u00e7aise des Canadiennes, dont le grand retour sur sc\u00e8ne est pr\u00e9vu \u00e0 partir du 12\u00a0septembre, sur&hellip;\n","protected":false},"author":2,"featured_media":293492,"comment_status":"","ping_status":"","sticky":false,"template":"","format":"standard","meta":{"footnotes":"","_share_on_mastodon":"0"},"categories":[12],"tags":[113,112,140,141,23],"class_list":["post-293491","post","type-post","status-publish","format-standard","has-post-thumbnail","category-musique","tag-divertissement","tag-entertainment","tag-music","tag-musique","tag-suisse"],"share_on_mastodon":{"url":"https:\/\/pubeurope.com\/@ch_fr\/117220320975877979","error":""},"_links":{"self":[{"href":"https:\/\/www.europesays.com\/ch-fr\/wp-json\/wp\/v2\/posts\/293491","targetHints":{"allow":["GET"]}}],"collection":[{"href":"https:\/\/www.europesays.com\/ch-fr\/wp-json\/wp\/v2\/posts"}],"about":[{"href":"https:\/\/www.europesays.com\/ch-fr\/wp-json\/wp\/v2\/types\/post"}],"author":[{"embeddable":true,"href":"https:\/\/www.europesays.com\/ch-fr\/wp-json\/wp\/v2\/users\/2"}],"replies":[{"embeddable":true,"href":"https:\/\/www.europesays.com\/ch-fr\/wp-json\/wp\/v2\/comments?post=293491"}],"version-history":[{"count":0,"href":"https:\/\/www.europesays.com\/ch-fr\/wp-json\/wp\/v2\/posts\/293491\/revisions"}],"wp:featuredmedia":[{"embeddable":true,"href":"https:\/\/www.europesays.com\/ch-fr\/wp-json\/wp\/v2\/media\/293492"}],"wp:attachment":[{"href":"https:\/\/www.europesays.com\/ch-fr\/wp-json\/wp\/v2\/media?parent=293491"}],"wp:term":[{"taxonomy":"category","embeddable":true,"href":"https:\/\/www.europesays.com\/ch-fr\/wp-json\/wp\/v2\/categories?post=293491"},{"taxonomy":"post_tag","embeddable":true,"href":"https:\/\/www.europesays.com\/ch-fr\/wp-json\/wp\/v2\/tags?post=293491"}],"curies":[{"name":"wp","href":"https:\/\/api.w.org\/{rel}","templated":true}]}}