{"id":293493,"date":"2026-09-05T20:29:11","date_gmt":"2026-09-05T20:29:11","guid":{"rendered":"https:\/\/www.europesays.com\/ch-fr\/293493\/"},"modified":"2026-09-05T20:29:11","modified_gmt":"2026-09-05T20:29:11","slug":"miss-monde-2026-indira-ampiot-audrey-ho-wen-tsai-annaelle-ibo-laurence-fibleuil-si-laventure-sest-arretee-pour-les-ultramarines-la-nouvelle-miss-monde-est-caribeenne","status":"publish","type":"post","link":"https:\/\/www.europesays.com\/ch-fr\/293493\/","title":{"rendered":"Miss Monde 2026 : Indira Ampiot, Audrey Ho-Wen-Tsa\u00ef, Anna\u00eblle Ibo, Laurence Fibleuil\u2026 Si l\u2019aventure s\u2019est arr\u00eat\u00e9e pour les Ultramarines, la nouvelle Miss Monde est carib\u00e9enne"},"content":{"rendered":"<p class=\"svelte-qfpp5o first-paragraph\">Le suspense a pris fin ce samedi 5 septembre. Apr\u00e8s plusieurs semaines d\u2019\u00e9preuves pr\u00e9liminaires et de comp\u00e9titions, Joheirry Mola Dominguez, Miss R\u00e9publique dominicaine, a \u00e9t\u00e9 couronn\u00e9e Miss Monde 2026.<\/p>\n<p class=\"svelte-qfpp5o\">La candidate dominicaine a cr\u00e9\u00e9 la surprise en s\u2019imposant devant Elisabeth Reyn\u00e9s Alabern, Miss Espagne, premi\u00e8re dauphine, et Taanusiya Chetty, Miss Malaisie, deuxi\u00e8me dauphine.<\/p>\n<p class=\"svelte-qfpp5o\">Une victoire particuli\u00e8rement symbolique pour la r\u00e9gion puisque la nouvelle Miss Monde est originaire des Cara\u00efbes.<\/p>\n<p class=\"svelte-qfpp5o\">Pour rappel, c\u2019est la Tha\u00eflandaise Opal Suchata Chuangsri, Miss Monde 2025, qui d\u00e9tenait la couronne jusqu\u2019\u00e0 cette finale.<\/p>\n<p>Indira Ampiot termine dans le Top 12<\/p>\n<p class=\"svelte-qfpp5o\">Pour Indira Ampiot, l\u2019aventure s\u2019ach\u00e8ve avec une tr\u00e8s belle place dans le Top 12.<\/p>\n<p class=\"svelte-qfpp5o\">Miss France 2023, originaire de Guadeloupe, figurait parmi les favorites fran\u00e7aises de cette 75e \u00e9dition. Elle a notamment eu l\u2019occasion de s\u2019exprimer lors de la s\u00e9quence consacr\u00e9e aux candidates europ\u00e9ennes.<\/p>\n<p class=\"svelte-qfpp5o\">La question pos\u00e9e \u00e0 Miss France et \u00e0 Miss Espagne \u00e9tait : \u00ab Que pourriez-vous amener que personne d\u2019autre ne pourrait amener \u00e0 Miss Monde et que feriez-vous pendant votre r\u00e8gne ? \u00bb<\/p>\n<p class=\"text svelte-15qzpub\">\u00ab L\u2019Europe n\u2019est pas seulement un continent. Il s\u2019agit de diversit\u00e9, de force, de langage, de pays. Je peux repr\u00e9senter beaucoup de choses parce que je suis n\u00e9e sur une \u00eele fran\u00e7aise dans les Cara\u00efbes\u2026  \u00bb<\/p>\n<p> Indira Ampiot, miss France 2023 \u00b7 \u00a9Concours miss monde 2026<\/p>\n<p class=\"svelte-qfpp5o\">Apr\u00e8s avoir mis en avant ses origines guadeloup\u00e9ennes et carib\u00e9ennes, Indira Ampiot a ensuite rappel\u00e9 son engagement dans la lutte contre le cancer&#8230;M\u00eame si la miss, ne s&rsquo;exprimant pas dans sa langue maternelle, s\u2019est quelque peu emm\u00eal\u00e9e dans son discours.<\/p>\n<p class=\"svelte-qfpp5o\">Son parcours d&rsquo;excellence s\u2019arr\u00eate finalement aux portes du Top 6 europ\u00e9en, apr\u00e8s avoir int\u00e9gr\u00e9 le Top 12.<\/p>\n<p>Audrey Ho-Wen-Tsa\u00ef, un parcours historique pour la Guyane<\/p>\n<p class=\"svelte-qfpp5o\">Autre repr\u00e9sentante ultramarine engag\u00e9e dans la comp\u00e9tition : Audrey Ho-Wen-Tsa\u00ef, premi\u00e8re dauphine de Miss France 2024.<\/p>\n<p class=\"svelte-qfpp5o\">La Guyanaise a r\u00e9ussi \u00e0 d\u00e9crocher une place dans le Top 40. Une performance historique puisqu\u2019elle repr\u00e9sentait la Guyane fran\u00e7aise pour la toute premi\u00e8re fois au concours Miss Monde.<\/p>\n<p class=\"svelte-qfpp5o\">Elle avait auparavant remport\u00e9 le Multimedia Challenge pour le groupe Am\u00e9riques et Cara\u00efbes, ce qui lui avait permis d\u2019assurer sa qualification pour le Top 40.<\/p>\n<p class=\"svelte-qfpp5o\">Son aventure s\u2019est finalement arr\u00eat\u00e9 \u00e0 ce stade de la comp\u00e9tition.<\/p>\n<p>Anna\u00eblle Ibo et Laurence Fibleuil n\u2019iront pas plus loin<\/p>\n<p class=\"svelte-qfpp5o\">Deux autres candidates ultramarines \u00e9taient \u00e9galement engag\u00e9es cette ann\u00e9e : la Guadeloup\u00e9enne Anna\u00eblle Ibo et <a class=\"article-link svelte-123pfsg\" href=\"https:\/\/la1ere.franceinfo.fr\/martinique\/laurence-fibleuil-est-la-miss-world-martinique-2026-1710838.html\" target=\"_blank\" rel=\"noopener noreferrer nofollow\">la Martiniquaise Laurence Fibleuil<\/a>.<\/p>\n<p class=\"svelte-qfpp5o\">Elles esp\u00e9raient poursuivre l\u2019aventure et marcher dans les pas d\u2019<a class=\"article-link svelte-123pfsg\" href=\"https:\/\/la1ere.franceinfo.fr\/martinique\/miss-monde-2025-la-martiniquaise-aurelie-joachim-est-troisieme-dauphine-1591677.html\" target=\"_blank\" rel=\"noopener noreferrer nofollow\">Aur\u00e9lie Joachim, Miss Martinique, qui avait marqu\u00e9 l\u2019\u00e9dition pr\u00e9c\u00e9dente avec une troisi\u00e8me place de dauphine <\/a>ainsi que le titre de Miss World Am\u00e9riques et Cara\u00efbes.<\/p>\n<p class=\"svelte-qfpp5o\">Si aucune des deux miss n&rsquo;a atteint le top 40, Anna\u00eblle Ibo signe une belle performance au Talent Challenge o\u00f9 elle termine 2e avec son interpr\u00e9tation de La vie en rose, chanson d&rsquo;Edith Piaf. De son c\u00f4t\u00e9, Laurence Fibleuil avait atteint le top 5 Cara\u00efbes-Am\u00e9riques au Head to head Challenge.<\/p>\n<p class=\"svelte-qfpp5o\">Cette ann\u00e9e, aucune des candidates ultramarines fran\u00e7aises n\u2019aura toutefois r\u00e9ussi \u00e0 atteindre le carr\u00e9 final.<\/p>\n<p>Une finale perturb\u00e9e par la pluie au Vietnam<\/p>\n<p class=\"svelte-qfpp5o\">La grande finale a \u00e9galement \u00e9t\u00e9 marqu\u00e9e par un impr\u00e9vu digne des joies du direct. Alors que la c\u00e9r\u00e9monie se d\u00e9roulait en ext\u00e9rieur au Vietnam, la pluie s\u2019est invit\u00e9e sur le site.<\/p>\n<p class=\"svelte-qfpp5o\">La retransmission de la comp\u00e9tition a ainsi \u00e9t\u00e9 brusquement interrompue pendant plusieurs minutes. L\u2019organisation a diffus\u00e9 des images retra\u00e7ant le mois de comp\u00e9tition en attendant de pouvoir reprendre la c\u00e9r\u00e9monie.<\/p>\n<p>La France attend toujours une nouvelle Miss Monde<\/p>\n<p class=\"svelte-qfpp5o\">Malgr\u00e9 le beau parcours d\u2019Indira Ampiot, la France devra encore patienter avant de voir une nouvelle Fran\u00e7aise inscrire son nom au palmar\u00e8s de Miss Monde. La derni\u00e8re victoire fran\u00e7aise remonte \u00e0 1953, avec Denise Perrier.<\/p>\n<p class=\"svelte-qfpp5o\">Rendez-vous l&rsquo;ann\u00e9e prochaine pour une possible victoire ultramarine lors d&rsquo;une comp\u00e9tition pleine de surprises&#8230; Pour la premi\u00e8re fois en plus de 70 ans : le concours sera organis\u00e9 sur le continent africain. Miss Monde 2027 se d\u00e9roulera en Tanzanie.<\/p>\n","protected":false},"excerpt":{"rendered":"Le suspense a pris fin ce samedi 5 septembre. Apr\u00e8s plusieurs semaines d\u2019\u00e9preuves pr\u00e9liminaires et de comp\u00e9titions, Joheirry&hellip;\n","protected":false},"author":2,"featured_media":293494,"comment_status":"","ping_status":"","sticky":false,"template":"","format":"standard","meta":{"footnotes":"","_share_on_mastodon":"0"},"categories":[10],"tags":[113,112,23],"class_list":["post-293493","post","type-post","status-publish","format-standard","has-post-thumbnail","category-divertissement","tag-divertissement","tag-entertainment","tag-suisse"],"share_on_mastodon":{"url":"https:\/\/pubeurope.com\/@ch_fr\/117220328663576571","error":""},"_links":{"self":[{"href":"https:\/\/www.europesays.com\/ch-fr\/wp-json\/wp\/v2\/posts\/293493","targetHints":{"allow":["GET"]}}],"collection":[{"href":"https:\/\/www.europesays.com\/ch-fr\/wp-json\/wp\/v2\/posts"}],"about":[{"href":"https:\/\/www.europesays.com\/ch-fr\/wp-json\/wp\/v2\/types\/post"}],"author":[{"embeddable":true,"href":"https:\/\/www.europesays.com\/ch-fr\/wp-json\/wp\/v2\/users\/2"}],"replies":[{"embeddable":true,"href":"https:\/\/www.europesays.com\/ch-fr\/wp-json\/wp\/v2\/comments?post=293493"}],"version-history":[{"count":0,"href":"https:\/\/www.europesays.com\/ch-fr\/wp-json\/wp\/v2\/posts\/293493\/revisions"}],"wp:featuredmedia":[{"embeddable":true,"href":"https:\/\/www.europesays.com\/ch-fr\/wp-json\/wp\/v2\/media\/293494"}],"wp:attachment":[{"href":"https:\/\/www.europesays.com\/ch-fr\/wp-json\/wp\/v2\/media?parent=293493"}],"wp:term":[{"taxonomy":"category","embeddable":true,"href":"https:\/\/www.europesays.com\/ch-fr\/wp-json\/wp\/v2\/categories?post=293493"},{"taxonomy":"post_tag","embeddable":true,"href":"https:\/\/www.europesays.com\/ch-fr\/wp-json\/wp\/v2\/tags?post=293493"}],"curies":[{"name":"wp","href":"https:\/\/api.w.org\/{rel}","templated":true}]}}