{"id":293497,"date":"2026-09-05T20:31:11","date_gmt":"2026-09-05T20:31:11","guid":{"rendered":"https:\/\/www.europesays.com\/ch-fr\/293497\/"},"modified":"2026-09-05T20:31:11","modified_gmt":"2026-09-05T20:31:11","slug":"hockey-sur-glace-ligue-des-champions-les-boxers-de-bordeaux-signent-une-premiere-victoire-historique-face-au-champion-dautriche","status":"publish","type":"post","link":"https:\/\/www.europesays.com\/ch-fr\/293497\/","title":{"rendered":"Hockey sur glace (Ligue des champions)\u00a0: les Boxers de Bordeaux signent une premi\u00e8re victoire historique face au champion d\u2019Autriche"},"content":{"rendered":"<p>            Les g\u00e2chettes bordelaises<\/p>\n<p>Le portier canadien a eu de quoi faire face aux attaques toujours dangereuses des Boxers. Sans parler de quelques tirs venus d\u2019ailleurs. Le premier partait de la crosse du jeune Tournier, form\u00e9 au club, qui caressait le filet droit pour \u00e9galiser (1-1, 16\u201916). Pas le temps de se replacer, les Autrichiens voyaient Guillaume, 11e saison avec les Boxers, mettre les siens devant au score (1-2, 16\u201956). Ils tenaient leur avance avant d\u2019encaisser l\u2019\u00e9galisation locale juste avant la fin du deuxi\u00e8me tiers (2-2, 38e).<\/p>\n<p>Une sup\u00e9riorit\u00e9 s\u2019offrait d\u00e8s l\u2019entame de la derni\u00e8re p\u00e9riode mais Lagac\u00e9 restait vigilant et bloquait le palet en s\u2019allongeant dessus apr\u00e8s un shoot de Beaudry. \u00ab\u00a0On continue, disciplin\u00e9 mais on continue\u00a0\u00bb, lan\u00e7ait Dimet. Le capitaine Dusseau s\u2019ex\u00e9cutait sur le th\u00e8me de la soir\u00e9e avec son sp\u00e9cial tir de loin (2-3, 52e). Dans les derni\u00e8res secondes, les Autrichiens sortaient leur gardien mais se faisaient corriger sur une perte de palet parfaitement exploit\u00e9e par Mongo, nouvelle recrue, et d\u00e9j\u00e0 tr\u00e8s solide (2-4, 59e).<\/p>\n","protected":false},"excerpt":{"rendered":"Les g\u00e2chettes bordelaises Le portier canadien a eu de quoi faire face aux attaques toujours dangereuses des Boxers.&hellip;\n","protected":false},"author":2,"featured_media":293498,"comment_status":"","ping_status":"","sticky":false,"template":"","format":"standard","meta":{"footnotes":"","_share_on_mastodon":"0"},"categories":[8],"tags":[75,23],"class_list":["post-293497","post","type-post","status-publish","format-standard","has-post-thumbnail","category-sports","tag-sports","tag-suisse"],"share_on_mastodon":{"url":"https:\/\/pubeurope.com\/@ch_fr\/117220336432844130","error":""},"_links":{"self":[{"href":"https:\/\/www.europesays.com\/ch-fr\/wp-json\/wp\/v2\/posts\/293497","targetHints":{"allow":["GET"]}}],"collection":[{"href":"https:\/\/www.europesays.com\/ch-fr\/wp-json\/wp\/v2\/posts"}],"about":[{"href":"https:\/\/www.europesays.com\/ch-fr\/wp-json\/wp\/v2\/types\/post"}],"author":[{"embeddable":true,"href":"https:\/\/www.europesays.com\/ch-fr\/wp-json\/wp\/v2\/users\/2"}],"replies":[{"embeddable":true,"href":"https:\/\/www.europesays.com\/ch-fr\/wp-json\/wp\/v2\/comments?post=293497"}],"version-history":[{"count":0,"href":"https:\/\/www.europesays.com\/ch-fr\/wp-json\/wp\/v2\/posts\/293497\/revisions"}],"wp:featuredmedia":[{"embeddable":true,"href":"https:\/\/www.europesays.com\/ch-fr\/wp-json\/wp\/v2\/media\/293498"}],"wp:attachment":[{"href":"https:\/\/www.europesays.com\/ch-fr\/wp-json\/wp\/v2\/media?parent=293497"}],"wp:term":[{"taxonomy":"category","embeddable":true,"href":"https:\/\/www.europesays.com\/ch-fr\/wp-json\/wp\/v2\/categories?post=293497"},{"taxonomy":"post_tag","embeddable":true,"href":"https:\/\/www.europesays.com\/ch-fr\/wp-json\/wp\/v2\/tags?post=293497"}],"curies":[{"name":"wp","href":"https:\/\/api.w.org\/{rel}","templated":true}]}}