{"id":293501,"date":"2026-09-05T20:33:17","date_gmt":"2026-09-05T20:33:17","guid":{"rendered":"https:\/\/www.europesays.com\/ch-fr\/293501\/"},"modified":"2026-09-05T20:33:17","modified_gmt":"2026-09-05T20:33:17","slug":"yverdon-les-bains-un-universitaire-accuse-de-violences-familiales","status":"publish","type":"post","link":"https:\/\/www.europesays.com\/ch-fr\/293501\/","title":{"rendered":"Yverdon-les-Bains : un universitaire accus\u00e9 de violences familiales"},"content":{"rendered":"<p><img loading=\"lazy\" decoding=\"async\" src=\"https:\/\/www.europesays.com\/ch-fr\/wp-content\/uploads\/2026\/09\/04092b62-663d-4121-83df-1fd9dc73b4c0.jpg\" alt=\"Les trois s\u0153urs accusent leur p\u00e8re d'avoir fait r\u00e9gner un climat de peur et affirment avoir \u00e9t\u00e9 frapp\u00e9es. (image d'illustration)\" title=\"Les trois s\u0153urs accusent leur p\u00e8re d'avoir fait r\u00e9gner un climat de peur et affirment avoir \u00e9t\u00e9 frapp\u00e9es. (image d'illustration)\"  width=\"1200\" height=\"802\"\/>Les trois s\u0153urs accusent leur p\u00e8re d&rsquo;avoir fait r\u00e9gner un climat de peur et affirment avoir \u00e9t\u00e9 frapp\u00e9es. (image d&rsquo;illustration)Getty Images\/iStockphoto<\/p>\n<p type=\"textBlockArray\" class=\"sc-96fb0400-2 bwOXSg\">\u00abIl a red\u00e9marr\u00e9 la voiture en me laissant seule sur une aire d&rsquo;autoroute pendant trois \u00e0 cinq minutes. Pour moi, c&rsquo;\u00e9tait un moment interminable. J&rsquo;avais cinq ans. Depuis, j&rsquo;ai peur de l&rsquo;abandon.\u00bb \u00c0 seize ans, Lucie* parle de son p\u00e8re, \u00c9ric*, en l\u2019appelant d\u00e9sormais \u00able pr\u00e9venu\u00bb. Jeudi, devant le tribunal, l\u2019adolescente a livr\u00e9 un t\u00e9moignage pos\u00e9, mais marqu\u00e9 par une souffrance ancienne.<\/p>\n<p type=\"textBlockArray\" class=\"sc-96fb0400-2 bwOXSg\">Ses deux s\u0153urs, Zo\u00e9* et C\u00e9cile*, aujourd\u2019hui \u00e2g\u00e9es de 19 et 18 ans, d\u00e9crivent, elles aussi, un climat familial domin\u00e9 par la peur, les cris et les gestes violents. Toutes trois affirment avoir subi des coups lorsqu\u2019elles \u00e9taient mineures. \u00abJe ne voulais pas sortir de la salle de bains. Il est entr\u00e9 et m&rsquo;a frapp\u00e9e au visage. J&rsquo;avais des bagues aux dents. Je me suis mise \u00e0 saigner\u00bb, a t\u00e9moign\u00e9 Zo\u00e9.<\/p>\n<p>Expos\u00e9e \u00e0 une photo pornographique de son p\u00e8re <\/p>\n<p type=\"textBlockArray\" class=\"sc-96fb0400-2 bwOXSg\">Dans la salle d\u2019audience, le contraste est saisissant entre ces trois jeunes femmes calmes, mesur\u00e9es dans leurs d\u00e9clarations, et la gravit\u00e9 des faits qu\u2019elles relatent. La ressemblance physique avec leur p\u00e8re, universitaire jouissant d&rsquo;une certaine notori\u00e9t\u00e9 dans son domaine d&rsquo;activit\u00e9, est frappante. Elle l\u2019est au point que Lucie aurait r\u00e9ussi \u00e0 d\u00e9verrouiller le t\u00e9l\u00e9phone d\u2019\u00c9ric, gr\u00e2ce \u00e0 la reconnaissance faciale et au code qu&rsquo;\u00c9ric lui aurait transmis. Ce qu\u2019elle y a d\u00e9couvert la hante encore: une photo de son p\u00e8re nu dans une situation des plus scabreuses.<\/p>\n<p class=\"sc-d91866bb-4 bFMTkB\">\u00abQuinze ans de violences avant le mariage et quinze autres ann\u00e9es de violences durant le mariage\u00bb<\/p>\n<p>La m\u00e8re des trois jeunes femmes et ex-\u00e9pouse de l&rsquo;accus\u00e9<\/p>\n<p type=\"textBlockArray\" class=\"sc-96fb0400-2 bwOXSg\">Pour l\u2019accusation et les parties plaignantes, ces \u00e9l\u00e9ments ne rel\u00e8vent pas d\u2019\u00e9pisodes isol\u00e9s, mais d\u2019un fonctionnement familial durablement destructeur. Chantal*, la maman, a r\u00e9sum\u00e9 sa relation avec \u00c9ric en \u00abquinze ans de violences avant le mariage et quinze autres ann\u00e9es de violences durant le mariage\u00bb. Son avocat, Me Philippe Oguey, a d\u00e9crit un homme exer\u00e7ant une domination constante sur son foyer. \u00abIl s&rsquo;est comport\u00e9 en tyran domestique. Il manipulait sa femme et frappait leurs filles jusqu&rsquo;\u00e0 les faire saigner. Il a mis en place une relation d&#8217;emprise\u00bb, a-t-il plaid\u00e9. Selon lui, les violences physiques all\u00e9gu\u00e9es s\u2019inscrivent dans un contexte plus large de rabaissements, de culpabilisation et de pression psychologique.<\/p>\n<p>D\u00e9veloppement psychique en p\u00e9ril<\/p>\n<p type=\"textBlockArray\" class=\"sc-96fb0400-2 bwOXSg\">Me Micha\u00ebl Geiger, conseil des trois filles, a abond\u00e9 dans le m\u00eame sens. Il a soutenu que le d\u00e9veloppement psychique de Lucie, Zo\u00e9 et C\u00e9cile a \u00e9t\u00e9 \u00abmis en danger\u00bb par le comportement d\u2019\u00c9ric. Les jeunes femmes, toutes suivies sur le plan psy, d\u00e9crivent un p\u00e8re capable, selon elles, d\u2019alterner gestes brutaux, insultes et propos culpabilisants. Le dossier \u00e9voque \u00e9galement l\u2019exposition de Lucie \u00e0 plusieurs contenus pornographiques sur le t\u00e9l\u00e9phone paternel.<\/p>\n<p><img loading=\"lazy\" decoding=\"async\" src=\"https:\/\/www.europesays.com\/ch-fr\/wp-content\/uploads\/2026\/09\/31d66ac4-7057-4d6f-90db-4391591b0e4f.jpg\" alt=\"La plus jeune des filles aurait \u00e9t\u00e9 confront\u00e9e \u00e0 des contenus pornographiques sur le t\u00e9l\u00e9phone de son p\u00e8re. (image d'illustration)\" title=\"La plus jeune des filles aurait \u00e9t\u00e9 confront\u00e9e \u00e0 des contenus pornographiques sur le t\u00e9l\u00e9phone de son p\u00e8re. (image d'illustration)\"  width=\"1200\" height=\"800\"\/>La plus jeune des filles aurait \u00e9t\u00e9 confront\u00e9e \u00e0 des contenus pornographiques sur le t\u00e9l\u00e9phone de son p\u00e8re. (image d&rsquo;illustration)Getty Images<\/p>\n<p>\u00abInstrumentalisation de la justice\u00bb<\/p>\n<p type=\"textBlockArray\" class=\"sc-96fb0400-2 bwOXSg\">La d\u00e9fense rejette fermement cette lecture. Pour Me Raphael Brochellaz, avocat d\u2019\u00c9ric, ce proc\u00e8s est avant tout le produit d&rsquo;une \u00abinstrumentalisation de la justice dans le cadre d&rsquo;un conflit conjugal avec des filles mineures qui ont fait front commun avec leur maman\u00bb. Il a insist\u00e9 sur le contexte de s\u00e9paration, estimant que les accusations doivent \u00eatre examin\u00e9es avec une grande prudence.<\/p>\n<p class=\"sc-d91866bb-4 bFMTkB\">\u00abC&rsquo;est un catalogue de reproches pour peindre mon client en tyran domestique\u00bb<\/p>\n<p>Me Raphael Brochellaz, avocat du pr\u00e9venu<\/p>\n<p type=\"textBlockArray\" class=\"sc-96fb0400-2 bwOXSg\">L\u2019avocat a aussi critiqu\u00e9 la construction du dossier p\u00e9nal. Selon lui, l\u2019acte d\u2019accusation manque de pr\u00e9cision. \u00abC&rsquo;est un catalogue de reproches pour peindre mon client en tyran domestique\u00bb, a-t-il lanc\u00e9 devant le tribunal. Concernant les images pornographiques, la d\u00e9fense a relev\u00e9 qu\u2019elles auraient \u00e9t\u00e9 visionn\u00e9es alors qu\u2019\u00c9ric dormait, et non montr\u00e9es volontairement. Me Brochellaz a demand\u00e9 l\u2019acquittement complet de son client.<\/p>\n<p type=\"textBlockArray\" class=\"sc-96fb0400-2 bwOXSg\">Absente des d\u00e9bats, la procureure avait requis neuf mois de prison, assortis d\u2019un sursis de trois ans, ainsi qu\u2019une amende de 5000 francs, \u00e0 titre de sanction imm\u00e9diate et contraventionnelle. Le Tribunal rendra son verdict par \u00e9crit aux parties, ces prochains jours.<\/p>\n<p type=\"textBlockArray\" class=\"sc-96fb0400-2 bwOXSg\">* Pr\u00e9noms d&#8217;emprunt<\/p>\n<p class=\"sc-6d297a98-4 fjxCDh\">T\u00e9moin, victime ou auteur\u00b7e de violence? <\/p>\n<p>Police: 117Urgences m\u00e9dicales: 144Aide aux victimes : 142 (num\u00e9ro gratuit et confidentiel)La Main Tendue (adultes): 143Pro Juventute (jeunes): 147<a rel=\"nofollow noopener\" href=\"https:\/\/www.aide-aux-victimes.ch\/fr\" target=\"_blank\">Aide aux victimes<\/a> LAVI<a rel=\"nofollow noopener\" href=\"https:\/\/www.violencequefaire.ch\/\" target=\"_blank\">Violencequefaire<\/a>\u00a0(anonyme et gratuit, r\u00e9ponse dans les 3 jours)<\/p>\n","protected":false},"excerpt":{"rendered":"Les trois s\u0153urs accusent leur p\u00e8re d&rsquo;avoir fait r\u00e9gner un climat de peur et affirment avoir \u00e9t\u00e9 frapp\u00e9es.&hellip;\n","protected":false},"author":2,"featured_media":293502,"comment_status":"","ping_status":"","sticky":false,"template":"","format":"standard","meta":{"footnotes":"","_share_on_mastodon":"0"},"categories":[6],"tags":[45,44,43,23],"class_list":["post-293501","post","type-post","status-publish","format-standard","has-post-thumbnail","category-economie","tag-business","tag-economie","tag-economy","tag-suisse"],"share_on_mastodon":{"url":"https:\/\/pubeurope.com\/@ch_fr\/117220344482043573","error":""},"_links":{"self":[{"href":"https:\/\/www.europesays.com\/ch-fr\/wp-json\/wp\/v2\/posts\/293501","targetHints":{"allow":["GET"]}}],"collection":[{"href":"https:\/\/www.europesays.com\/ch-fr\/wp-json\/wp\/v2\/posts"}],"about":[{"href":"https:\/\/www.europesays.com\/ch-fr\/wp-json\/wp\/v2\/types\/post"}],"author":[{"embeddable":true,"href":"https:\/\/www.europesays.com\/ch-fr\/wp-json\/wp\/v2\/users\/2"}],"replies":[{"embeddable":true,"href":"https:\/\/www.europesays.com\/ch-fr\/wp-json\/wp\/v2\/comments?post=293501"}],"version-history":[{"count":0,"href":"https:\/\/www.europesays.com\/ch-fr\/wp-json\/wp\/v2\/posts\/293501\/revisions"}],"wp:featuredmedia":[{"embeddable":true,"href":"https:\/\/www.europesays.com\/ch-fr\/wp-json\/wp\/v2\/media\/293502"}],"wp:attachment":[{"href":"https:\/\/www.europesays.com\/ch-fr\/wp-json\/wp\/v2\/media?parent=293501"}],"wp:term":[{"taxonomy":"category","embeddable":true,"href":"https:\/\/www.europesays.com\/ch-fr\/wp-json\/wp\/v2\/categories?post=293501"},{"taxonomy":"post_tag","embeddable":true,"href":"https:\/\/www.europesays.com\/ch-fr\/wp-json\/wp\/v2\/tags?post=293501"}],"curies":[{"name":"wp","href":"https:\/\/api.w.org\/{rel}","templated":true}]}}