{"id":293503,"date":"2026-09-05T20:35:27","date_gmt":"2026-09-05T20:35:27","guid":{"rendered":"https:\/\/www.europesays.com\/ch-fr\/293503\/"},"modified":"2026-09-05T20:35:27","modified_gmt":"2026-09-05T20:35:27","slug":"johanna-gapany-renonce-a-un-troisieme-mandat-aux-etats","status":"publish","type":"post","link":"https:\/\/www.europesays.com\/ch-fr\/293503\/","title":{"rendered":"Johanna Gapany renonce \u00e0 un troisi\u00e8me mandat aux \u00c9tats"},"content":{"rendered":"<p>La conseill\u00e8re aux Etats fribourgeoise Johanna Gapany ne briguera pas un troisi\u00e8me mandat lors des \u00e9lections f\u00e9d\u00e9rales de 2027, a annonc\u00e9 jeudi soir dans un communiqu\u00e9 la section fribourgeoise du PLR. La Gru\u00e9rienne dit vouloir retourner sur le march\u00e9 du travail.<\/p>\n<p>\u00ab\u00a0Si j&rsquo;avais pu choisir un planning, ce n&rsquo;\u00e9tait absolument pas celui-ci\u00a0\u00bb, explique Johanna Gapany vendredi dans l&rsquo;\u00e9mission Forum. Elle dit avoir voulu \u00e9viter que son retrait soit annonc\u00e9 par des rumeurs, qui circulaient depuis plusieurs semaines. \u00ab\u00a0Je n&rsquo;avais pas envie que la population ou que mon parti l&rsquo;apprenne par d&rsquo;autres voies.\u00a0\u00bb<\/p>\n<p> &gt;&gt; Son interview dans Forum\u00a0:    La future ex-conseill\u00e8re aux Etats Johanna Gapany (PLR\/FR) fait le bilan de son parcours politique: interview de Johanna Gapany \/ Forum \/ 4 min. \/ hier \u00e0 18:09 Une d\u00e9cision m\u00fbrement r\u00e9fl\u00e9chie<\/p>\n<p>La conseill\u00e8re aux Etats assure que sa d\u00e9cision n&rsquo;est pas li\u00e9e \u00e0 sa r\u00e9\u00e9lection de 2023, remport\u00e9e avec une avance de quelque 900 voix. \u00ab\u00a0J&rsquo;ai m\u00eame fait une r\u00e9\u00e9lection qui \u00e9tait meilleure que la fois pr\u00e9c\u00e9dente\u00a0\u00bb, affirme-t-elle.<\/p>\n<p>Johanna Gapany explique avoir toujours su qu&rsquo;elle ne resterait pas au Conseil des Etats jusqu&rsquo;\u00e0 la retraite. Elue \u00e0 31 ans en 2019, elle estime que 2028 sera le bon moment pour retrouver une activit\u00e9 professionnelle hors mandat politique.<\/p>\n<p>Elle pr\u00e9cise ne pas exclure un retour en politique plus tard, notamment au Conseil d&rsquo;Etat fribourgeois, soulignant son attachement au syst\u00e8me de milice.<\/p>\n<p> &gt;&gt; Ecouter aussi les pr\u00e9cisions dans Forum\u00a0:    Johanna Gapany, conseill\u00e8re aux Etats PLR fribourgeoise, ne se repr\u00e9sentera pas aux \u00e9lections f\u00e9d\u00e9rales \/ Forum \/ 2 min. \/ hier \u00e0 18:08 Le PLR doit d\u00e9sormais lui trouver une succession<\/p>\n<p>Le retrait de Johanna Gapany ouvre la course \u00e0 sa succession au Conseil des Etats. Le conseiller d&rsquo;Etat Didier Castella, dont le nom avait r\u00e9guli\u00e8rement circul\u00e9 parmi les candidats potentiels, a d\u00e9j\u00e0 indiqu\u00e9 qu&rsquo;il ne se lancerait pas. Il brigue sa r\u00e9\u00e9lection au gouvernement fribourgeois dans deux mois.<\/p>\n<p>D&rsquo;autres partis pourraient tenter de r\u00e9cup\u00e9rer le si\u00e8ge. L&rsquo;UDC pourrait notamment compter sur le conseiller national Nicolas Kolly, tandis que la gauche peut esp\u00e9rer reprendre le si\u00e8ge qu&rsquo;elle avait perdu en 2021.<\/p>\n<p>Johanna Gapany est membre de la commission des finances (CdF), de la commission de la s\u00e9curit\u00e9 sociale et de la s\u00e9curit\u00e9 publique (CSSS) et de la commission de la science, de l&rsquo;\u00e9ducation et de la culture (CSEC).<\/p>\n<p> &gt;&gt; Le sujet du 12h45\u00a0:   <img decoding=\"async\" class=\"embed-responsive-item\" loading=\"lazy\" src=\"https:\/\/www.europesays.com\/ch-fr\/wp-content\/uploads\/2026\/09\/3b141bdd-29347616.image.jpeg\" alt=\"La s\u00e9natrice Johanna Gapany (PLR\/FR) ne se repr\u00e9sentera pas au Conseil des \u00c9tats\"\/>    La s\u00e9natrice Johanna Gapany (PLR\/FR) ne se repr\u00e9sentera pas au Conseil des \u00c9tats \/ 12h45 \/ 17 sec. \/ hier \u00e0 12:45 <\/p>\n<p class=\"sources\">Sujet radio: Mehdi Piccand<\/p>\n<p class=\"credit\">Adaptation web: ats\/bero<\/p>\n","protected":false},"excerpt":{"rendered":"La conseill\u00e8re aux Etats fribourgeoise Johanna Gapany ne briguera pas un troisi\u00e8me mandat lors des \u00e9lections f\u00e9d\u00e9rales de&hellip;\n","protected":false},"author":2,"featured_media":293504,"comment_status":"","ping_status":"","sticky":false,"template":"","format":"standard","meta":{"footnotes":"","_share_on_mastodon":"0"},"categories":[3],"tags":[3521,4851,448,12840,739,1047,211,741,5966,6702,1095,2440,2243,92,23],"class_list":["post-293503","post","type-post","status-publish","format-standard","has-post-thumbnail","category-suisse","tag-commission","tag-conseil-des-etats","tag-elections","tag-elections-federales-suisses","tag-elections-nationales","tag-etat","tag-fribourg","tag-gouvernement","tag-johanna-gapany","tag-marche-du-travail","tag-parti-politique","tag-partis-politiques","tag-plr","tag-politique","tag-suisse"],"share_on_mastodon":{"url":"https:\/\/pubeurope.com\/@ch_fr\/117220352200145131","error":""},"_links":{"self":[{"href":"https:\/\/www.europesays.com\/ch-fr\/wp-json\/wp\/v2\/posts\/293503","targetHints":{"allow":["GET"]}}],"collection":[{"href":"https:\/\/www.europesays.com\/ch-fr\/wp-json\/wp\/v2\/posts"}],"about":[{"href":"https:\/\/www.europesays.com\/ch-fr\/wp-json\/wp\/v2\/types\/post"}],"author":[{"embeddable":true,"href":"https:\/\/www.europesays.com\/ch-fr\/wp-json\/wp\/v2\/users\/2"}],"replies":[{"embeddable":true,"href":"https:\/\/www.europesays.com\/ch-fr\/wp-json\/wp\/v2\/comments?post=293503"}],"version-history":[{"count":0,"href":"https:\/\/www.europesays.com\/ch-fr\/wp-json\/wp\/v2\/posts\/293503\/revisions"}],"wp:featuredmedia":[{"embeddable":true,"href":"https:\/\/www.europesays.com\/ch-fr\/wp-json\/wp\/v2\/media\/293504"}],"wp:attachment":[{"href":"https:\/\/www.europesays.com\/ch-fr\/wp-json\/wp\/v2\/media?parent=293503"}],"wp:term":[{"taxonomy":"category","embeddable":true,"href":"https:\/\/www.europesays.com\/ch-fr\/wp-json\/wp\/v2\/categories?post=293503"},{"taxonomy":"post_tag","embeddable":true,"href":"https:\/\/www.europesays.com\/ch-fr\/wp-json\/wp\/v2\/tags?post=293503"}],"curies":[{"name":"wp","href":"https:\/\/api.w.org\/{rel}","templated":true}]}}