{"id":293505,"date":"2026-09-05T20:36:12","date_gmt":"2026-09-05T20:36:12","guid":{"rendered":"https:\/\/www.europesays.com\/ch-fr\/293505\/"},"modified":"2026-09-05T20:36:12","modified_gmt":"2026-09-05T20:36:12","slug":"audrey-werro-remporte-la-finale-de-la-diamond-league-a-bruxelles","status":"publish","type":"post","link":"https:\/\/www.europesays.com\/ch-fr\/293505\/","title":{"rendered":"Audrey Werro remporte la finale de la Diamond League \u00e0 Bruxelles"},"content":{"rendered":"<p class=\"wysiwyg-h2\">Audrey Werro a d\u00e9croch\u00e9 une nouvelle victoire sur 800 m en Diamond League samedi lors des finales de Bruxelles. La Fribourgeoise a devanc\u00e9 de justesse la N\u00e9erlandaise Femke Broders-Bol en 1&rsquo;54\u00a0\u00bb75.<\/p>\n<p>La championne d&rsquo;Europe aura donc remport\u00e9 les six courses de Diamond League auxquelles elle a pris part cette saison. Apr\u00e8s Rabat, Stockholm, Paris, Lausanne et Zurich, elle a lev\u00e9 les bras \u00e0 Bruxelles, o\u00f9 elle a soulev\u00e9 son deuxi\u00e8me &lsquo;diamant&rsquo; des finales apr\u00e8s celui d\u00e9croch\u00e9 l&rsquo;an dernier lors du Weltklasse.<\/p>\n<p>Sans doute diminu\u00e9e par l&rsquo;encha\u00eenement des courses en cette fin de saison, Werro n&rsquo;a toutefois pas am\u00e9lior\u00e9 son record de Suisse, dix jours apr\u00e8s avoir couru en 1&rsquo;53\u00a0\u00bb70 (3e performance de tous les temps) au Letzigrund. Elle a franchi la ligne en 1&rsquo;54\u00a0\u00bb75, un souffle devant sa rivale Femke Broeders-Bol (1&rsquo;54\u00a0\u00bb81).<\/p>\n<p>Deuxi\u00e8me Suissesse engag\u00e9e dans cette finale, la Fribourgeoise Veronica Vancardo a pris une excellente 4e place. Elle a sign\u00e9 un chrono de 1&rsquo;58\u00a0\u00bb66 pour terminer au pied du podium, \u00e0 46 centi\u00e8mes de son record personnel.<\/p>\n<p>Moser 2e<\/p>\n<p>A la perche, la Zurichoise Angelica Moser a pris une belle 2e place derri\u00e8re l&rsquo;Am\u00e9ricaine Hana Moll. La double championne d&rsquo;Europe (2024 et 2026) a \u00e9t\u00e9 constante toute la saison en Diamond League et l&rsquo;a encore prouv\u00e9 en passant 4,80 m \u00e0 sa premi\u00e8re tentative. Elle a ensuite \u00e9chou\u00e9 une fois \u00e0 4,86 m et deux fois \u00e0 4,91 m, ce qui aurait constitu\u00e9 un nouveau record de Suisse.<\/p>\n<p>Sur 200 m, l&rsquo;Am\u00e9ricain Kenny Bednarek a assum\u00e9 son statut de favori en coupant la ligne en 19\u00a0\u00bb62 (vent: +0,8 m\/s), \u00e9galant sa meilleure performance mondiale de l&rsquo;ann\u00e9e r\u00e9alis\u00e9e \u00e0 Zurich la semaine derni\u00e8re. Il a devanc\u00e9 le Sud-Africain Sinesipho Dambile (19\u00a0\u00bb89) et le Zimbabw\u00e9en Makanakaishe Charamba (19\u00a0\u00bb99). Le Genevois Timoth\u00e9 Mumenthaler, m\u00e9daill\u00e9 de bronze aux Europ\u00e9ens de Birmingham, a d\u00fb se contenter d&rsquo;un 7e rang, en 20\u00a0\u00bb52.<\/p>\n<p>Engag\u00e9 sur 5000 m, Dominic Lobalu n&rsquo;a pas non plus r\u00e9ussi \u00e0 monter sur le podium. L&rsquo;athl\u00e8te du LC Br\u00fchl a \u00e9t\u00e9 l\u00e2ch\u00e9 par la t\u00eate avant le dernier tour de piste et a termin\u00e9 en 12&rsquo;56\u00a0\u00bb07. La course a \u00e9t\u00e9 remport\u00e9e par le Bahre\u00efnais Birhanu Balew en 12&rsquo;45\u00a0\u00bb70<\/p>\n<p> \/ATS<\/p>\n","protected":false},"excerpt":{"rendered":"Audrey Werro a d\u00e9croch\u00e9 une nouvelle victoire sur 800 m en Diamond League samedi lors des finales de&hellip;\n","protected":false},"author":2,"featured_media":293506,"comment_status":"","ping_status":"","sticky":false,"template":"","format":"standard","meta":{"footnotes":"","_share_on_mastodon":"0"},"categories":[4],"tags":[22,121,124,128,119,122,123,118,136,132,131,133,130,21,135,120,126,117,125,114,115,116,23,129,127,134],"class_list":["post-293505","post","type-post","status-publish","format-standard","has-post-thumbnail","category-actualites","tag-actualites","tag-ajoie","tag-animation","tag-bienne","tag-delemont","tag-franches-montagnes","tag-frequence","tag-jura","tag-jura-bernois","tag-la-chaux-de-fonds","tag-moutier","tag-neuchatel","tag-neuveville","tag-news","tag-payerne","tag-porrentruy","tag-publicite","tag-radio","tag-redaction","tag-rfj","tag-rjb","tag-rtn","tag-suisse","tag-tavannes","tag-vallon-de-st-imier","tag-yverdon"],"share_on_mastodon":{"url":"https:\/\/pubeurope.com\/@ch_fr\/117220355919979543","error":""},"_links":{"self":[{"href":"https:\/\/www.europesays.com\/ch-fr\/wp-json\/wp\/v2\/posts\/293505","targetHints":{"allow":["GET"]}}],"collection":[{"href":"https:\/\/www.europesays.com\/ch-fr\/wp-json\/wp\/v2\/posts"}],"about":[{"href":"https:\/\/www.europesays.com\/ch-fr\/wp-json\/wp\/v2\/types\/post"}],"author":[{"embeddable":true,"href":"https:\/\/www.europesays.com\/ch-fr\/wp-json\/wp\/v2\/users\/2"}],"replies":[{"embeddable":true,"href":"https:\/\/www.europesays.com\/ch-fr\/wp-json\/wp\/v2\/comments?post=293505"}],"version-history":[{"count":0,"href":"https:\/\/www.europesays.com\/ch-fr\/wp-json\/wp\/v2\/posts\/293505\/revisions"}],"wp:featuredmedia":[{"embeddable":true,"href":"https:\/\/www.europesays.com\/ch-fr\/wp-json\/wp\/v2\/media\/293506"}],"wp:attachment":[{"href":"https:\/\/www.europesays.com\/ch-fr\/wp-json\/wp\/v2\/media?parent=293505"}],"wp:term":[{"taxonomy":"category","embeddable":true,"href":"https:\/\/www.europesays.com\/ch-fr\/wp-json\/wp\/v2\/categories?post=293505"},{"taxonomy":"post_tag","embeddable":true,"href":"https:\/\/www.europesays.com\/ch-fr\/wp-json\/wp\/v2\/tags?post=293505"}],"curies":[{"name":"wp","href":"https:\/\/api.w.org\/{rel}","templated":true}]}}