{"id":293507,"date":"2026-09-05T20:44:16","date_gmt":"2026-09-05T20:44:16","guid":{"rendered":"https:\/\/www.europesays.com\/ch-fr\/293507\/"},"modified":"2026-09-05T20:44:16","modified_gmt":"2026-09-05T20:44:16","slug":"ski-mikaela-shiffrin-fait-la-fete-lors-dun-mariage-country","status":"publish","type":"post","link":"https:\/\/www.europesays.com\/ch-fr\/293507\/","title":{"rendered":"Ski: Mikaela Shiffrin fait la f\u00eate lors d&rsquo;un mariage country"},"content":{"rendered":"<p>Mikaela Shiffrin a assist\u00e9 au mariage de meilleur ami. Une c\u00e9l\u00e9bration dans le style \u00abcountry\u00bb o\u00f9 la star du ski am\u00e9ricaine s&rsquo;est \u00e9clat\u00e9e.<\/p>\n<p><img alt=\"RMS_Portrait_AUTOR_1195.jpg\" loading=\"lazy\"\/><\/p>\n<p>Ramona Bieri<\/p>\n<p>Les stars du ski Mikaela Shiffrin et Aleksander Aamodt Kilde sont fianc\u00e9s depuis environ deux ans et demi. Mais les deux tourtereaux n&rsquo;ont toujours pas commenc\u00e9 \u00e0 organiser leur mariage, comme l&rsquo;a r\u00e9cemment r\u00e9v\u00e9l\u00e9 la skieuse am\u00e9ricaine dans son podcast \u00abWhat&rsquo;s the Point with Mikaela Shiffrin\u00bb. En cause: le peu de temps qu&rsquo;ils parviennent \u00e0 passer ensemble.<\/p>\n<p>C&rsquo;est justement pour cette raison qu&rsquo;ils pr\u00e9f\u00e8rent ne pas consacrer ce temps pr\u00e9cieux aux pr\u00e9paratifs, mais \u00e0 d&rsquo;autres choses. \u00abJe ne suis pas du tout stress\u00e9e. Je sais tr\u00e8s bien avec qui je veux passer ma vie\u00bb, confie Mikaela Shiffrin.<\/p>\n<p>Avec un chapeau de cow-boy et sans son fianc\u00e9<\/p>\n<p>La star du cirque blanc est-elle malgr\u00e9 tout \u00e0 l&rsquo;aff\u00fbt d&rsquo;id\u00e9es pour son propre mariage? Le week-end dernier, elle \u00e9tait en tout cas convi\u00e9e \u00e0 une c\u00e9l\u00e9bration du genre. Son ami d&rsquo;enfance Alex Leever s&rsquo;est mari\u00e9. \u00abJ&rsquo;ai pass\u00e9 le week-end \u00e0 f\u00eater le mariage de mon tout premier ami avec l&rsquo;amour de sa vie\u00bb, a \u00e9crit Mikaea Shiffrin sur Instagram.<\/p>\n<p>La f\u00eate s&rsquo;est tenue dans un ranch, sur fond d&rsquo;ambiance country. Sur plusieurs clich\u00e9s, on voit ainsi Shiffrin coiff\u00e9e d&rsquo;un chapeau de cow-boy, sa robe bleu fonc\u00e9 assortie \u00e0 des bottines et \u00e0 une veste en cuir.<\/p>\n<p>Contenu tiers<\/p>\n<p>Souhaitez-vous voir ces contributions externes (par exemple Instagram, X et d&rsquo;autres plateformes) ? Si vous acceptez, des cookies peuvent \u00eatre install\u00e9s et des donn\u00e9es peuvent \u00eatre transmises \u00e0 des fournisseurs externes. Cela permet l&rsquo;affichage de contenus externes et de publicit\u00e9s personnalis\u00e9es. Votre d\u00e9cision s&rsquo;applique \u00e0 l&rsquo;ensemble de l&rsquo;application et peut \u00eatre r\u00e9voqu\u00e9e \u00e0 tout moment dans les param\u00e8tres.<\/p>\n<p>Charger le contenu<\/p>\n<p>Plus d&rsquo;informations<\/p>\n<p>La skieuse a assist\u00e9 \u00e0 la c\u00e9r\u00e9monie entour\u00e9e de sa m\u00e8re Eileen, de son fr\u00e8re Taylor et de la compagne de ce dernier, Kristiana. L&rsquo;amour de sa vie, en revanche, brillait par son absence: la pr\u00e9paration de saison de Kilde ne lui a pas permis de faire le d\u00e9placement. Le Norv\u00e9gien se trouve actuellement en stage d&rsquo;entra\u00eenement au Chili. Il n&rsquo;a pas manqu\u00e9 de commenter les photos de sa fianc\u00e9e, gratifi\u00e9es de trois c\u0153urs.<\/p>\n<p>M\u00eame sans lui, Mikaela Shiffrin s&rsquo;est visiblement beaucoup amus\u00e9e. \u00ab10 sur 10, je ne peux que le recommander. C&rsquo;\u00e9tait vraiment g\u00e9nial\u00bb, a-t-elle \u00e9crit. Le jeune mari\u00e9 s&rsquo;est lui aussi r\u00e9joui de compter une invit\u00e9e aussi c\u00e9l\u00e8bre \u00e0 sa noce. \u00abMerci pour tout. Nous avons v\u00e9cu beaucoup de choses ensemble depuis l&rsquo;\u00e9cole\u00bb, a-t-il r\u00e9pondu sous les photos.<\/p>\n","protected":false},"excerpt":{"rendered":"Mikaela Shiffrin a assist\u00e9 au mariage de meilleur ami. Une c\u00e9l\u00e9bration dans le style \u00abcountry\u00bb o\u00f9 la star&hellip;\n","protected":false},"author":2,"featured_media":293508,"comment_status":"","ping_status":"","sticky":false,"template":"","format":"standard","meta":{"footnotes":"","_share_on_mastodon":"0"},"categories":[15],"tags":[158,157,113,112,159,23],"class_list":["post-293507","post","type-post","status-publish","format-standard","has-post-thumbnail","category-people","tag-celebrities","tag-celebrity","tag-divertissement","tag-entertainment","tag-people","tag-suisse"],"share_on_mastodon":{"url":"https:\/\/pubeurope.com\/@ch_fr\/117220387206920757","error":""},"_links":{"self":[{"href":"https:\/\/www.europesays.com\/ch-fr\/wp-json\/wp\/v2\/posts\/293507","targetHints":{"allow":["GET"]}}],"collection":[{"href":"https:\/\/www.europesays.com\/ch-fr\/wp-json\/wp\/v2\/posts"}],"about":[{"href":"https:\/\/www.europesays.com\/ch-fr\/wp-json\/wp\/v2\/types\/post"}],"author":[{"embeddable":true,"href":"https:\/\/www.europesays.com\/ch-fr\/wp-json\/wp\/v2\/users\/2"}],"replies":[{"embeddable":true,"href":"https:\/\/www.europesays.com\/ch-fr\/wp-json\/wp\/v2\/comments?post=293507"}],"version-history":[{"count":0,"href":"https:\/\/www.europesays.com\/ch-fr\/wp-json\/wp\/v2\/posts\/293507\/revisions"}],"wp:featuredmedia":[{"embeddable":true,"href":"https:\/\/www.europesays.com\/ch-fr\/wp-json\/wp\/v2\/media\/293508"}],"wp:attachment":[{"href":"https:\/\/www.europesays.com\/ch-fr\/wp-json\/wp\/v2\/media?parent=293507"}],"wp:term":[{"taxonomy":"category","embeddable":true,"href":"https:\/\/www.europesays.com\/ch-fr\/wp-json\/wp\/v2\/categories?post=293507"},{"taxonomy":"post_tag","embeddable":true,"href":"https:\/\/www.europesays.com\/ch-fr\/wp-json\/wp\/v2\/tags?post=293507"}],"curies":[{"name":"wp","href":"https:\/\/api.w.org\/{rel}","templated":true}]}}