{"id":293509,"date":"2026-09-05T20:46:18","date_gmt":"2026-09-05T20:46:18","guid":{"rendered":"https:\/\/www.europesays.com\/ch-fr\/293509\/"},"modified":"2026-09-05T20:46:18","modified_gmt":"2026-09-05T20:46:18","slug":"nikos-aliagas-evoque-le-prochain-directeur-de-la-star-academy-il-connait-bien-lemission","status":"publish","type":"post","link":"https:\/\/www.europesays.com\/ch-fr\/293509\/","title":{"rendered":"Nikos Aliagas \u00e9voque le prochain directeur de la Star Academy : \u201cIl conna\u00eet bien l\u2019\u00e9mission\u201d"},"content":{"rendered":"<p>Apr\u00e8s quatre saisons \u00e0 la Star Academy, <a href=\"https:\/\/www.programme-tv.net\/news\/tv\/404481-mosimann-dement-etre-le-futur-directeur-de-la-star-academy-en-remplacement-de-michael-goldman-les-gens-se-sont-emballes\/\" data-api-deeplink=\"teleloisirs:\/\/news\/404481\" rel=\"nofollow noopener\" target=\"_blank\">Michael Goldman a fait ses adieux au Ch\u00e2teau<\/a> pour c\u00e9der sa place \u00e0 un rempla\u00e7ant. Mais qui succ\u00e9dera au fils de <a href=\"https:\/\/www.programme-tv.net\/biographie\/41555-goldman-jean-jacques\/\" data-link-people=\"cb849552-01a0-42f2-8f41-07613187054e\" rel=\"nofollow noopener\" target=\"_blank\">Jean-Jacques Goldman<\/a> ? Interrog\u00e9 \u00e0 ce sujet dans l\u2019\u00e9mission Censur\u00e9, ce 4 septembre 2026, Nikos Aliagas a apport\u00e9 quelques \u00e9l\u00e9ments de r\u00e9ponse&#8230; Sans pouvoir en dire davantage ! Alors, que sait-on du futur patron de la prochaine promotion ?<\/p>\n<p>\u201cJe n\u2019ai pas le droit de le dire mais je sais qui c\u2019est\u201d, a r\u00e9pondu l&rsquo;animateur de la Star Academy, <a href=\"https:\/\/www.programme-tv.net\/news\/tv\/396049-star-academy-comment-la-production-et-nikos-aliagas-preparent-les-eleves-elimines-avant-de-leur-rendre-leur-telephone\/\" data-api-deeplink=\"teleloisirs:\/\/news\/396049\" rel=\"nofollow noopener\" target=\"_blank\">qui incarne le concours de chant depuis sa premi\u00e8re saison en 2001<\/a>. Pour autant, l\u2019homme de t\u00e9l\u00e9 assure \u00eatre \u201ctr\u00e8s tr\u00e8s content\u201d du choix de la production. \u201cC\u2019est un gar\u00e7on qui est tr\u00e8s concern\u00e9 par la musique&#8230; Et qui conna\u00eet bien l\u2019\u00e9mission et qui me conna\u00eet bien aussi\u201d, a-t-il ajout\u00e9.<\/p>\n<p>                        Un c\u00e9l\u00e8bre animateur t\u00e9l\u00e9 aurait bien voulu \u00eatre directeur de la Star Academy<\/p>\n<p>D\u00e9j\u00e0, on sait qu\u2019il s\u2019agit donc d\u2019un homme. Alors que son intervieweur cherchait \u00e0 lui tirer les vers du nez, lui demandant s\u2019il s\u2019agissait du fr\u00e8re d\u2019un candidat de The Voice, Nikos Aliagas a bott\u00e9 en touche. Lors de la 15e saison du t\u00e9l\u00e9crochet de TF1, Sam Atty\u00e9, fr\u00e8re du chanteur Ycare, a tent\u00e9 sa chance&#8230; \u201cJe ne suis pas s\u00fbr&#8230;\u201d, a-t-il bredouill\u00e9 sans s\u2019\u00e9pancher.<\/p>\n<p>Il y a quelques jours, une personnalit\u00e9 bien connue des t\u00e9l\u00e9spectateurs a \u00e9voqu\u00e9 son souhait de pouvoir incarner ce prestigieux r\u00f4le de directeur de la Star Academy&#8230; <a href=\"https:\/\/www.programme-tv.net\/biographie\/534-ruquier-laurent\/\" data-link-people=\"dd4ff7d1-a72b-4b67-a7ba-3f07ccd164cd\" rel=\"nofollow noopener\" target=\"_blank\">Laurent Ruquier<\/a> ! \u201cC\u2019est le genre de travail qui m\u2019aurait plu\u201d, a-t-il r\u00e9pondu au m\u00e9dia T\u00e9l\u00e9pro, mais ses activit\u00e9s de producteur de t\u00e9l\u00e9 et de th\u00e9\u00e2tre l\u2019emp\u00eachent d\u2019avoir suffisamment de temps pour s\u2019y consacrer.<\/p>\n<p>            Lucie Bernardoni, r\u00e9p\u00e9titrice de la Star Academy, sur le d\u00e9part : \u00ab\u00a0Les mots me manquent pour vous remercier\u00a0\u00bb<\/p>\n<p>Outre Michael Goldman, une autre figure du concours de chant de TF1 a abandonn\u00e9 son r\u00f4le dans l\u2019\u00e9quipe : <a href=\"https:\/\/www.programme-tv.net\/news\/tv\/407588-lucie-bernardoni-annonce-qu-elle-ne-participera-pas-a-la-prochaine-edition-de-la-star-academy-les-mots-me-manquent-pour-vous-remercier-tous\/\" data-api-deeplink=\"teleloisirs:\/\/news\/407588\" rel=\"nofollow noopener\" target=\"_blank\">Lucie Bernardoni, r\u00e9p\u00e9titrice aupr\u00e8s des \u00e9l\u00e8ves de la Star Academy<\/a>, s\u2019en va ! \u201cLes mots me manquent pour vous remercier tous, ainsi que toutes les personnes qui ont rendu ces quatre saisons possibles et magnifiques\u201d, a-t-elle confirm\u00e9 sur les r\u00e9seaux sociaux.<\/p>\n<p>Pour l\u2019heure, la prochaine saison d\u00e9butera sur TF1 d\u2019ici quelques semaines, le 10 octobre 2026. Une date que les fans de l\u2019\u00e9mission attendent de pied ferme. Depuis son retour ces derni\u00e8res ann\u00e9es, le programme a retrouv\u00e9 le succ\u00e8s et permis \u00e0 de jeunes chanteurs de se faire un nom, \u00e0 commencer par <a href=\"https:\/\/www.programme-tv.net\/biographie\/3966415-pierre-star-academy-2023\/\" data-link-people=\"7ef0de8b-e199-401f-9df4-bfb0cce81ac3\" rel=\"nofollow noopener\" target=\"_blank\">Pierre Garnier<\/a>, Helena, Marine ou encore Marguerite.<\/p>\n<p>Article \u00e9crit avec la collaboration de 6Medias.<\/p>\n","protected":false},"excerpt":{"rendered":"Apr\u00e8s quatre saisons \u00e0 la Star Academy, Michael Goldman a fait ses adieux au Ch\u00e2teau pour c\u00e9der sa&hellip;\n","protected":false},"author":2,"featured_media":293510,"comment_status":"","ping_status":"","sticky":false,"template":"","format":"standard","meta":{"footnotes":"","_share_on_mastodon":"0"},"categories":[13],"tags":[489,113,112,15017,1499,727,23,142,196],"class_list":["post-293509","post","type-post","status-publish","format-standard","has-post-thumbnail","category-television","tag-commentaire","tag-divertissement","tag-entertainment","tag-michael-goldman","tag-nikos-aliagas","tag-star-academy","tag-suisse","tag-television","tag-tf1"],"share_on_mastodon":{"url":"https:\/\/pubeurope.com\/@ch_fr\/117220395404391262","error":""},"_links":{"self":[{"href":"https:\/\/www.europesays.com\/ch-fr\/wp-json\/wp\/v2\/posts\/293509","targetHints":{"allow":["GET"]}}],"collection":[{"href":"https:\/\/www.europesays.com\/ch-fr\/wp-json\/wp\/v2\/posts"}],"about":[{"href":"https:\/\/www.europesays.com\/ch-fr\/wp-json\/wp\/v2\/types\/post"}],"author":[{"embeddable":true,"href":"https:\/\/www.europesays.com\/ch-fr\/wp-json\/wp\/v2\/users\/2"}],"replies":[{"embeddable":true,"href":"https:\/\/www.europesays.com\/ch-fr\/wp-json\/wp\/v2\/comments?post=293509"}],"version-history":[{"count":0,"href":"https:\/\/www.europesays.com\/ch-fr\/wp-json\/wp\/v2\/posts\/293509\/revisions"}],"wp:featuredmedia":[{"embeddable":true,"href":"https:\/\/www.europesays.com\/ch-fr\/wp-json\/wp\/v2\/media\/293510"}],"wp:attachment":[{"href":"https:\/\/www.europesays.com\/ch-fr\/wp-json\/wp\/v2\/media?parent=293509"}],"wp:term":[{"taxonomy":"category","embeddable":true,"href":"https:\/\/www.europesays.com\/ch-fr\/wp-json\/wp\/v2\/categories?post=293509"},{"taxonomy":"post_tag","embeddable":true,"href":"https:\/\/www.europesays.com\/ch-fr\/wp-json\/wp\/v2\/tags?post=293509"}],"curies":[{"name":"wp","href":"https:\/\/api.w.org\/{rel}","templated":true}]}}