{"id":293511,"date":"2026-09-05T20:47:29","date_gmt":"2026-09-05T20:47:29","guid":{"rendered":"https:\/\/www.europesays.com\/ch-fr\/293511\/"},"modified":"2026-09-05T20:47:29","modified_gmt":"2026-09-05T20:47:29","slug":"en-images-le-batteur-du-groupe-megadeth-de-passage-a-la-spca-de-montreal","status":"publish","type":"post","link":"https:\/\/www.europesays.com\/ch-fr\/293511\/","title":{"rendered":"EN IMAGES | Le batteur du groupe Megadeth de passage \u00e0 la SPCA de Montr\u00e9al"},"content":{"rendered":"<p class=\"1_12_tx_courant\">La SPCA de Montr\u00e9al a accueilli le batteur Dirk Verbeuren, du groupe Megadeth, qui souhaitait mettre en lumi\u00e8re l\u2019organisme au sein de sa communaut\u00e9 afin de leur donner un coup de pouce.<\/p>\n<p class=\"toreadalso-fromEMP\">\u2022 \u00c0 lire aussi\u00a0: <a href=\"https:\/\/www.tvanouvelles.ca\/2026\/09\/03\/iron-maiden-electrise-le-parc-jean-drapeau\" target=\"87eb530a-dccb-455d-ad7e-e744e7b74471\" rel=\"nofollow noopener\">Iron Maiden \u00e9lectrise le parc Jean-Drapeau<\/a><\/p>\n<p class=\"1_12_tx_courant\">\u00ab\u00a0En arrivant au refuge, Dirk avait une mission claire en t\u00eate\u00a0: aider les animaux de la SPCA de Montr\u00e9al \u00e0 trouver des familles en les faisant conna\u00eetre aupr\u00e8s de sa communaut\u00e9\u00a0\u00bb, a indiqu\u00e9 l\u2019organisme dans une publication sur Facebook, vendredi.<\/p>\n<p class=\"1_12_tx_courant\">Le musicien belge \u00e9tait de passage dans la m\u00e9tropole afin de participer au concert d\u2019Iron Maiden, au parc Jean-Drapeau, jeudi dernier.<\/p>\n<p class=\"1_12_tx_courant\">Il a affirm\u00e9 \u00e0 la SPCA qu\u2019il souhaitait mettre en lumi\u00e8re des organismes de protection animale \u00e0 travers les diff\u00e9rentes villes dans lesquelles son groupe offre un spectacle.<\/p>\n<p class=\"1_12_tx_courant\">\u00ab\u00a0Merci \u00e0 Dirk d\u2019avoir profit\u00e9 de son s\u00e9jour \u00e0 Montr\u00e9al pour venir nous voir et d\u00e9couvrir le travail de nos \u00e9quipes\u00a0\u00bb, a soulign\u00e9 la SPCA.<\/p>\n<p class=\"1_12_tx_courant\">L\u2019homme de 51 ans a d\u2019ailleurs cofond\u00e9 l\u2019organisme Savage Lands, afin de prot\u00e9ger la biodiversit\u00e9. Il utilise la musique m\u00e9tal comme outil de financement.<\/p>\n<p class=\"1_12_tx_courant\">Selon la SPCA, chaque membre du groupe de heavy m\u00e9tal poss\u00e8de au moins un animal de compagnie.<\/p>\n","protected":false},"excerpt":{"rendered":"La SPCA de Montr\u00e9al a accueilli le batteur Dirk Verbeuren, du groupe Megadeth, qui souhaitait mettre en lumi\u00e8re&hellip;\n","protected":false},"author":2,"featured_media":293512,"comment_status":"","ping_status":"","sticky":false,"template":"","format":"standard","meta":{"footnotes":"","_share_on_mastodon":"0"},"categories":[12],"tags":[113,112,140,141,23],"class_list":["post-293511","post","type-post","status-publish","format-standard","has-post-thumbnail","category-musique","tag-divertissement","tag-entertainment","tag-music","tag-musique","tag-suisse"],"share_on_mastodon":{"url":"https:\/\/pubeurope.com\/@ch_fr\/117220399116357770","error":""},"_links":{"self":[{"href":"https:\/\/www.europesays.com\/ch-fr\/wp-json\/wp\/v2\/posts\/293511","targetHints":{"allow":["GET"]}}],"collection":[{"href":"https:\/\/www.europesays.com\/ch-fr\/wp-json\/wp\/v2\/posts"}],"about":[{"href":"https:\/\/www.europesays.com\/ch-fr\/wp-json\/wp\/v2\/types\/post"}],"author":[{"embeddable":true,"href":"https:\/\/www.europesays.com\/ch-fr\/wp-json\/wp\/v2\/users\/2"}],"replies":[{"embeddable":true,"href":"https:\/\/www.europesays.com\/ch-fr\/wp-json\/wp\/v2\/comments?post=293511"}],"version-history":[{"count":0,"href":"https:\/\/www.europesays.com\/ch-fr\/wp-json\/wp\/v2\/posts\/293511\/revisions"}],"wp:featuredmedia":[{"embeddable":true,"href":"https:\/\/www.europesays.com\/ch-fr\/wp-json\/wp\/v2\/media\/293512"}],"wp:attachment":[{"href":"https:\/\/www.europesays.com\/ch-fr\/wp-json\/wp\/v2\/media?parent=293511"}],"wp:term":[{"taxonomy":"category","embeddable":true,"href":"https:\/\/www.europesays.com\/ch-fr\/wp-json\/wp\/v2\/categories?post=293511"},{"taxonomy":"post_tag","embeddable":true,"href":"https:\/\/www.europesays.com\/ch-fr\/wp-json\/wp\/v2\/tags?post=293511"}],"curies":[{"name":"wp","href":"https:\/\/api.w.org\/{rel}","templated":true}]}}