{"id":293513,"date":"2026-09-05T20:49:14","date_gmt":"2026-09-05T20:49:14","guid":{"rendered":"https:\/\/www.europesays.com\/ch-fr\/293513\/"},"modified":"2026-09-05T20:49:14","modified_gmt":"2026-09-05T20:49:14","slug":"harry-prepare-un-film-sur-diana-william-serait-irrite","status":"publish","type":"post","link":"https:\/\/www.europesays.com\/ch-fr\/293513\/","title":{"rendered":"Harry pr\u00e9pare un film sur Diana: William serait irrit\u00e9"},"content":{"rendered":"<p>Publi\u00e95. septembre 2026, 16:44<\/p>\n<p>Famille royale: Harry pr\u00e9pare un film sur Diana, William en serait tr\u00e8s agac\u00e9<\/p>\n<p>De retour au Royaume-Uni, le prince Harry travaillerait sur un documentaire consacr\u00e9 \u00e0 sa m\u00e8re \u00e0 l\u2019approche des 30 ans de sa mort.<\/p>\n<p><img decoding=\"async\" alt=\"Jo\u00eblle Mermoud\" src=\"https:\/\/www.europesays.com\/ch-fr\/wp-content\/uploads\/2026\/09\/1788641352_515_18b7c9ac-fc55-4502-98be-2d4e0828bfc3.jpeg\" class=\"sc-4c39d813-1 cpaScU\"\/><img loading=\"lazy\" decoding=\"async\" src=\"https:\/\/www.europesays.com\/ch-fr\/wp-content\/uploads\/2026\/09\/13a0e15f-b51c-43c9-8506-bd21d3b1bf09.jpg\" alt=\"Le couple princier de retour en Angleterre, au c\u0153ur des discussions sur un projet de film d\u00e9di\u00e9 \u00e0 Lady Di.\" title=\"Le couple princier de retour en Angleterre, au c\u0153ur des discussions sur un projet de film d\u00e9di\u00e9 \u00e0 Lady Di.\"  width=\"1200\" height=\"806\"\/><\/p>\n<p>Le couple princier de retour en Angleterre, au c\u0153ur des discussions sur un projet de film d\u00e9di\u00e9 \u00e0 Lady Di.<\/p>\n<p>AFP<\/p>\n<p>On en sait un peu plus sur les raisons du retour du prince Harry au Royaume-Uni. Selon Richard Kay, r\u00e9dacteur en chef adjoint du <a target=\"_blank\" href=\"https:\/\/www.dailymail.com\/news\/royals\/article-16105273\/prince-harry-diana-film-richard-kay-palace-confidential.html\" rel=\"noopener noreferrer nofollow\">Daily Mail<\/a>, et sp\u00e9cialiste de la famille royale, le duc de Sussex pr\u00e9pare un film consacr\u00e9 \u00e0 sa m\u00e8re, la princesse Diana.<\/p>\n<p>Harry aurait d\u00e9j\u00e0 commenc\u00e9 \u00e0 prendre contact avec d\u2019anciens amis de Lady Di. Le projet devrait l\u2019occuper durant une bonne partie de sa premi\u00e8re ann\u00e9e apr\u00e8s son retour au Royaume-Uni. Le calendrier n\u2019a rien d\u2019anodin: 2027 marquera les 30 ans de la mort de Diana, d\u00e9c\u00e9d\u00e9e dans un accident de voiture \u00e0 Paris le 31 ao\u00fbt 1997.<\/p>\n<p>Cette comm\u00e9moration risque aussi de raviver les profondes tensions entre Harry et William.\u00a0Selon l\u2019expert royal Richard Kay, le projet irriterait particuli\u00e8rement le prince William, qui reprocherait \u00e0 son fr\u00e8re de chercher \u00e0 s\u2019approprier l\u2019h\u00e9ritage de Diana.\u00a0Il\u00a0 rappelle qu\u2019en 2017, pour les 20 ans de la disparition de leur m\u00e8re, les deux fr\u00e8res avaient particip\u00e9 \u00e0 des documentaires consacr\u00e9s \u00e0 Diana. Ce serait, selon lui, la derni\u00e8re p\u00e9riode durant laquelle ils \u00e9taient \u00abvraiment sur la m\u00eame longueur d\u2019onde\u00bb.<\/p>\n<p>L\u2019expert estime aussi que le duc de Sussex chercherait \u00e0 exploiter \u00abla marque Spencer\u00bb et le nom de la famille maternelle pour se distinguer davantage de la famille royale. Le r\u00e9cent comportement de Harry nourrit cette interpr\u00e9tation. Lors de son s\u00e9jour britannique en juillet, le prince, Meghan et leurs enfants ont pass\u00e9 du temps \u00e0 Althorp, le domaine ancestral de la famille Spencer o\u00f9 Diana a grandi et o\u00f9 elle est enterr\u00e9e.<\/p>\n<p>Si le documentaire se confirme, le 30e anniversaire de la disparition de Diana pourrait ainsi devenir un nouveau terrain de rivalit\u00e9 entre ses deux fils, pr\u00e8s de trois d\u00e9cennies apr\u00e8s le drame qui avait boulevers\u00e9 la monarchie britannique.<\/p>\n","protected":false},"excerpt":{"rendered":"Publi\u00e95. septembre 2026, 16:44 Famille royale: Harry pr\u00e9pare un film sur Diana, William en serait tr\u00e8s agac\u00e9 De&hellip;\n","protected":false},"author":2,"featured_media":293514,"comment_status":"","ping_status":"","sticky":false,"template":"","format":"standard","meta":{"footnotes":"","_share_on_mastodon":"0"},"categories":[10],"tags":[113,112,23],"class_list":["post-293513","post","type-post","status-publish","format-standard","has-post-thumbnail","category-divertissement","tag-divertissement","tag-entertainment","tag-suisse"],"share_on_mastodon":{"url":"https:\/\/pubeurope.com\/@ch_fr\/117220407409608534","error":""},"_links":{"self":[{"href":"https:\/\/www.europesays.com\/ch-fr\/wp-json\/wp\/v2\/posts\/293513","targetHints":{"allow":["GET"]}}],"collection":[{"href":"https:\/\/www.europesays.com\/ch-fr\/wp-json\/wp\/v2\/posts"}],"about":[{"href":"https:\/\/www.europesays.com\/ch-fr\/wp-json\/wp\/v2\/types\/post"}],"author":[{"embeddable":true,"href":"https:\/\/www.europesays.com\/ch-fr\/wp-json\/wp\/v2\/users\/2"}],"replies":[{"embeddable":true,"href":"https:\/\/www.europesays.com\/ch-fr\/wp-json\/wp\/v2\/comments?post=293513"}],"version-history":[{"count":0,"href":"https:\/\/www.europesays.com\/ch-fr\/wp-json\/wp\/v2\/posts\/293513\/revisions"}],"wp:featuredmedia":[{"embeddable":true,"href":"https:\/\/www.europesays.com\/ch-fr\/wp-json\/wp\/v2\/media\/293514"}],"wp:attachment":[{"href":"https:\/\/www.europesays.com\/ch-fr\/wp-json\/wp\/v2\/media?parent=293513"}],"wp:term":[{"taxonomy":"category","embeddable":true,"href":"https:\/\/www.europesays.com\/ch-fr\/wp-json\/wp\/v2\/categories?post=293513"},{"taxonomy":"post_tag","embeddable":true,"href":"https:\/\/www.europesays.com\/ch-fr\/wp-json\/wp\/v2\/tags?post=293513"}],"curies":[{"name":"wp","href":"https:\/\/api.w.org\/{rel}","templated":true}]}}