{"id":293515,"date":"2026-09-05T20:50:14","date_gmt":"2026-09-05T20:50:14","guid":{"rendered":"https:\/\/www.europesays.com\/ch-fr\/293515\/"},"modified":"2026-09-05T20:50:14","modified_gmt":"2026-09-05T20:50:14","slug":"levure-nutritionnelle-une-specialiste-de-la-digestion-explique-ses-atouts-sante-et-comment-lutiliser","status":"publish","type":"post","link":"https:\/\/www.europesays.com\/ch-fr\/293515\/","title":{"rendered":"Levure nutritionnelle : une sp\u00e9cialiste de la digestion explique ses atouts sant\u00e9 et comment l\u2019utiliser"},"content":{"rendered":"<p class=\"mb-4 text-lg md:leading-8 break-words\">Poudre dor\u00e9e au go\u00fbt de fromage sans lait, la levure nutritionnelle intrigue les ventres sensibles comme les adeptes du v\u00e9g\u00e9tal. En 2025, la gastro-ent\u00e9rologue Mar\u00eda Mu\u00f1oz en expose les vrais atouts digestifs et la meilleure fa\u00e7on de l&rsquo;utiliser.<\/p>\n<p class=\"mb-4 text-lg md:leading-8 break-words\">La levure nutritionnelle s&rsquo;invite peu \u00e0 peu dans les cuisines fran\u00e7aises : une poudre dor\u00e9e au go\u00fbt de fromage, sans lait ni beurre. Pour la gastro-ent\u00e9rologue Mar\u00eda Mu\u00f1oz, qui exerce \u00e0 l&rsquo;Hospital Virgen de la Arrixaca de Murcie et est membre de la Soci\u00e9t\u00e9 Espagnole d&rsquo;Endoscopie Digestive, ce petit ingr\u00e9dient peut aussi soutenir le confort digestif quand il est bien utilis\u00e9. Issu du champignon Saccharomyces cerevisiae et vendu en flocons ou en poudre, il se saupoudre simplement sur les plats. De quoi attirer autant les ventres sensibles que les adeptes d&rsquo;alimentation v\u00e9g\u00e9tale.<\/p>\n<p class=\"mb-4 text-lg md:leading-8 break-words\">Le 27 ao\u00fbt 2025, lors d&rsquo;un entretien, Mar\u00eda Mu\u00f1oz a d\u00e9crit la levure nutritionnelle comme \u00ab\u00a0un v\u00e9ritable joyau\u00a0\u00bb pour la sant\u00e9. Elle met en avant sa richesse en prot\u00e9ines compl\u00e8tes, en vitamines du groupe B et en min\u00e9raux comme le zinc, le magn\u00e9sium ou le fer, mais aussi son action sur le <a data-ylk=\"slk:microbiote intestinal;elm:context_link;itc:0;sec:content-canvas;\" data-yga=\"{&quot;yLinkElement&quot;:&quot;link&quot;,&quot;yLinkElementType&quot;:&quot;article_link&quot;}\" href=\"https:\/\/www.topsante.com\/nutrition_et_recettes\/sante-intestinale-ces-6-aliments-que-vous-bannissez-a-tort-sont-en-fait-les-meilleurs-allies-de-votre-microbiote-962046\" rel=\"noopener noreferrer nofollow\" target=\"_blank\">microbiote intestinal<\/a>. Beaucoup l&rsquo;ach\u00e8tent pour son go\u00fbt de fromage sans lactose et d\u00e9couvrent ensuite ces autres atouts. Reste \u00e0 comprendre ce que cette levure inactiv\u00e9e apporte r\u00e9ellement et comment l&rsquo;int\u00e9grer sans confusion avec d&rsquo;autres levures ni exc\u00e8s d&rsquo;enthousiasme.<\/p>\n<p>Levure nutritionnelle : un champignon inactif tr\u00e8s nutritif<\/p>\n<p class=\"mb-4 text-lg md:leading-8 break-words\">La levure nutritionnelle est une levure dite inactive : les cellules de Saccharomyces cerevisiae sont d\u00e9sactiv\u00e9es, elles ne fermentent plus et ne font pas lever les p\u00e2tes. Elle ne se comporte donc ni comme la levure boulang\u00e8re ni comme la levure de bi\u00e8re vivante, et s&rsquo;utilise uniquement en condiment, sur un plat d\u00e9j\u00e0 servi ou une sauce ti\u00e9die. Ce statut inactif la rend s\u00fbre pour une consommation directe tout en concentrant des prot\u00e9ines compl\u00e8tes et des vitamines du groupe B. Certaines r\u00e9f\u00e9rences sont en plus enrichies en vitamine B12, un point int\u00e9ressant pour les personnes v\u00e9ganes, \u00e0 condition de v\u00e9rifier l&rsquo;\u00e9tiquette.<\/p>\n<p>Digestion et microbiote : ce que fait la levure nutritionnelle<\/p>\n<p class=\"mb-4 text-lg md:leading-8 break-words\">Selon la gastro-ent\u00e9rologue Mar\u00eda Mu\u00f1oz, un des atouts moins connus de la levure nutritionnelle tient \u00e0 ses polysaccharides, des sucres complexes qui traversent l&rsquo;intestin gr\u00eale sans \u00eatre dig\u00e9r\u00e9s. Arriv\u00e9s dans le c\u00f4lon, ces compos\u00e9s fermentent et servent de nourriture aux bact\u00e9ries b\u00e9n\u00e9fiques du microbiote intestinal, avec un effet proche de certaines <a data-ylk=\"slk:fibres pr\u00e9biotiques;elm:context_link;itc:0;sec:content-canvas;\" data-yga=\"{&quot;yLinkElement&quot;:&quot;link&quot;,&quot;yLinkElementType&quot;:&quot;article_link&quot;}\" href=\"https:\/\/www.topsante.com\/medecine\/digestion_et_transit\/fibermaxxing-la-methode-qui-permet-daccelerer-la-digestion-en-quelques-semaines-lune-des-meilleures-tendances-que-jai-vues-selon-un-dieteticien-929718\" rel=\"noopener noreferrer nofollow\" target=\"_blank\">fibres pr\u00e9biotiques<\/a>. Ce m\u00e9canisme peut participer au confort digestif et \u00e0 un transit plus r\u00e9gulier chez certaines personnes, \u00e0 condition d&rsquo;introduire cet aliment progressivement. Un intestin tr\u00e8s sensible peut r\u00e9agir par des ballonnements si la part de fibres fermentescibles augmente trop vite.<\/p>\n<p>Comment utiliser la levure nutritionnelle sans se tromper<\/p>\n<p class=\"mb-4 text-lg md:leading-8 break-words\">En cuisine, la levure nutritionnelle s&rsquo;utilise surtout comme exhausteur de go\u00fbt. Mar\u00eda Mu\u00f1oz la d\u00e9crit comme un produit au \u00ab\u00a0go\u00fbt de fromage sans utiliser de laitages, de beurre ni rien de bizarre\u00a0\u00bb, tr\u00e8s appr\u00e9ci\u00e9 des personnes <a data-ylk=\"slk:intol\u00e9rantes au lactose;elm:context_link;itc:0;sec:content-canvas;\" data-yga=\"{&quot;yLinkElement&quot;:&quot;link&quot;,&quot;yLinkElementType&quot;:&quot;article_link&quot;}\" href=\"https:\/\/www.topsante.com\/nutrition_et_recettes\/regimes_alimentaires\/jai-arrete-definitivement-cette-boisson-mon-intestin-mon-cerveau-et-mon-corps-sont-reconnaissants-et-non-ce-nest-pas-lalcool-926864\" rel=\"noopener noreferrer nofollow\" target=\"_blank\">intol\u00e9rantes au lactose<\/a> ou suivant une alimentation v\u00e9g\u00e9tale. Un simple saupoudrage peut relever des salades, des soupes, des pur\u00e9es de l\u00e9gumes, des plats de p\u00e2tes ou m\u00eame un bol de pop-corn maison. Elle peut remplacer une partie du sel ou du fromage r\u00e2p\u00e9, tout en ajoutant des prot\u00e9ines et des vitamines dans l&rsquo;assiette.<\/p>\n<p class=\"mb-4 text-lg md:leading-8 break-words\">Pour profiter de ses qualit\u00e9s sans en faire trop, cette levure gagne \u00e0 \u00eatre utilis\u00e9e comme un condiment r\u00e9gulier plut\u00f4t que comme une cure massive. L&rsquo;ajouter en fin de cuisson aide \u00e0 pr\u00e9server ses vitamines, tout en limitant les effets fermentaires parfois g\u00eanants. Mar\u00eda Mu\u00f1oz r\u00e9sume son int\u00e9r\u00eat d&rsquo;une formule directe : \u00ab\u00a0Elle est bon march\u00e9, facile \u00e0 utiliser et votre corps vous dira merci\u00a0\u00bb. En cas de pathologie digestive connue, de traitements en cours ou de sympt\u00f4mes persistants, un \u00e9change avec un professionnel de sant\u00e9 reste conseill\u00e9 avant de modifier largement son alimentation.<\/p>\n","protected":false},"excerpt":{"rendered":"Poudre dor\u00e9e au go\u00fbt de fromage sans lait, la levure nutritionnelle intrigue les ventres sensibles comme les adeptes&hellip;\n","protected":false},"author":2,"featured_media":293516,"comment_status":"","ping_status":"","sticky":false,"template":"","format":"standard","meta":{"footnotes":"","_share_on_mastodon":"0"},"categories":[9],"tags":[15311,63019,64042,64044,64039,83,64035,64041,64034,64036,64038,64037,64040,64043,84,23,1758],"class_list":["post-293515","post","type-post","status-publish","format-standard","has-post-thumbnail","category-sante","tag-elle","tag-elle-ne-se","tag-en-cas-de-pathologie","tag-explique-ses-atouts-sante-et-comment-lutiliser","tag-gout-de-fromage-sans","tag-health","tag-levure","tag-levure-nutritionnelle-tient-a-ses","tag-maria-munoz","tag-maria-munoz-la-decrit-comme","tag-nutritionnelle-comme-un","tag-nutritionnelle-est-une","tag-nutritionnelle-sans-se-tromper-en","tag-reworld-media-poudre","tag-sante","tag-suisse","tag-un"],"share_on_mastodon":{"url":"https:\/\/pubeurope.com\/@ch_fr\/117220411195436199","error":""},"_links":{"self":[{"href":"https:\/\/www.europesays.com\/ch-fr\/wp-json\/wp\/v2\/posts\/293515","targetHints":{"allow":["GET"]}}],"collection":[{"href":"https:\/\/www.europesays.com\/ch-fr\/wp-json\/wp\/v2\/posts"}],"about":[{"href":"https:\/\/www.europesays.com\/ch-fr\/wp-json\/wp\/v2\/types\/post"}],"author":[{"embeddable":true,"href":"https:\/\/www.europesays.com\/ch-fr\/wp-json\/wp\/v2\/users\/2"}],"replies":[{"embeddable":true,"href":"https:\/\/www.europesays.com\/ch-fr\/wp-json\/wp\/v2\/comments?post=293515"}],"version-history":[{"count":0,"href":"https:\/\/www.europesays.com\/ch-fr\/wp-json\/wp\/v2\/posts\/293515\/revisions"}],"wp:featuredmedia":[{"embeddable":true,"href":"https:\/\/www.europesays.com\/ch-fr\/wp-json\/wp\/v2\/media\/293516"}],"wp:attachment":[{"href":"https:\/\/www.europesays.com\/ch-fr\/wp-json\/wp\/v2\/media?parent=293515"}],"wp:term":[{"taxonomy":"category","embeddable":true,"href":"https:\/\/www.europesays.com\/ch-fr\/wp-json\/wp\/v2\/categories?post=293515"},{"taxonomy":"post_tag","embeddable":true,"href":"https:\/\/www.europesays.com\/ch-fr\/wp-json\/wp\/v2\/tags?post=293515"}],"curies":[{"name":"wp","href":"https:\/\/api.w.org\/{rel}","templated":true}]}}