{"id":293521,"date":"2026-09-05T20:55:08","date_gmt":"2026-09-05T20:55:08","guid":{"rendered":"https:\/\/www.europesays.com\/ch-fr\/293521\/"},"modified":"2026-09-05T20:55:08","modified_gmt":"2026-09-05T20:55:08","slug":"meteo-les-suisses-fuient-pour-les-vacances-au-soleil","status":"publish","type":"post","link":"https:\/\/www.europesays.com\/ch-fr\/293521\/","title":{"rendered":"M\u00e9t\u00e9o: Les Suisses fuient pour les vacances au soleil"},"content":{"rendered":"<p>Malgr\u00e9 un \u00e9t\u00e9 caniculaire en Suisse, les vacanciers ne se lassent pas de la chaleur. Les r\u00e9servations pour l\u2019automne explosent vers des destinations m\u00e9diterran\u00e9ennes comme la Gr\u00e8ce et Chypre. Tour d&rsquo;horizon.<\/p>\n<p><img alt=\"Sven_Schumann_Praktikant Wirtschaftsressort_Blick, Ringier_2-Bearbeitet.jpg\" loading=\"lazy\"\/><\/p>\n<p>Sven Schumann<\/p>\n<p>Dr\u00f4le d&rsquo;observation. La chaleur a tenu la Suisse en \u00e9tau pendant des semaines. Les records de temp\u00e9rature se sont succ\u00e9d\u00e9, et ceux qui n&rsquo;avaient pas encore de climatisation ont \u00e9cum\u00e9 d\u00e9sesp\u00e9r\u00e9ment les magasins d&rsquo;\u00e9lectrom\u00e9nager.<\/p>\n<p>On pourrait penser que les Suisses en ont assez de transpirer pour le moment. Alors que l&rsquo;automne approche \u00e0 grands pas et promet enfin un peu de fra\u00eecheur, leurs projets de vacances indiquent le contraire: pour la plupart des Suisses, c&rsquo;est reparti pour la chaleur.<\/p>\n<p>Blick a interrog\u00e9 les voyagistes suisses sur les r\u00e9servations pour les mois d\u2019automne. Les destinations particuli\u00e8rement pris\u00e9es? Les vacances en M\u00e9diterran\u00e9e. Les \u00eeles baln\u00e9aires du sud, en particulier, restent tr\u00e8s aim\u00e9es malgr\u00e9 la canicule estivale. \u00abLa majorit\u00e9 de nos clients cherche \u00e0 prolonger l\u2019\u00e9t\u00e9 \u00e0 l\u2019automne\u00bb, confirme Sonja Ptassek, porte-parole du voyagiste Tui Suisse, \u00e0 notre demande. Les Suisses n\u2019ont donc pas perdu l\u2019envie de soleil, de plage et du sud.<\/p>\n<p>Des vacances baln\u00e9aires report\u00e9es<\/p>\n<p>Et pourtant, la chaleur modifie les habitudes de voyage. Pr\u00e8s de 60% des Suisses d\u00e9clarent avoir d\u00e9j\u00e0 adapt\u00e9 leurs projets de vacances en raison de la canicule estivale ou avoir l\u2019intention de le faire \u00e0 l\u2019avenir. Blick a pu consulter les r\u00e9sultats de l\u2019enqu\u00eate repr\u00e9sentative men\u00e9e en ao\u00fbt par Dertour, le plus grand voyagiste de Suisse.<\/p>\n<p>Comme il faisait trop chaud pour certains dans de nombreuses r\u00e9gions cet \u00e9t\u00e9 ou que les feux de for\u00eat ont dissuad\u00e9 les voyageurs de se rendre en M\u00e9diterran\u00e9e, les Suisses semblent d\u00e9sormais rattraper leurs vacances baln\u00e9aires. \u00abLes gens se rendent d\u00e9sormais en automne dans les destinations de vacances estivales autrefois tr\u00e8s pris\u00e9es\u00bb, explique Florian Eggli, expert en tourisme \u00e0 la Haute \u00e9cole de Lucerne.<\/p>\n<p>Les lieux qui ont plus \u00e0 offrir que la plage et la mer sont particuli\u00e8rement appr\u00e9ci\u00e9s. \u00abSi le temps venait \u00e0 se g\u00e2ter, on peut par exemple visiter une ville \u00e0 proximit\u00e9\u00bb, explique Florian Eggli pour d\u00e9crire ce comportement touristique. Cela permet ainsi de combiner activit\u00e9s de plein air, culture et gastronomie.<\/p>\n<p>Chez les clients de Dertour, les vacances d\u2019automne en Gr\u00e8ce, \u00e0 Chypre et \u00e0 Majorque sont les plus pris\u00e9es. Ceux qui sont pr\u00eats \u00e0 prendre un vol un peu plus long r\u00e9servent actuellement des s\u00e9jours en Egypte et, de plus en plus, aux \u00eeles Canaries. Au cours des trois derni\u00e8res ann\u00e9es, les \u00eeles Canaries ont enregistr\u00e9 une hausse des r\u00e9servations de 74% chez ce voyagiste. La Tunisie a connu une croissance encore plus importante: les r\u00e9servations y ont plus que doubl\u00e9 au cours de la m\u00eame p\u00e9riode.<\/p>\n<p>Des bonnes affaires \u00e0 saisir<\/p>\n<p>Dans l\u2019ensemble, les prix en automne sont similaires \u00e0 ceux de l\u2019\u00e9t\u00e9, expliquent les voyagistes interrog\u00e9s. \u00abAlors que les prix ont tendance \u00e0 \u00eatre plut\u00f4t \u00e9lev\u00e9s aux \u00eeles Canaries, en Espagne continentale ou en Italie, on peut encore trouver de bonnes affaires dans les \u00eeles grecques, en Tunisie, en \u00c9gypte et \u00e0 Chypre\u00bb, indique Dertour. Cela correspond \u00e9galement aux informations fournies par Tui Suisse: \u00abPour les chasseurs de bonnes affaires, la Turquie, la Tunisie ou l\u2019\u00c9gypte sont actuellement des destinations de choix.\u00bb<\/p>\n<p>Qu&rsquo;est-ce que cela signifie concr\u00e8tement? Une comparaison des prix r\u00e9alis\u00e9e par Blick montre que les offres les moins ch\u00e8res pour un voyage \u00e0 forfait en Turquie d\u00e9but octobre commencent \u00e0 environ 570 francs par personne \u2013 vol et h\u00f4tel compris. Quant aux \u00eeles Canaries, \u00e9galement tr\u00e8s pris\u00e9es, on trouve des offres \u00e0 partir d\u2019environ 1000 francs.<\/p>\n<p>Les grands perdants de cet \u00e9t\u00e9: les destinations du Moyen-Orient. \u00abLa demande s\u2019est compl\u00e8tement effondr\u00e9e en raison de la grande incertitude\u00bb, explique un porte-parole de la F\u00e9d\u00e9ration suisse du tourisme (SRV) \u00e0 Blick. Les voyages aux Etats-Unis restent \u00e9galement peu pris\u00e9s. Selon la SRV, les chiffres confirment que les Suisses ont moins voyag\u00e9 cet \u00e9t\u00e9. \u00abDans l&rsquo;ensemble, les r\u00e9servations estivales ont \u00e9t\u00e9 inf\u00e9rieures \u00e0 celles de l&rsquo;ann\u00e9e pr\u00e9c\u00e9dente\u00bb, constate l&rsquo;association.<\/p>\n<p>\u00abLes Alpes en profitent doublement\u00bb<\/p>\n<p>Selon Florian Eggli, ce changement de comportement des voyageurs se manifeste \u00e9galement en Suisse. Le secteur du tourisme tente activement de dynamiser les saisons creuses. \u00abOn s\u2019efforce de d\u00e9sengorger la saison estivale et de r\u00e9partir davantage de voyageurs tout au long de l\u2019ann\u00e9e\u00bb, explique l\u2019expert. Une partie de ces efforts consiste, par exemple, \u00e0 ce que les remont\u00e9es m\u00e9caniques maintiennent leur activit\u00e9 m\u00eame pendant les saisons creuses.<\/p>\n<p>Le fait que la chaleur modifie les habitudes de voyage profite \u00e9galement au tourisme int\u00e9rieur. \u00abLes r\u00e9gions alpines en profitent doublement\u00bb, explique Florian Eggli. D\u2019une part, l\u2019\u00e9t\u00e9 voit affluer davantage de personnes venues chercher la fra\u00eecheur en montagne. D\u2019autre part, l\u2019automne gagne en attractivit\u00e9 gr\u00e2ce \u00e0 une offre \u00e9largie. Lorsque le temps est plus chaud en automne, les activit\u00e9s telles que les randonn\u00e9es en montagne ou les balades en VTT sont de plus en plus pris\u00e9es.<\/p>\n<p>Qu\u2019on parle ou non d\u2019un boom des Alpes, une chose est s\u00fbre: les Suisses ne renonceront pas \u00e0 leurs vacances \u00e0 la mer. Pour beaucoup, les vacances \u00e0 la mer font tout simplement partie int\u00e9grante de l\u2019\u00e9t\u00e9. Malgr\u00e9 les \u00e9t\u00e9s caniculaires et les nuits tropicales en Suisse, ils s\u2019envolent d\u00e9sormais vers la mer en automne pour profiter des derniers rayons de soleil de l\u2019ann\u00e9e.<\/p>\n","protected":false},"excerpt":{"rendered":"Malgr\u00e9 un \u00e9t\u00e9 caniculaire en Suisse, les vacanciers ne se lassent pas de la chaleur. Les r\u00e9servations pour&hellip;\n","protected":false},"author":2,"featured_media":293522,"comment_status":"","ping_status":"","sticky":false,"template":"","format":"standard","meta":{"footnotes":"","_share_on_mastodon":"0"},"categories":[3],"tags":[23],"class_list":["post-293521","post","type-post","status-publish","format-standard","has-post-thumbnail","category-suisse","tag-suisse"],"share_on_mastodon":{"url":"https:\/\/pubeurope.com\/@ch_fr\/117220430546594776","error":""},"_links":{"self":[{"href":"https:\/\/www.europesays.com\/ch-fr\/wp-json\/wp\/v2\/posts\/293521","targetHints":{"allow":["GET"]}}],"collection":[{"href":"https:\/\/www.europesays.com\/ch-fr\/wp-json\/wp\/v2\/posts"}],"about":[{"href":"https:\/\/www.europesays.com\/ch-fr\/wp-json\/wp\/v2\/types\/post"}],"author":[{"embeddable":true,"href":"https:\/\/www.europesays.com\/ch-fr\/wp-json\/wp\/v2\/users\/2"}],"replies":[{"embeddable":true,"href":"https:\/\/www.europesays.com\/ch-fr\/wp-json\/wp\/v2\/comments?post=293521"}],"version-history":[{"count":0,"href":"https:\/\/www.europesays.com\/ch-fr\/wp-json\/wp\/v2\/posts\/293521\/revisions"}],"wp:featuredmedia":[{"embeddable":true,"href":"https:\/\/www.europesays.com\/ch-fr\/wp-json\/wp\/v2\/media\/293522"}],"wp:attachment":[{"href":"https:\/\/www.europesays.com\/ch-fr\/wp-json\/wp\/v2\/media?parent=293521"}],"wp:term":[{"taxonomy":"category","embeddable":true,"href":"https:\/\/www.europesays.com\/ch-fr\/wp-json\/wp\/v2\/categories?post=293521"},{"taxonomy":"post_tag","embeddable":true,"href":"https:\/\/www.europesays.com\/ch-fr\/wp-json\/wp\/v2\/tags?post=293521"}],"curies":[{"name":"wp","href":"https:\/\/api.w.org\/{rel}","templated":true}]}}