{"id":293569,"date":"2026-09-05T21:50:17","date_gmt":"2026-09-05T21:50:17","guid":{"rendered":"https:\/\/www.europesays.com\/ch-fr\/293569\/"},"modified":"2026-09-05T21:50:17","modified_gmt":"2026-09-05T21:50:17","slug":"fribourg-gotteron-renverse-klagenfurt-en-un-power-play","status":"publish","type":"post","link":"https:\/\/www.europesays.com\/ch-fr\/293569\/","title":{"rendered":"Fribourg-Gott\u00e9ron renverse Klagenfurt en un power-play"},"content":{"rendered":"<p class=\"wysiwyg-h2\">Fribourg-Gott\u00e9ron a sign\u00e9 une deuxi\u00e8me victoire en deux matches de Champions Hockey League (CHL) samedi \u00e0 Klagenfurt. Men\u00e9s 1-0, les Dragons ont renvers\u00e9 les Autrichiens en un seul power-play (3-1).<\/p>\n<p>Il n&rsquo;a fallu qu&rsquo;une minute et sept secondes aux hommes de Roger R\u00f6nnberg pour marquer trois buts et plier cette rencontre. Les trois r\u00e9ussites sont tomb\u00e9es lors d&rsquo;une m\u00eame p\u00e9nalit\u00e9 mineure inflig\u00e9e aux Autrichien. Pour rappel, en CHL, le joueur p\u00e9nalis\u00e9 doit rester en prison jusqu&rsquo;\u00e0 la fin des deux minutes, m\u00eame si l&rsquo;adversaire marque un but.<\/p>\n<p>Fribourg a parfaitement profit\u00e9 de cette r\u00e8gle. L&rsquo;\u00e9tincelle est d&rsquo;ailleurs venue de l&rsquo;Austro-Suisse Jonas Taibel, qui s&rsquo;est offert un doubl\u00e9 devant sa famille.<\/p>\n<p>Le transfuge de Rapperswil a marqu\u00e9 ses deux buts entre la 44e (43&rsquo;57) et la 46e (45&rsquo;04), alors que le Su\u00e9dois Jacob de la Rose a marqu\u00e9 le 2-1 entre-temps (44&rsquo;54). Klagenfurt avait ouvert le score \u00e0 la mi-match par l&rsquo;interm\u00e9diaire de Raphael Herburger (33e), l&rsquo;ancien attaquant de Bienne et Lugano.<\/p>\n<p>Gott\u00e9ron va donc rentrer d&rsquo;Autriche, o\u00f9 il s&rsquo;\u00e9tait d\u00e9j\u00e0 impos\u00e9 jeudi \u00e0 Graz (4-2), avec 6 points au compteur. Les champions de Suisse joueront leurs deux prochains matches de la comp\u00e9tition la semaine prochaine \u00e0 Fribourg, contre les Tch\u00e8ques de Pilsen (11 septembre) et les Allemands de Mannheim (13 septembre).<\/p>\n<p> \/ATS<\/p>\n","protected":false},"excerpt":{"rendered":"Fribourg-Gott\u00e9ron a sign\u00e9 une deuxi\u00e8me victoire en deux matches de Champions Hockey League (CHL) samedi \u00e0 Klagenfurt. Men\u00e9s&hellip;\n","protected":false},"author":2,"featured_media":293570,"comment_status":"","ping_status":"","sticky":false,"template":"","format":"standard","meta":{"footnotes":"","_share_on_mastodon":"0"},"categories":[4],"tags":[22,121,124,128,119,122,123,118,136,132,131,133,130,21,135,120,126,117,125,114,115,116,23,129,127,134],"class_list":["post-293569","post","type-post","status-publish","format-standard","has-post-thumbnail","category-actualites","tag-actualites","tag-ajoie","tag-animation","tag-bienne","tag-delemont","tag-franches-montagnes","tag-frequence","tag-jura","tag-jura-bernois","tag-la-chaux-de-fonds","tag-moutier","tag-neuchatel","tag-neuveville","tag-news","tag-payerne","tag-porrentruy","tag-publicite","tag-radio","tag-redaction","tag-rfj","tag-rjb","tag-rtn","tag-suisse","tag-tavannes","tag-vallon-de-st-imier","tag-yverdon"],"share_on_mastodon":{"url":"https:\/\/pubeurope.com\/@ch_fr\/117220646891023376","error":""},"_links":{"self":[{"href":"https:\/\/www.europesays.com\/ch-fr\/wp-json\/wp\/v2\/posts\/293569","targetHints":{"allow":["GET"]}}],"collection":[{"href":"https:\/\/www.europesays.com\/ch-fr\/wp-json\/wp\/v2\/posts"}],"about":[{"href":"https:\/\/www.europesays.com\/ch-fr\/wp-json\/wp\/v2\/types\/post"}],"author":[{"embeddable":true,"href":"https:\/\/www.europesays.com\/ch-fr\/wp-json\/wp\/v2\/users\/2"}],"replies":[{"embeddable":true,"href":"https:\/\/www.europesays.com\/ch-fr\/wp-json\/wp\/v2\/comments?post=293569"}],"version-history":[{"count":0,"href":"https:\/\/www.europesays.com\/ch-fr\/wp-json\/wp\/v2\/posts\/293569\/revisions"}],"wp:featuredmedia":[{"embeddable":true,"href":"https:\/\/www.europesays.com\/ch-fr\/wp-json\/wp\/v2\/media\/293570"}],"wp:attachment":[{"href":"https:\/\/www.europesays.com\/ch-fr\/wp-json\/wp\/v2\/media?parent=293569"}],"wp:term":[{"taxonomy":"category","embeddable":true,"href":"https:\/\/www.europesays.com\/ch-fr\/wp-json\/wp\/v2\/categories?post=293569"},{"taxonomy":"post_tag","embeddable":true,"href":"https:\/\/www.europesays.com\/ch-fr\/wp-json\/wp\/v2\/tags?post=293569"}],"curies":[{"name":"wp","href":"https:\/\/api.w.org\/{rel}","templated":true}]}}