{"id":293597,"date":"2026-09-05T22:40:11","date_gmt":"2026-09-05T22:40:11","guid":{"rendered":"https:\/\/www.europesays.com\/ch-fr\/293597\/"},"modified":"2026-09-05T22:40:11","modified_gmt":"2026-09-05T22:40:11","slug":"linter-milan-terrasse-enfin-naples-en-serie-a-2","status":"publish","type":"post","link":"https:\/\/www.europesays.com\/ch-fr\/293597\/","title":{"rendered":"L&rsquo;Inter Milan terrasse enfin Naples en Serie A"},"content":{"rendered":"<p class=\"wysiwyg-h2\">Pr\u00e8s de 3 ans apr\u00e8s, l&rsquo;Inter Milan est enfin venu \u00e0 bout de Naples en Serie A samedi \u00e0 San Siro (3-2). Mais le champion d&rsquo;Italie est pass\u00e9 tout pr\u00e8s du KO face \u00e0 son dauphin de la saison derni\u00e8re.<\/p>\n<p>Quand l&rsquo;Inter et le Napoli croisent le fer, cela fait souvent des \u00e9tincelles. Les deux derniers champions d&rsquo;Italie l&rsquo;ont encore montr\u00e9 lors de cette affiche de la 3e journ\u00e9e au sc\u00e9nario d\u00e9routant, o\u00f9 les Napolitains ont men\u00e9 2-0 gr\u00e2ce \u00e0 Matteo Politano (50e) et Rasmus Hojlund trois minutes plus tard, avant de se faire coiffer au poteau en fin de partie.<\/p>\n<p>Lautaro Martinez a r\u00e9duit l&rsquo;\u00e9cart \u00e0 la 56e pour l&rsquo;Inter, o\u00f9 \u00e9volue l&rsquo;international suisse Manuel Akanji. Marcus Thuram a ensuite ramen\u00e9 les deux \u00e9quipes \u00e0 \u00e9galit\u00e9 de la t\u00eate (82e), avant que son capitaine n&rsquo;inscrive le doubl\u00e9 pour sceller le score dans le temps additionnel.<\/p>\n<p>Les Milanais retrouvent ainsi le succ\u00e8s face aux Partenopei, qu&rsquo;ils n&rsquo;avaient plus battus en championnat depuis d\u00e9cembre 2023. L&rsquo;Inter, qui d\u00e9fiera le Real Madrid mardi en Ligue des champions, poursuit son sans faute avec neuf points.<\/p>\n<p>L&rsquo;AS Rome renverse l&rsquo;Atalanta et reste en t\u00eate<\/p>\n<p>Plus tard dans la soir\u00e9e, l&rsquo;AS Rome a \u00e9galement cueilli un 3e succ\u00e8s d&rsquo;affil\u00e9e en battant l&rsquo;Atalanta Bergame sur le fil 2-1. Men\u00e9s 1-0 jusqu&rsquo;\u00e0 la 89e, les Romains ont renvers\u00e9 le match avec Mario Hermoso (89e) et Matias Soule (90e+3). Une victoire qui leur permet de conserver leur statut de leader, en devan\u00e7ant les Nerazzuri \u00e0 la diff\u00e9rence de buts (+9 contre +5).<\/p>\n<p> \/ATS<\/p>\n","protected":false},"excerpt":{"rendered":"Pr\u00e8s de 3 ans apr\u00e8s, l&rsquo;Inter Milan est enfin venu \u00e0 bout de Naples en Serie A samedi&hellip;\n","protected":false},"author":2,"featured_media":293598,"comment_status":"","ping_status":"","sticky":false,"template":"","format":"standard","meta":{"footnotes":"","_share_on_mastodon":"0"},"categories":[8],"tags":[121,124,128,119,122,123,118,136,132,131,133,130,135,120,126,117,125,114,115,116,75,23,129,127,134],"class_list":["post-293597","post","type-post","status-publish","format-standard","has-post-thumbnail","category-sports","tag-ajoie","tag-animation","tag-bienne","tag-delemont","tag-franches-montagnes","tag-frequence","tag-jura","tag-jura-bernois","tag-la-chaux-de-fonds","tag-moutier","tag-neuchatel","tag-neuveville","tag-payerne","tag-porrentruy","tag-publicite","tag-radio","tag-redaction","tag-rfj","tag-rjb","tag-rtn","tag-sports","tag-suisse","tag-tavannes","tag-vallon-de-st-imier","tag-yverdon"],"share_on_mastodon":{"url":"https:\/\/pubeurope.com\/@ch_fr\/117220843372201283","error":""},"_links":{"self":[{"href":"https:\/\/www.europesays.com\/ch-fr\/wp-json\/wp\/v2\/posts\/293597","targetHints":{"allow":["GET"]}}],"collection":[{"href":"https:\/\/www.europesays.com\/ch-fr\/wp-json\/wp\/v2\/posts"}],"about":[{"href":"https:\/\/www.europesays.com\/ch-fr\/wp-json\/wp\/v2\/types\/post"}],"author":[{"embeddable":true,"href":"https:\/\/www.europesays.com\/ch-fr\/wp-json\/wp\/v2\/users\/2"}],"replies":[{"embeddable":true,"href":"https:\/\/www.europesays.com\/ch-fr\/wp-json\/wp\/v2\/comments?post=293597"}],"version-history":[{"count":0,"href":"https:\/\/www.europesays.com\/ch-fr\/wp-json\/wp\/v2\/posts\/293597\/revisions"}],"wp:featuredmedia":[{"embeddable":true,"href":"https:\/\/www.europesays.com\/ch-fr\/wp-json\/wp\/v2\/media\/293598"}],"wp:attachment":[{"href":"https:\/\/www.europesays.com\/ch-fr\/wp-json\/wp\/v2\/media?parent=293597"}],"wp:term":[{"taxonomy":"category","embeddable":true,"href":"https:\/\/www.europesays.com\/ch-fr\/wp-json\/wp\/v2\/categories?post=293597"},{"taxonomy":"post_tag","embeddable":true,"href":"https:\/\/www.europesays.com\/ch-fr\/wp-json\/wp\/v2\/tags?post=293597"}],"curies":[{"name":"wp","href":"https:\/\/api.w.org\/{rel}","templated":true}]}}