{"id":293611,"date":"2026-09-05T23:00:23","date_gmt":"2026-09-05T23:00:23","guid":{"rendered":"https:\/\/www.europesays.com\/ch-fr\/293611\/"},"modified":"2026-09-05T23:00:23","modified_gmt":"2026-09-05T23:00:23","slug":"coop-place-constantin-hilt-a-la-tete-dinterdiscount-3","status":"publish","type":"post","link":"https:\/\/www.europesays.com\/ch-fr\/293611\/","title":{"rendered":"Coop place Constantin Hilt \u00e0 la t\u00eate d&rsquo;Interdiscount"},"content":{"rendered":"<p class=\"wysiwyg-h2\">Le g\u00e9ant de la distribution Coop promeut \u00e0 compter de samedi 5 septembre Constantin Hilt \u00e0 la t\u00eate de sa filiale Interdiscount pour palier le d\u00e9part, consensuel, de Pierre Wenger, indique un communiqu\u00e9 diffus\u00e9 vendredi.<\/p>\n<p>Constantin Hilt avait fait ses d\u00e9but chez Interdiscount il y a 18 ans comme apprenti vendeur, avant d&rsquo;en gravir les \u00e9chelons et d&rsquo;en int\u00e9grer la direction.<\/p>\n<p>A l&rsquo;issue d&rsquo;un passage hors du giron du g\u00e9ant orange de 2018 \u00e0 2026, il \u00e9tait revenu au bercail et occupait depuis peu la fonction de responsale de projet omnicanal aupr\u00e8s de la maison-m\u00e8re.<\/p>\n<p>Pierre Wenger quittera le groupe Coop \u00e0 la fin du mois de septembre, apr\u00e8s 25 ans, dont seize pass\u00e9s \u00e0 la t\u00eate d&rsquo;Interdiscount.<\/p>\n<p> \/ATS<\/p>\n","protected":false},"excerpt":{"rendered":"Le g\u00e9ant de la distribution Coop promeut \u00e0 compter de samedi 5 septembre Constantin Hilt \u00e0 la t\u00eate&hellip;\n","protected":false},"author":2,"featured_media":293612,"comment_status":"","ping_status":"","sticky":false,"template":"","format":"standard","meta":{"footnotes":"","_share_on_mastodon":"0"},"categories":[6],"tags":[121,124,128,45,119,44,43,122,123,118,136,132,131,133,130,135,120,126,117,125,114,115,116,23,129,127,134],"class_list":["post-293611","post","type-post","status-publish","format-standard","has-post-thumbnail","category-economie","tag-ajoie","tag-animation","tag-bienne","tag-business","tag-delemont","tag-economie","tag-economy","tag-franches-montagnes","tag-frequence","tag-jura","tag-jura-bernois","tag-la-chaux-de-fonds","tag-moutier","tag-neuchatel","tag-neuveville","tag-payerne","tag-porrentruy","tag-publicite","tag-radio","tag-redaction","tag-rfj","tag-rjb","tag-rtn","tag-suisse","tag-tavannes","tag-vallon-de-st-imier","tag-yverdon"],"share_on_mastodon":{"url":"https:\/\/pubeurope.com\/@ch_fr\/117220922034997177","error":""},"_links":{"self":[{"href":"https:\/\/www.europesays.com\/ch-fr\/wp-json\/wp\/v2\/posts\/293611","targetHints":{"allow":["GET"]}}],"collection":[{"href":"https:\/\/www.europesays.com\/ch-fr\/wp-json\/wp\/v2\/posts"}],"about":[{"href":"https:\/\/www.europesays.com\/ch-fr\/wp-json\/wp\/v2\/types\/post"}],"author":[{"embeddable":true,"href":"https:\/\/www.europesays.com\/ch-fr\/wp-json\/wp\/v2\/users\/2"}],"replies":[{"embeddable":true,"href":"https:\/\/www.europesays.com\/ch-fr\/wp-json\/wp\/v2\/comments?post=293611"}],"version-history":[{"count":0,"href":"https:\/\/www.europesays.com\/ch-fr\/wp-json\/wp\/v2\/posts\/293611\/revisions"}],"wp:featuredmedia":[{"embeddable":true,"href":"https:\/\/www.europesays.com\/ch-fr\/wp-json\/wp\/v2\/media\/293612"}],"wp:attachment":[{"href":"https:\/\/www.europesays.com\/ch-fr\/wp-json\/wp\/v2\/media?parent=293611"}],"wp:term":[{"taxonomy":"category","embeddable":true,"href":"https:\/\/www.europesays.com\/ch-fr\/wp-json\/wp\/v2\/categories?post=293611"},{"taxonomy":"post_tag","embeddable":true,"href":"https:\/\/www.europesays.com\/ch-fr\/wp-json\/wp\/v2\/tags?post=293611"}],"curies":[{"name":"wp","href":"https:\/\/api.w.org\/{rel}","templated":true}]}}