{"id":293623,"date":"2026-09-05T23:19:11","date_gmt":"2026-09-05T23:19:11","guid":{"rendered":"https:\/\/www.europesays.com\/ch-fr\/293623\/"},"modified":"2026-09-05T23:19:11","modified_gmt":"2026-09-05T23:19:11","slug":"la-semaine-a-venir-a-wall-street-les-investisseurs-vont-scruter-les-donnees-sur-linflation-a-la-recherche-dindices-sur-levolution-des-taux-dinteret-04-09-2026-a-2346","status":"publish","type":"post","link":"https:\/\/www.europesays.com\/ch-fr\/293623\/","title":{"rendered":"La semaine \u00e0 venir \u00e0 Wall Street-Les investisseurs vont scruter les donn\u00e9es sur l&rsquo;inflation \u00e0 la recherche d&rsquo;indices sur l&rsquo;\u00e9volution des taux d&rsquo;int\u00e9r\u00eat &#8211; 04\/09\/2026 \u00e0 23:46"},"content":{"rendered":"<p>\n ((Traduction automatis\u00e9e par Reuters \u00e0 l&rsquo;aide de l&rsquo;apprentissage<br \/>\nautomatique et de l&rsquo;IA g\u00e9n\u00e9rative, veuillez vous r\u00e9f\u00e9rer \u00e0<br \/>\nl&rsquo;avertissement suivant: https:\/\/bit.ly\/rtrsauto))\n<\/p>\n<p>\n (Mise \u00e0 jour avec les chiffres solides de l&#8217;emploi, les<br \/>\nderni\u00e8res donn\u00e9es de march\u00e9 et les commentaires des analystes<br \/>\naux paragraphes 2, 3, 7, 15 \u00e0 17 et 19)\n<\/p>\n<p>\n * Le rapport sur l&rsquo;IPC attendu vendredi pourrait faire<br \/>\n\u00e9voluer les anticipations concernant une hausse des taux<br \/>\nam\u00e9ricains\n<\/p>\n<p>\n * L&rsquo;indice des prix \u00e0 la production (IPP) publi\u00e9 jeudi<br \/>\ndevrait \u00e9galement \u00e9clairer le tableau de l&rsquo;inflation\n<\/p>\n<p>\n * Les r\u00e9sultats d&rsquo;Oracle donneront un **aper\u00e7u** des<br \/>\ntendances en mati\u00e8re d&rsquo;IA\n<\/p>\n<p>\n par Lewis Krauskopf\n<\/p>\n<p>\n Les investisseurs se<br \/>\nconcentreront la semaine prochaine sur les donn\u00e9es d\u2019inflation<br \/>\nqui, selon eux, pourraient d\u00e9terminer si la R\u00e9serve f\u00e9d\u00e9rale<br \/>\nam\u00e9ricaine rel\u00e8vera ses taux d\u2019int\u00e9r\u00eat dans le courant du mois.\n<\/p>\n<p>\n Apr\u00e8s avoir recul\u00e9 vendredi, l&rsquo;indice de r\u00e9f\u00e9rence S&amp;P 500\n<\/p>\n<p>\n <a href=\"https:\/\/www.boursorama.com\/bourse\/indices\/cours\/%24INX\/\" title=\"S&amp;P 500 INDEX\" rel=\"nofollow noopener\" target=\"_blank\"><br \/>\n  .SPX<br \/>\n <\/a><br \/>\n a termin\u00e9 la semaine sur une l\u00e9g\u00e8re hausse, \u00e0 environ 1 %<br \/>\nde son plus haut historique atteint mi-ao\u00fbt. Les actions ont \u00e9t\u00e9<br \/>\nsecou\u00e9es par l&rsquo;\u00e9volution des anticipations concernant la<br \/>\ntrajectoire des taux et par les craintes que la hausse des<br \/>\nrendements des bons du Tr\u00e9sor am\u00e9ricain ne vienne freiner la<br \/>\nreprise de Wall Street.\n<\/p>\n<p>\n Ces derni\u00e8res semaines, les march\u00e9s ont \u00e9t\u00e9 domin\u00e9s par les<br \/>\nperspectives d\u2019une hausse des taux lors de la prochaine r\u00e9union<br \/>\nde la Fed, les 15 et 16 septembre. Ces anticipations se sont<br \/>\nrenforc\u00e9es apr\u00e8s un discours prononc\u00e9 fin du mois dernier<br \/>\npar le pr\u00e9sident de la Fed, Kevin Warsh, qui avait laiss\u00e9<br \/>\nentendre que la banque centrale pourrait \u00eatre amen\u00e9e \u00e0 agir si<br \/>\nl\u2019inflation restait \u00e9lev\u00e9e, et les arguments en faveur d\u2019une<br \/>\nhausse se sont consolid\u00e9s vendredi apr\u00e8s la publication d\u2019un<br \/>\nrapport solide sur le march\u00e9 du travail . Mais la<br \/>\npossibilit\u00e9 d\u2019une telle d\u00e9cision restait incertaine.\n<\/p>\n<p>\n Cette incertitude a conduit les investisseurs \u00e0 se pr\u00e9parer<br \/>\n\u00e0 une volatilit\u00e9 li\u00e9e \u00e0 la publication mensuelle de l\u2019indice des<br \/>\nprix \u00e0 la consommation, pr\u00e9vue le 11 septembre. Ce rapport est<br \/>\nl\u2019indicateur d\u2019inflation le plus suivi par Wall Street.\n<\/p>\n<p>\n Les responsables de la Fed \u00ab ont pass\u00e9 ces derniers mois \u00e0<br \/>\nsouligner leur engagement en faveur de la stabilit\u00e9 des prix, et<br \/>\n\u00e0 un moment donn\u00e9, ces d\u00e9clarations devront \u00eatre suivies<br \/>\nd\u2019actions concr\u00e8tes si l\u2019inflation ne montre pas de progr\u00e8s<br \/>\nsuffisants \u00bb, a d\u00e9clar\u00e9 Sid Vaidya, strat\u00e8ge en chef des<br \/>\ninvestissements chez TD Wealth.\n<\/p>\n<p>\n \u00ab L\u2019IPC fera certainement pencher la balance d\u2019un c\u00f4t\u00e9 ou de<br \/>\nl\u2019autre\u2026 ce rapport rev\u00eat donc une importance capitale. \u00bb\n<\/p>\n<p>\n Le S&amp;P 500 a progress\u00e9 de pr\u00e8s de 13 % en 2026, soutenu par<br \/>\nune ann\u00e9e exceptionnellement forte pour les b\u00e9n\u00e9fices des<br \/>\nentreprises. Mais les investisseurs se pr\u00e9parent \u00e0 un \u00e9ventuel<br \/>\nrecul en septembre, qui est historiquement le mois le plus<br \/>\nfaible de l\u2019ann\u00e9e pour les actions am\u00e9ricaines.\n<\/p>\n<p>\n Alors que la saison des r\u00e9sultats du deuxi\u00e8me trimestre<br \/>\ntouche \u00e0 sa fin, les investisseurs se m\u00e9fient d\u2019autres facteurs<br \/>\nqui assombrissent les perspectives des actions, tels que les<br \/>\ninqui\u00e9tudes sur le march\u00e9 obligataire ou la recrudescence des<br \/>\ntensions au Moyen-Orient.\n<\/p>\n<p>\n L&rsquo;IPP ET L&rsquo;IPC PERMETTRONT DE PR\u00c9CISER LE TABLEAU DE<br \/>\nL&rsquo;INFLATION\n<\/p>\n<p>\n Les donn\u00e9es sur les prix \u00e0 la production donneront aux<br \/>\ninvestisseurs un premier **aper\u00e7u** des tendances<br \/>\ninflationnistes du mois d\u2019ao\u00fbt au cours de cette semaine<br \/>\n\u00e9court\u00e9e par les jours f\u00e9ri\u00e9s, les march\u00e9s am\u00e9ricains \u00e9tant<br \/>\nferm\u00e9s lundi \u00e0 l\u2019occasion de la F\u00eate du Travail.\n<\/p>\n<p>\n Le rapport sur l\u2019indice des prix \u00e0 la production (IPP),<br \/>\npubli\u00e9 jeudi, pr\u00e9c\u00e8de d\u2019un jour les donn\u00e9es de l\u2019IPC. Les<br \/>\n\u00e9conomistes interrog\u00e9s par Reuters tablent sur une hausse<br \/>\nmensuelle de 0,4 % de l\u2019IPC en ao\u00fbt, et sur une hausse de 0,2 %<br \/>\nde l\u2019indice sous-jacent, qui exclut les composantes volatiles<br \/>\nque sont l\u2019alimentation et l\u2019\u00e9nergie.\n<\/p>\n<p>\n Depuis plusieurs ann\u00e9es, l\u2019inflation se maintient<br \/>\nsyst\u00e9matiquement au-dessus de l\u2019objectif annuel de 2 % fix\u00e9 par<br \/>\nla Fed. Mais les chiffres de l\u2019IPC du mois pr\u00e9c\u00e9dent  ont<br \/>\nmontr\u00e9 que les prix n\u2019avaient pratiquement pas augment\u00e9.\n<\/p>\n<p>\n Avec la publication prochaine de l\u2019IPC, \u00ab ce qui importe<br \/>\nvraiment, c\u2019est de savoir si ce chiffre confirmera r\u00e9ellement le<br \/>\nralentissement que nous avons observ\u00e9 en juin et juillet \u00bb, a<br \/>\nd\u00e9clar\u00e9 Garrett Melson, strat\u00e8ge en gestion de portefeuille chez<br \/>\nNatixis Investment Managers Solutions. \u00ab En ce sens, tout se<br \/>\nr\u00e9sume en quelque sorte \u00e0 ce seul chiffre. \u00bb\n<\/p>\n<p>\n LES PROBABILIT\u00c9S DE HAUSSE SONT \u00c0 PEUT PR\u00c8S DE CELLES D&rsquo;UN<br \/>\nTIRAGE AU SORT\n<\/p>\n<p>\n En effet, les probabilit\u00e9s d\u2019une hausse des taux d\u2019int\u00e9r\u00eat<br \/>\nont recul\u00e9 jeudi, \u00e0 la suite des d\u00e9clarations du gouverneur de<br \/>\nla Fed Christopher Waller  selon lesquelles il serait<br \/>\nenclin \u00e0 plaider en faveur du maintien des taux d\u2019int\u00e9r\u00eat<br \/>\ninchang\u00e9s si les prochaines donn\u00e9es confirmaient un<br \/>\nralentissement des pressions inflationnistes. Elles ont de<br \/>\nnouveau augment\u00e9 vendredi   apr\u00e8s la publication de<br \/>\ndonn\u00e9es indiquant que l\u2019emploi avait progress\u00e9 de 162 000 postes<br \/>\nen ao\u00fbt, soit pr\u00e8s du triple des pr\u00e9visions.\n<\/p>\n<p>\n Vendredi en fin de journ\u00e9e, les contrats \u00e0 terme sur les<br \/>\ntaux des fonds f\u00e9d\u00e9raux laissaient entrevoir une probabilit\u00e9 de<br \/>\n57 % que la banque centrale proc\u00e8de \u00e0 une hausse lors de sa<br \/>\nprochaine r\u00e9union.\n<\/p>\n<p>\n Les \u00e9conomistes de Barclays ont indiqu\u00e9 dans une note que le<br \/>\nrapport sur l\u2019emploi renfor\u00e7ait \u00ab l\u00e9g\u00e8rement \u00bb les arguments en<br \/>\nfaveur d\u2019une hausse d\u2019un quart de point de pourcentage lors de<br \/>\nla r\u00e9union de septembre, ajoutant: \u00ab L\u2019attention se porte<br \/>\nd\u00e9sormais sur les donn\u00e9es d\u2019inflation de la semaine prochaine. \u00bb\n<\/p>\n<p>\n La perspective d\u2019un resserrement de la politique mon\u00e9taire<br \/>\npourrait peser sur la performance boursi\u00e8re de plusieurs fa\u00e7ons,<br \/>\nnotamment en augmentant les co\u00fbts d\u2019emprunt, ce qui ralentirait<br \/>\nl\u2019\u00e9conomie. Des hausses de taux se traduisant par une hausse des<br \/>\nrendements des bons du Tr\u00e9sor pourraient renforcer la<br \/>\nconcurrence des obligations en mati\u00e8re d\u2019investissement et<br \/>\nexercer une pression sur les valorisations boursi\u00e8res.\n<\/p>\n<p>\n Le rendement de r\u00e9f\u00e9rence des bons du Tr\u00e9sor \u00e0 10 ans\n<\/p>\n<p>\n <a href=\"https:\/\/www.boursorama.com\/bourse\/taux\/cours\/2xUSABM10A\/\" title=\"USA BENCHMARK 10A\" rel=\"nofollow noopener\" target=\"_blank\"><br \/>\n  US10YT=RR<br \/>\n <\/a><br \/>\n a l\u00e9g\u00e8rement progress\u00e9 vendredi en fin de journ\u00e9e<br \/>\npour atteindre 4,78 %, se rapprochant ainsi du seuil des 5 % que<br \/>\nles investisseurs consid\u00e8rent comme un niveau pr\u00e9occupant pour<br \/>\nles actions .\n<\/p>\n<p>\n La semaine prochaine, le d\u00e9partement du Tr\u00e9sor devrait<br \/>\nlancer son vaste programme de rachat de titres de dette \u00e0 long<br \/>\nterme, annonc\u00e9 le mois dernier  et consid\u00e9r\u00e9 comme un<br \/>\nmoyen de freiner la hausse des rendements des bons du Tr\u00e9sor.\n<\/p>\n<p>\n Les r\u00e9sultats trimestriels d\u2019Oracle<br \/>\n <a href=\"https:\/\/www.boursorama.com\/cours\/ORCL\/\" title=\"ORACLE\" rel=\"nofollow noopener\" target=\"_blank\"><br \/>\n  ORCL.N<br \/>\n <\/a><br \/>\n , attendus<br \/>\njeudi, pourraient avoir des r\u00e9percussions sur le secteur de<br \/>\nl\u2019IA. Oracle fait partie des \u00ab hyperscalers \u00bb qui investissent<br \/>\nmassivement dans la construction de centres de donn\u00e9es d\u00e9di\u00e9s \u00e0<br \/>\nl\u2019IA.\n<\/p>\n<p>\n Certaines des valeurs les plus performantes du secteur de<br \/>\nl\u2019IA, notamment celles des semi-conducteurs, ont connu un<br \/>\nralentissement ces derni\u00e8res semaines, mais d\u2019autres secteurs<br \/>\nont contribu\u00e9 \u00e0 soutenir l\u2019indice S&amp;P 500.\n<\/p>\n<p>\n \u00ab Le march\u00e9 boursier est encore en train de se remettre des<br \/>\nsecousses provoqu\u00e9es par le ralentissement de la dynamique<br \/>\nobserv\u00e9 en juillet, et il est \u00e0 la recherche de nouveaux moteurs<br \/>\nde croissance et d\u2019un nouveau sc\u00e9nario pour orienter la<br \/>\nprochaine tendance \u00bb, a d\u00e9clar\u00e9 M. Melson, de Natixis.<\/p>\n","protected":false},"excerpt":{"rendered":"((Traduction automatis\u00e9e par Reuters \u00e0 l&rsquo;aide de l&rsquo;apprentissage automatique et de l&rsquo;IA g\u00e9n\u00e9rative, veuillez vous r\u00e9f\u00e9rer \u00e0 l&rsquo;avertissement&hellip;\n","protected":false},"author":2,"featured_media":293624,"comment_status":"","ping_status":"","sticky":false,"template":"","format":"standard","meta":{"footnotes":"","_share_on_mastodon":"0"},"categories":[6],"tags":[48,46,56,45,53,44,43,51,50,47,52,49,23,54,55],"class_list":["post-293623","post","type-post","status-publish","format-standard","has-post-thumbnail","category-economie","tag-action-cac-40","tag-bourse-de-paris","tag-boursorama","tag-business","tag-cotations","tag-economie","tag-economy","tag-indices-devises","tag-investir","tag-investissement","tag-marche-boursier","tag-sicav","tag-suisse","tag-trackers","tag-warrants"],"share_on_mastodon":{"url":"https:\/\/pubeurope.com\/@ch_fr\/117220996971535933","error":""},"_links":{"self":[{"href":"https:\/\/www.europesays.com\/ch-fr\/wp-json\/wp\/v2\/posts\/293623","targetHints":{"allow":["GET"]}}],"collection":[{"href":"https:\/\/www.europesays.com\/ch-fr\/wp-json\/wp\/v2\/posts"}],"about":[{"href":"https:\/\/www.europesays.com\/ch-fr\/wp-json\/wp\/v2\/types\/post"}],"author":[{"embeddable":true,"href":"https:\/\/www.europesays.com\/ch-fr\/wp-json\/wp\/v2\/users\/2"}],"replies":[{"embeddable":true,"href":"https:\/\/www.europesays.com\/ch-fr\/wp-json\/wp\/v2\/comments?post=293623"}],"version-history":[{"count":0,"href":"https:\/\/www.europesays.com\/ch-fr\/wp-json\/wp\/v2\/posts\/293623\/revisions"}],"wp:featuredmedia":[{"embeddable":true,"href":"https:\/\/www.europesays.com\/ch-fr\/wp-json\/wp\/v2\/media\/293624"}],"wp:attachment":[{"href":"https:\/\/www.europesays.com\/ch-fr\/wp-json\/wp\/v2\/media?parent=293623"}],"wp:term":[{"taxonomy":"category","embeddable":true,"href":"https:\/\/www.europesays.com\/ch-fr\/wp-json\/wp\/v2\/categories?post=293623"},{"taxonomy":"post_tag","embeddable":true,"href":"https:\/\/www.europesays.com\/ch-fr\/wp-json\/wp\/v2\/tags?post=293623"}],"curies":[{"name":"wp","href":"https:\/\/api.w.org\/{rel}","templated":true}]}}