{"id":293631,"date":"2026-09-05T23:35:12","date_gmt":"2026-09-05T23:35:12","guid":{"rendered":"https:\/\/www.europesays.com\/ch-fr\/293631\/"},"modified":"2026-09-05T23:35:12","modified_gmt":"2026-09-05T23:35:12","slug":"sans-convaincre-coco-gauff-se-hisse-en-8es-de-finale-rts-ch","status":"publish","type":"post","link":"https:\/\/www.europesays.com\/ch-fr\/293631\/","title":{"rendered":"Sans convaincre, Coco Gauff se hisse en 8es de finale &#8211; rts.ch"},"content":{"rendered":"<p><a href=\"https:\/\/news.google.com\/rss\/articles\/CBMisAFBVV95cUxQVGNQVHNVV3d6c0c4dEJ0T3BmMmJGVFF6NGZ6QV94S3JfeGhEeVhyNzl3RWhEUnQySzNEOVpOVFVMdXBlbF9aS0NaWWJ5ZjJwM19MQ0VjTThKRmZ2Nk5BTXdadUVhbEFLSjJZelI2VGx3SEJGZWg3VW4tdjlCR3p5MnZTeTEyTWxhby1zRzBxYmpyRVVLUFRabG5Fd1pKdmp6SjZENFl1TS1IbHEyd0JhSQ?oc=5\" target=\"_blank\" rel=\"nofollow noopener\">Sans convaincre, Coco Gauff se hisse en 8es de finale<\/a>&nbsp;&nbsp;rts.ch<a href=\"https:\/\/news.google.com\/rss\/articles\/CBMi0wFBVV95cUxObFNHVHVyOGtoRHFwQnRaaGRVOVpOMENpTm04VXY5eDBOaWN3cWx1bkJNekhDSVJYTzgyWlpiWlYybW1qZlh3YU1CeVVIemV6eFI2V3ZqMUpLbjE5NFZCV3B0azFCY00wZS1jazdfWElmZWRwZVZObGFydXIwM2Myc0JRSkNSYVN3anpCS2g3NDVwVHpqdlJ5bFVOcktsbTNoNFFIaUlHcHBmX0toMWtiOWQwLVdvenA0MERUdnl4cmJUYVBvaWZaSjh0V0M2MHAtdGFv0gHSAUFVX3lxTE10R2hyOVg1aEM3X21LMnl5RHJNblZqajlTOVJMZlQ4bFdfeUdPSllUVlhrTHdhWktSdGpPTU42RURUZThNSXA1Z01tM2lmTkV1MDRIdmtmSENYRFg1VFVTbmdyR2lDMUpiVklvZEkxQWZDZEdGMzYyZEVFbHdFaTBkRkN3TlNBNWd3WDR3UmlvNDNZeVkxVF9tWC11MVVVVlVXZ0dIN0JGRXNJb3cyT3NEUDJuNm1BVmRfRVhwWGp1TGUyRFhaeE1oN3Uyb2hLY1J2dw?oc=5\" target=\"_blank\" rel=\"nofollow noopener\">US Open (F) : Gauff \u00e9carte Bucsa et rejoint les huiti\u00e8mes de finale : Sports &#8211; Orange<\/a>&nbsp;&nbsp;Sports &#8211; Orange<a href=\"https:\/\/news.google.com\/rss\/articles\/CBMiogFBVV95cUxNclNaZS1CVG9xVHk2WDhTTE4telBnSExSaXRRNHFRdW9ZVFdDT2lDT1RvVTBrZWQ5WEh1UGh2bE9hZG5WN2dZalpFOVZPa0w1d2tobmdtSm9STVlOODhsRjl2ZlNEY2R2aGZZNkt2anpNSUhqZGpqQ1UtTTVRN1Vqci0wb3hobDFteFpCbS1JLVRCU01HTDN4YUg3UGdicVVEUFE?oc=5\" target=\"_blank\" rel=\"nofollow noopener\">US Open : Gauff file en huiti\u00e8mes sans trembler<\/a>&nbsp;&nbsp;Le Figaro<a href=\"https:\/\/news.google.com\/rss\/articles\/CBMigwJBVV95cUxQaEF4UkpsaTdodUU2RWlsZ3ItU0ktU3A1OWFIc05HZXFFMFFla0VGN19FZ3VzS2xHc3lIbWItUlNsNjJFZ3ZnU2l1TGg3TF9QV0xBd2wzNWN1aXVSd3lQeEtPOHk0TjltRk94UE9jUnBvVGdzczVMZE5pMmdhRnhJWU1KcFV0UEhFb0RwY0xxdzRHWm1ZRnBqZTZKSk5YZ0g4aklDd0g3Y3A4VWtUUUlvMlVFMjkwNWoycGNJWWdyeTlmZTFWRm1VY3RrQUdpSlp0SjJ4dkVYcWlBcm5WNWhnRWJWTXRxTUVCS3J0UE1BUTlLbnNabkZsTTRqdndDaDFIdkR3?oc=5\" target=\"_blank\" rel=\"nofollow noopener\">US Open &gt; Paula Badosa, apr\u00e8s sa d\u00e9faite contre Coco Gauff : \u00ab\u00a0\u00c0 ceux qui me d\u00e9testent, qui me critiquent ou qui prennent plaisir \u00e0 me voir gal\u00e9rer, merci\u00a0\u00bb<\/a>&nbsp;&nbsp;We Love Tennis<a href=\"https:\/\/news.google.com\/rss\/articles\/CBMipAFBVV95cUxOWUNnVUt3NXVoRHlNYU45Q21XWnVNWWZndzVEeDVVQUJnbkhFMFR6WlpCbE5Od2JaMWsxRmIwdWxuYXJ4Xy1KX2h0YXF5WG5qNkdKd3htcnJ4M3JuclNkTFRJZUFiQjRzSF8zamZyVWdoOF9NLW9uQUtMeUcwc3BmZXk2VUZnejV3cVI4cFdaZnhRcmdsUlR5SndRU3JHR2F1cW9DUA?oc=5\" target=\"_blank\" rel=\"nofollow noopener\">Gauff apr\u00e8s sa victoire sur Badosa : \u00ab Un excellent moyen de renforcer ma confiance \u00bb<\/a>&nbsp;&nbsp;ski-nordique.net<\/p>\n","protected":false},"excerpt":{"rendered":"Sans convaincre, Coco Gauff se hisse en 8es de finale&nbsp;&nbsp;rts.chUS Open (F) : Gauff \u00e9carte Bucsa et rejoint&hellip;\n","protected":false},"author":2,"featured_media":293632,"comment_status":"","ping_status":"","sticky":false,"template":"","format":"standard","meta":{"footnotes":"","_share_on_mastodon":"0"},"categories":[8],"tags":[18939,1700,21355,64088,38011,36746,1971,186,75,23,4344,39561,4345,63555],"class_list":["post-293631","post","type-post","status-publish","format-standard","has-post-thumbnail","category-sports","tag-amanda-anisimova","tag-americains","tag-coco-gauff","tag-coco-gauff-cristina-bucsa","tag-cori-gauff","tag-cristina-bucsa","tag-defaite","tag-sport","tag-sports","tag-suisse","tag-tennis","tag-us-open-de-tennis","tag-wta","tag-wta-us-open-1-16"],"share_on_mastodon":{"url":"https:\/\/pubeurope.com\/@ch_fr\/117221059896319235","error":""},"_links":{"self":[{"href":"https:\/\/www.europesays.com\/ch-fr\/wp-json\/wp\/v2\/posts\/293631","targetHints":{"allow":["GET"]}}],"collection":[{"href":"https:\/\/www.europesays.com\/ch-fr\/wp-json\/wp\/v2\/posts"}],"about":[{"href":"https:\/\/www.europesays.com\/ch-fr\/wp-json\/wp\/v2\/types\/post"}],"author":[{"embeddable":true,"href":"https:\/\/www.europesays.com\/ch-fr\/wp-json\/wp\/v2\/users\/2"}],"replies":[{"embeddable":true,"href":"https:\/\/www.europesays.com\/ch-fr\/wp-json\/wp\/v2\/comments?post=293631"}],"version-history":[{"count":0,"href":"https:\/\/www.europesays.com\/ch-fr\/wp-json\/wp\/v2\/posts\/293631\/revisions"}],"wp:featuredmedia":[{"embeddable":true,"href":"https:\/\/www.europesays.com\/ch-fr\/wp-json\/wp\/v2\/media\/293632"}],"wp:attachment":[{"href":"https:\/\/www.europesays.com\/ch-fr\/wp-json\/wp\/v2\/media?parent=293631"}],"wp:term":[{"taxonomy":"category","embeddable":true,"href":"https:\/\/www.europesays.com\/ch-fr\/wp-json\/wp\/v2\/categories?post=293631"},{"taxonomy":"post_tag","embeddable":true,"href":"https:\/\/www.europesays.com\/ch-fr\/wp-json\/wp\/v2\/tags?post=293631"}],"curies":[{"name":"wp","href":"https:\/\/api.w.org\/{rel}","templated":true}]}}