{"id":293635,"date":"2026-09-05T23:40:13","date_gmt":"2026-09-05T23:40:13","guid":{"rendered":"https:\/\/www.europesays.com\/ch-fr\/293635\/"},"modified":"2026-09-05T23:40:13","modified_gmt":"2026-09-05T23:40:13","slug":"sl-pas-de-vainqueur-dans-le-derby-de-la-limmat","status":"publish","type":"post","link":"https:\/\/www.europesays.com\/ch-fr\/293635\/","title":{"rendered":"SL: Pas de vainqueur dans le derby de la Limmat"},"content":{"rendered":"<p class=\"wysiwyg-h2\">Pas de vainqueur dans le premier derby de la Limmat de la saison. Le FC Zurich et Grasshopper se sont quitt\u00e9s sur le score de 2-2 samedi lors de la 7e journ\u00e9e de Super League.<\/p>\n<p>Dans un Letzigrund chauff\u00e9 \u00e0 blanc par les 17&rsquo;142 spectateurs pr\u00e9sents, le FCZ a pris les commandes du match \u00e0 la 54e, lorsque Kevin Spadanuda a trouv\u00e9 le chemin des filets malgr\u00e9 une bonne sortie du gardien des Sauterelles Marvin Hubel. Apr\u00e8s plusieurs occasions manqu\u00e9es en premi\u00e8re p\u00e9riode, le milieu de terrain de 21 ans Samuel Krasniqi a finalement marqu\u00e9 le 1-1 quatre minutes plus tard.<\/p>\n<p>Sonn\u00e9s apr\u00e8s avoir rat\u00e9 un penalty \u00e0 la 65e, les hommes de Peter Zeidler se sont fait punir un quart d&rsquo;heure apr\u00e8s par Umeh Emmanuel, pour son troisi\u00e8me but de la saison. Alors qu&rsquo;on se dirigeait tout droit vers un 3e succ\u00e8s du FCZ cette saison, Bujar Pilana a d\u00e9livr\u00e9 les Sauterelles \u00e0 la 90e+6 en reprenant de la t\u00eate un coup franc tir\u00e9 par Krasniqi. Ce nul permet \u00e0 GC de mettre fin \u00e0 une s\u00e9rie de trois d\u00e9faites de rang face \u00e0 son grand rival.<\/p>\n<p> \/ATS<\/p>\n","protected":false},"excerpt":{"rendered":"Pas de vainqueur dans le premier derby de la Limmat de la saison. Le FC Zurich et Grasshopper&hellip;\n","protected":false},"author":2,"featured_media":293636,"comment_status":"","ping_status":"","sticky":false,"template":"","format":"standard","meta":{"footnotes":"","_share_on_mastodon":"0"},"categories":[4],"tags":[22,121,124,128,119,122,123,118,136,132,131,133,130,21,135,120,126,117,125,114,115,116,23,129,127,134],"class_list":["post-293635","post","type-post","status-publish","format-standard","has-post-thumbnail","category-actualites","tag-actualites","tag-ajoie","tag-animation","tag-bienne","tag-delemont","tag-franches-montagnes","tag-frequence","tag-jura","tag-jura-bernois","tag-la-chaux-de-fonds","tag-moutier","tag-neuchatel","tag-neuveville","tag-news","tag-payerne","tag-porrentruy","tag-publicite","tag-radio","tag-redaction","tag-rfj","tag-rjb","tag-rtn","tag-suisse","tag-tavannes","tag-vallon-de-st-imier","tag-yverdon"],"share_on_mastodon":{"url":"https:\/\/pubeurope.com\/@ch_fr\/117221079242022339","error":""},"_links":{"self":[{"href":"https:\/\/www.europesays.com\/ch-fr\/wp-json\/wp\/v2\/posts\/293635","targetHints":{"allow":["GET"]}}],"collection":[{"href":"https:\/\/www.europesays.com\/ch-fr\/wp-json\/wp\/v2\/posts"}],"about":[{"href":"https:\/\/www.europesays.com\/ch-fr\/wp-json\/wp\/v2\/types\/post"}],"author":[{"embeddable":true,"href":"https:\/\/www.europesays.com\/ch-fr\/wp-json\/wp\/v2\/users\/2"}],"replies":[{"embeddable":true,"href":"https:\/\/www.europesays.com\/ch-fr\/wp-json\/wp\/v2\/comments?post=293635"}],"version-history":[{"count":0,"href":"https:\/\/www.europesays.com\/ch-fr\/wp-json\/wp\/v2\/posts\/293635\/revisions"}],"wp:featuredmedia":[{"embeddable":true,"href":"https:\/\/www.europesays.com\/ch-fr\/wp-json\/wp\/v2\/media\/293636"}],"wp:attachment":[{"href":"https:\/\/www.europesays.com\/ch-fr\/wp-json\/wp\/v2\/media?parent=293635"}],"wp:term":[{"taxonomy":"category","embeddable":true,"href":"https:\/\/www.europesays.com\/ch-fr\/wp-json\/wp\/v2\/categories?post=293635"},{"taxonomy":"post_tag","embeddable":true,"href":"https:\/\/www.europesays.com\/ch-fr\/wp-json\/wp\/v2\/tags?post=293635"}],"curies":[{"name":"wp","href":"https:\/\/api.w.org\/{rel}","templated":true}]}}