{"id":293673,"date":"2026-09-06T00:54:16","date_gmt":"2026-09-06T00:54:16","guid":{"rendered":"https:\/\/www.europesays.com\/ch-fr\/293673\/"},"modified":"2026-09-06T00:54:16","modified_gmt":"2026-09-06T00:54:16","slug":"une-energie-folle-pour-le-chant-du-gros-2026","status":"publish","type":"post","link":"https:\/\/www.europesays.com\/ch-fr\/293673\/","title":{"rendered":"\u00ab Une \u00e9nergie folle \u00bb pour le Chant du Gros 2026"},"content":{"rendered":"<p>Les derniers projecteurs s\u2019\u00e9teignent ce samedi soir sur le Noirmont. Le festival franc-montagnard ferme les portes de son \u00e9dition 2026, marqu\u00e9e par les prestations de Julien Dor\u00e9, H\u00e9l\u00e8ne S\u00e9gara et Superbus. Au total, quelque 43&rsquo;000 festivaliers ont fait vibrer le Chant du Gros cette ann\u00e9e. Une \u00e9dition avec un peu moins d\u2019affluence que les autres ann\u00e9es, principalement en raison d\u2019une fr\u00e9quentation un peu moins importante le jeudi soir, notamment par les enfants. Lors de la traditionnelle conf\u00e9rence de presse de cl\u00f4ture, Gilles Pierre a soulign\u00e9 \u00ab l\u2019\u00e9nergie totalement folle \u00bb qui se d\u00e9gage festival. Selon lui cette \u00ab folie \u00bb du Chant du Gros s\u2019explique notamment par la taille de la r\u00e9gion. \u00ab Les gens ont tellement envie de donner du bonheur, quand on fait les choses c\u2019est avec le c\u0153ur et \u00e7a se sent \u00bb, sourit le patron de la manifestation. Gille Pierre en a \u00e9galement profit\u00e9 pour saluer le travail des quelque 1\u2019732 b\u00e9n\u00e9voles. \u00ab C\u2019est quasi la population du village qui se mobilise, \u00e7a aussi c\u2019est magique \u00bb.<\/p>\n<p>Les prestations des artistes ont \u00e9galement \u00e9t\u00e9 salu\u00e9es, notamment le<a href=\"https:\/\/www.rfj.ch\/rfj\/Actualite\/Region\/20260904-Julien-Dore-un-moment-elegant-et-bienveillant-au-Chant-du-Gros.html\" rel=\"nofollow noopener\" target=\"_blank\"> concert de Julien Dor\u00e9<\/a>, qui est mont\u00e9 aux Franches-Montagne avec trois camions. \u00ab C\u2019est une production de Z\u00e9nith qui vient au Noirmont \u00bb, s\u2019est r\u00e9joui Gilles Pierre. <\/p>\n<p>Les organisateurs ont \u00e9galement pu dresser le bilan de l\u2019utilisation du <a href=\"https:\/\/www.rfj.ch\/rfj\/Actualite\/Region\/20260904-Le-Chant-du-Gros-referme-le-chapitre-des-Louis-et-ouvre-celui-des-paiements-sans-argent-liquide.html\" rel=\"nofollow noopener\" target=\"_blank\">syst\u00e8me de paiement \u00ab cashless \u00bb,<\/a> et des d\u00e9chirants adieux aux Louis. \u00ab C\u2019\u00e9tait un petit cr\u00e8ve-c\u0153ur, mais qu\u2019est-ce que c\u2019est pratique. Je crois que la recette \u00e9tait la bonne, on est tr\u00e8s contents de cette nouvelle formule. \u00bb La gratuit\u00e9 des gobelets a \u00e9galement su faire ses preuves. \u00ab Finalement, on a environ 90% des gobelet qui sont retourn\u00e9s, donc ont est vraiment tr\u00e8s satisfaits. \u00bb<\/p>\n<p>Un P\u2019tit du Gros pour les jeunes et les moins jeunes<\/p>\n<p>Le P\u2019tit du Gros a attir\u00e9 la foule sous le chapiteau, notamment gr\u00e2ce \u00e0 la pr\u00e9sence de deux crieurs d\u00e9guis\u00e9s en flamants roses. Deborah Othenin-Girard a salu\u00e9 l\u2019\u00e9nergie de ces deux fr\u00e8res de La Chaux-de-Fonds \u00ab \u00e7a fait partie de leur personnalit\u00e9 et ils font tr\u00e8s bien \u00e7a \u00bb, souligne la responsable de la communication du P\u2019tit du Gros. Les organisateurs se sont aussi f\u00e9licit\u00e9s de voir y affluer toutes les tranches d\u2019\u00e2ge \u00ab ce qui fait l\u2019essence du P\u2019tit du Gros \u00bb.<\/p>\n<p>Pour c\u00e9l\u00e9brer son 35e anniversaire, la manifestation se tiendra sur quatre jours les 8, 9, 10 et 11 septembre 2027 au Noirmont. Pour l\u2019heure le secret reste de mise quant \u00e0 la programmation, m\u00eame si le patron de la manifestation se dit \u00eatre pr\u00eat \u00e0 innover. <\/p>\n<p> Retrouvez toutes nos photos r\u00e9alis\u00e9es par Damien Carnal <a href=\"https:\/\/www.rfj.ch\/rfj\/Multimedia\/Photos.html\" target=\"_blank\" rel=\"nofollow noopener\">ici<\/a>. \/mlm-nmy<\/p>\n","protected":false},"excerpt":{"rendered":"Les derniers projecteurs s\u2019\u00e9teignent ce samedi soir sur le Noirmont. Le festival franc-montagnard ferme les portes de son&hellip;\n","protected":false},"author":2,"featured_media":293674,"comment_status":"","ping_status":"","sticky":false,"template":"","format":"standard","meta":{"footnotes":"","_share_on_mastodon":"0"},"categories":[4],"tags":[22,121,124,128,119,122,123,118,136,132,131,133,130,21,135,120,126,117,125,114,115,116,23,129,127,134],"class_list":["post-293673","post","type-post","status-publish","format-standard","has-post-thumbnail","category-actualites","tag-actualites","tag-ajoie","tag-animation","tag-bienne","tag-delemont","tag-franches-montagnes","tag-frequence","tag-jura","tag-jura-bernois","tag-la-chaux-de-fonds","tag-moutier","tag-neuchatel","tag-neuveville","tag-news","tag-payerne","tag-porrentruy","tag-publicite","tag-radio","tag-redaction","tag-rfj","tag-rjb","tag-rtn","tag-suisse","tag-tavannes","tag-vallon-de-st-imier","tag-yverdon"],"share_on_mastodon":{"url":"https:\/\/pubeurope.com\/@ch_fr\/117221370545431307","error":""},"_links":{"self":[{"href":"https:\/\/www.europesays.com\/ch-fr\/wp-json\/wp\/v2\/posts\/293673","targetHints":{"allow":["GET"]}}],"collection":[{"href":"https:\/\/www.europesays.com\/ch-fr\/wp-json\/wp\/v2\/posts"}],"about":[{"href":"https:\/\/www.europesays.com\/ch-fr\/wp-json\/wp\/v2\/types\/post"}],"author":[{"embeddable":true,"href":"https:\/\/www.europesays.com\/ch-fr\/wp-json\/wp\/v2\/users\/2"}],"replies":[{"embeddable":true,"href":"https:\/\/www.europesays.com\/ch-fr\/wp-json\/wp\/v2\/comments?post=293673"}],"version-history":[{"count":0,"href":"https:\/\/www.europesays.com\/ch-fr\/wp-json\/wp\/v2\/posts\/293673\/revisions"}],"wp:featuredmedia":[{"embeddable":true,"href":"https:\/\/www.europesays.com\/ch-fr\/wp-json\/wp\/v2\/media\/293674"}],"wp:attachment":[{"href":"https:\/\/www.europesays.com\/ch-fr\/wp-json\/wp\/v2\/media?parent=293673"}],"wp:term":[{"taxonomy":"category","embeddable":true,"href":"https:\/\/www.europesays.com\/ch-fr\/wp-json\/wp\/v2\/categories?post=293673"},{"taxonomy":"post_tag","embeddable":true,"href":"https:\/\/www.europesays.com\/ch-fr\/wp-json\/wp\/v2\/tags?post=293673"}],"curies":[{"name":"wp","href":"https:\/\/api.w.org\/{rel}","templated":true}]}}