{"id":293677,"date":"2026-09-06T01:05:10","date_gmt":"2026-09-06T01:05:10","guid":{"rendered":"https:\/\/www.europesays.com\/ch-fr\/293677\/"},"modified":"2026-09-06T01:05:10","modified_gmt":"2026-09-06T01:05:10","slug":"chant-du-gros-2026-43000-festivaliers-malgre-une-legere-baisse","status":"publish","type":"post","link":"https:\/\/www.europesays.com\/ch-fr\/293677\/","title":{"rendered":"Chant du Gros 2026 : 43&rsquo;000 festivaliers malgr\u00e9 une l\u00e9g\u00e8re baisse"},"content":{"rendered":"<p>Le Chant du Gros s&rsquo;ach\u00e8ve samedi au Noirmont, dans les Franches-Montagnes. Au total des trois soirs, environ 43&rsquo;000 personnes ont assist\u00e9 au festival. L&rsquo;\u00e9v\u00e9nement accueillait des artistes comme Julien Dor\u00e9, Bigflo &amp; Oli, H\u00e9l\u00e8ne S\u00e9gara, Michel Fugain, Helena, Superbus ou encore Matt Pokora.<\/p>\n<p>La foule s&rsquo;est press\u00e9e aux abords de la grande sc\u00e8ne du festival &#8211; la \u00ab\u00a0sainte sc\u00e8ne\u00a0\u00bb &#8211; pour \u00e9couter les nombreux tubes de Matt Pokara samedi soir, a constat\u00e9 sur place un journaliste de Keystone-ATS. Peu avant, le groupe Superbus avait d\u00e9livr\u00e9 une prestation \u00e9nergique devant un public en d\u00e9lire, notamment sur ses titres embl\u00e9matiques \u00ab\u00a0Butterfly\u00a0\u00bb et \u00ab\u00a0Lola\u00a0\u00bb, 24 ans apr\u00e8s sa premi\u00e8re participation au festival jurassien.<\/p>\n<p>Moins d&rsquo;affluence jeudi<\/p>\n<p>Avec 43000 festivaliers, la fr\u00e9quentation est en l\u00e9g\u00e8re baisse. L&rsquo;an dernier, le Chant du Gros avait r\u00e9uni plus de 45000 personnes. Dans un communiqu\u00e9, les organisateurs expliquent ce recul par la soir\u00e9e de jeudi, qui a attir\u00e9 moins de monde que d&rsquo;habitude.<\/p>\n<p>Vendredi et samedi ont en revanche attir\u00e9 beaucoup de monde, sous une m\u00e9t\u00e9o tr\u00e8s favorable. Le samedi, le festival affichait d&rsquo;ailleurs guichets ferm\u00e9s. Les b\u00e9n\u00e9voles, quant \u00e0 eux, \u00e9taient plus de 1700 au total.<\/p>\n<p> &gt;&gt; A voir \u00e9galement\u00a0:   <img decoding=\"async\" class=\"embed-responsive-item\" loading=\"lazy\" src=\"https:\/\/www.europesays.com\/ch-fr\/wp-content\/uploads\/2026\/09\/7636cb8d-29348000.image.jpeg\" alt=\"Le Chant du Gros n'a pas adapt\u00e9 sa s\u00e9curit\u00e9 apr\u00e8s la fusillade d'Aarau\"\/>    Le Chant du Gros n&rsquo;a pas adapt\u00e9 sa s\u00e9curit\u00e9 apr\u00e8s la fusillade d&rsquo;Aarau \/ 19h30 \/ 1 min. \/ vendredi \u00e0 19:30 Les nouveaut\u00e9s de cette \u00e9dition<\/p>\n<p>L&rsquo;abandon des \u00ab\u00a0Louis\u00a0\u00bb, monnaie propre au festival utilis\u00e9e pendant plus de 30 ans et remplac\u00e9e cette ann\u00e9e par un syst\u00e8me \u00ab\u00a0no cash\u00a0\u00bb, s&rsquo;est bien d\u00e9roul\u00e9. Le nouveau syst\u00e8me suscitait quelques interrogations, notamment dans les bars et les stands de b\u00e9n\u00e9voles, mais aucun probl\u00e8me majeur n&rsquo;a \u00e9t\u00e9 constat\u00e9.<\/p>\n<p>La vaisselle r\u00e9utilisable, mise en place il y plusieurs ann\u00e9es sur le site du festival, est \u00e9galement source de satisfaction. Environ 90% des gobelets ont \u00e9t\u00e9 ramen\u00e9s dans les poubelles pr\u00e9vues \u00e0 cet effet. Pas moins de 50&rsquo;000 gobelets r\u00e9utilisables \u00e9taient en service chaque soir.<\/p>\n<p>Sur quatre jours en 2027<\/p>\n<p>Pour ses 35 ans, le Chant du Gros se tiendra sur quatre jours l&rsquo;ann\u00e9e prochaine, soit du mercredi 8 au samedi 11 septembre 2027, indique le communiqu\u00e9. Il devrait \u00e0 nouveau se tenir sur trois soirs d\u00e8s l&rsquo;ann\u00e9e suivante, ont pr\u00e9cis\u00e9 les organisateurs \u00e0 Keystone-ATS.<\/p>\n<p class=\"sources\">ats\/lbl<\/p>\n","protected":false},"excerpt":{"rendered":"Le Chant du Gros s&rsquo;ach\u00e8ve samedi au Noirmont, dans les Franches-Montagnes. Au total des trois soirs, environ 43&rsquo;000&hellip;\n","protected":false},"author":2,"featured_media":293678,"comment_status":"","ping_status":"","sticky":false,"template":"","format":"standard","meta":{"footnotes":"","_share_on_mastodon":"0"},"categories":[10],"tags":[1366,380,29391,648,172,113,112,2320,650,3716,59240,13674,118,3956,29393,141,23,64094],"class_list":["post-293677","post","type-post","status-publish","format-standard","has-post-thumbnail","category-divertissement","tag-artiste","tag-arts-et-divertissement","tag-chant-du-gros","tag-concert","tag-culture","tag-divertissement","tag-entertainment","tag-evenement","tag-festival","tag-festivals-et-commemorations","tag-helene-segara","tag-julien-dore","tag-jura","tag-m-pokora","tag-michel-fugain","tag-musique","tag-suisse","tag-superbus"],"share_on_mastodon":{"url":"https:\/\/pubeurope.com\/@ch_fr\/117221414204434970","error":""},"_links":{"self":[{"href":"https:\/\/www.europesays.com\/ch-fr\/wp-json\/wp\/v2\/posts\/293677","targetHints":{"allow":["GET"]}}],"collection":[{"href":"https:\/\/www.europesays.com\/ch-fr\/wp-json\/wp\/v2\/posts"}],"about":[{"href":"https:\/\/www.europesays.com\/ch-fr\/wp-json\/wp\/v2\/types\/post"}],"author":[{"embeddable":true,"href":"https:\/\/www.europesays.com\/ch-fr\/wp-json\/wp\/v2\/users\/2"}],"replies":[{"embeddable":true,"href":"https:\/\/www.europesays.com\/ch-fr\/wp-json\/wp\/v2\/comments?post=293677"}],"version-history":[{"count":0,"href":"https:\/\/www.europesays.com\/ch-fr\/wp-json\/wp\/v2\/posts\/293677\/revisions"}],"wp:featuredmedia":[{"embeddable":true,"href":"https:\/\/www.europesays.com\/ch-fr\/wp-json\/wp\/v2\/media\/293678"}],"wp:attachment":[{"href":"https:\/\/www.europesays.com\/ch-fr\/wp-json\/wp\/v2\/media?parent=293677"}],"wp:term":[{"taxonomy":"category","embeddable":true,"href":"https:\/\/www.europesays.com\/ch-fr\/wp-json\/wp\/v2\/categories?post=293677"},{"taxonomy":"post_tag","embeddable":true,"href":"https:\/\/www.europesays.com\/ch-fr\/wp-json\/wp\/v2\/tags?post=293677"}],"curies":[{"name":"wp","href":"https:\/\/api.w.org\/{rel}","templated":true}]}}