{"id":293683,"date":"2026-09-06T01:23:14","date_gmt":"2026-09-06T01:23:14","guid":{"rendered":"https:\/\/www.europesays.com\/ch-fr\/293683\/"},"modified":"2026-09-06T01:23:14","modified_gmt":"2026-09-06T01:23:14","slug":"un-nouveau-gain-millionnaire-au-tirage-du-swiss-loto-13","status":"publish","type":"post","link":"https:\/\/www.europesays.com\/ch-fr\/293683\/","title":{"rendered":"Un nouveau gain millionnaire au tirage du Swiss Loto"},"content":{"rendered":"<p>    <img src=\"https:\/\/www.europesays.com\/ch-fr\/wp-content\/uploads\/2026\/09\/c780e99fc8b33882676a06eb08b38a8f5ee98d40-92010612.jpg\" width=\"1400\" height=\"1050\" alt=\"\" loading=\"eager\" decoding=\"sync\" fetchpriority=\"high\"\/><\/p>\n<p>            Keystone-SDA        <\/p>\n<p>        Une personne est devenue millionnaire samedi gr\u00e2ce au Swiss Loto. Elle a devin\u00e9 les six bons num\u00e9ros et empoche 1 million de francs. Son bulletin a \u00e9t\u00e9 valid\u00e9 \u00e0 La Chaux-de-Fonds (NE).\n<\/p>\n<p>        Ce contenu a \u00e9t\u00e9 publi\u00e9 sur    <\/p>\n<p>        05 septembre 2026 &#8211; 18:18\n<\/p>\n<p> (Keystone-ATS) Il fallait cocher les num\u00e9ros 5, 9, 17, 18, 25 et 31. Le num\u00e9ro chance \u00e9tait le 2, le rePLAY le 6 et le Joker le 700431. Lors du prochain tirage mercredi, 25 millions de francs seront en jeu, indique la Loterie Romande.<\/p>\n<p>https:\/\/jeux.loro.ch\/games\/swissloto\/<\/p>\n","protected":false},"excerpt":{"rendered":"Keystone-SDA Une personne est devenue millionnaire samedi gr\u00e2ce au Swiss Loto. Elle a devin\u00e9 les six bons num\u00e9ros&hellip;\n","protected":false},"author":2,"featured_media":293684,"comment_status":"","ping_status":"","sticky":false,"template":"","format":"standard","meta":{"footnotes":"","_share_on_mastodon":"0"},"categories":[10],"tags":[113,112,23,36],"class_list":["post-293683","post","type-post","status-publish","format-standard","has-post-thumbnail","category-divertissement","tag-divertissement","tag-entertainment","tag-suisse","tag-ticker"],"share_on_mastodon":{"url":"https:\/\/pubeurope.com\/@ch_fr\/117221484762979983","error":""},"_links":{"self":[{"href":"https:\/\/www.europesays.com\/ch-fr\/wp-json\/wp\/v2\/posts\/293683","targetHints":{"allow":["GET"]}}],"collection":[{"href":"https:\/\/www.europesays.com\/ch-fr\/wp-json\/wp\/v2\/posts"}],"about":[{"href":"https:\/\/www.europesays.com\/ch-fr\/wp-json\/wp\/v2\/types\/post"}],"author":[{"embeddable":true,"href":"https:\/\/www.europesays.com\/ch-fr\/wp-json\/wp\/v2\/users\/2"}],"replies":[{"embeddable":true,"href":"https:\/\/www.europesays.com\/ch-fr\/wp-json\/wp\/v2\/comments?post=293683"}],"version-history":[{"count":0,"href":"https:\/\/www.europesays.com\/ch-fr\/wp-json\/wp\/v2\/posts\/293683\/revisions"}],"wp:featuredmedia":[{"embeddable":true,"href":"https:\/\/www.europesays.com\/ch-fr\/wp-json\/wp\/v2\/media\/293684"}],"wp:attachment":[{"href":"https:\/\/www.europesays.com\/ch-fr\/wp-json\/wp\/v2\/media?parent=293683"}],"wp:term":[{"taxonomy":"category","embeddable":true,"href":"https:\/\/www.europesays.com\/ch-fr\/wp-json\/wp\/v2\/categories?post=293683"},{"taxonomy":"post_tag","embeddable":true,"href":"https:\/\/www.europesays.com\/ch-fr\/wp-json\/wp\/v2\/tags?post=293683"}],"curies":[{"name":"wp","href":"https:\/\/api.w.org\/{rel}","templated":true}]}}