{"id":293691,"date":"2026-09-06T01:38:10","date_gmt":"2026-09-06T01:38:10","guid":{"rendered":"https:\/\/www.europesays.com\/ch-fr\/293691\/"},"modified":"2026-09-06T01:38:10","modified_gmt":"2026-09-06T01:38:10","slug":"the-voice-kids-cette-reprise-dun-tube-de-la-reine-des-neiges-ne-pourra-que-vous-faire-fondre","status":"publish","type":"post","link":"https:\/\/www.europesays.com\/ch-fr\/293691\/","title":{"rendered":"\u00ab\u00a0The Voice Kids\u00a0\u00bb : cette reprise d&rsquo;un tube de \u00ab\u00a0La Reine des neiges\u00a0\u00bb ne pourra que vous faire fondre"},"content":{"rendered":"<p>Sophie, sept ans et (presque) toutes ses dents, a s\u00e9duit les coachs avec sa version tr\u00e8s th\u00e9\u00e2trale de la chanson \u00ab\u00a0Je voudrais un bonhomme de neige\u00a0\u00bb.Cette Anna plus vraie que nature, qui a fait carton plein sur le plateau, devrait toucher les t\u00e9l\u00e9spectateurs en plein c\u0153ur.Son audition \u00e0 l\u2019aveugle est \u00e0 (re)voir sur TF1+.<\/p>\n<p id=\"body-_R_17v7tm_-block-6\" data-module=\"article-paragraph\" class=\"jsx-2921227388 Paragraph Paragraph__End\">Elle s\u2019est pr\u00e9sent\u00e9e \u00ab\u00a0pr\u00eate de chez pr\u00eate, de chez pr\u00eate\u00a0\u00bb. \u00c0 la voir arriver pleine de confiance sur le plateau de \u00ab\u00a0The Voice Kids\u00a0\u00bb ce samedi, on aimerait bien partager un peu de la sienne. Sophie, sept ans et (presque) toutes ses dents, a fait basculer l\u2019\u00e9mission en plein film d\u2019animation Disney en s\u2019attaquant \u00e0 une chanson phare de La Reine des neiges. <a href=\"https:\/\/www.tf1info.fr\/culture\/la-reine-des-neiges-disney-les-10-ans-de-la-chanson-liberee-delivree-cine-karaoke-grand-rex-paris-2276883.html\" rel=\"nofollow noopener\" target=\"_blank\">Pas de \u00ab\u00a0Lib\u00e9r\u00e9e, d\u00e9livr\u00e9e\u00a0\u00bb cette fois<\/a> mais une reprise toute mignonne de \u00ab\u00a0Je voudrais un bonhomme de neige\u00a0\u00bb.<\/p>\n<p>Je n&rsquo;avais pas imagin\u00e9 que les quatre coachs allaient se retourner !Sophie<\/p>\n<p id=\"body-_R_17v7tm_-block-8\" data-module=\"article-paragraph\" class=\"jsx-2921227388 Paragraph Paragraph__End\">D\u2019embl\u00e9e conquise par la proposition, Santa attend le refrain pour se retourner. \u00ab\u00a0Je veux voir, je veux voir !\u00a0\u00bb, rench\u00e9rit Soprano qui appuie \u00e0 son tour sur son buzzer pour d\u00e9couvrir l\u2019interpr\u00e9tation tr\u00e8s th\u00e9\u00e2trale de la Cannoise. Intrigu\u00e9s par les r\u00e9actions de leurs coll\u00e8gues, Patrick Fiori et Matt Pokora succombent \u00e0 leur tour. Sophie accueille ces quatre \u00ab\u00a0oui\u00a0\u00bb avec beaucoup d\u2019\u00e9motion et s\u2019offre un c\u00e2lin avec chacun des coachs. \u00ab\u00a0Avec plaisir !\u00a0\u00bb, lance-t-elle \u00e0 Santa qui lui propose d&rsquo;entonner la chanson ensemble.<\/p>\n<p><a href=\"https:\/\/www.tf1info.fr\/culture\/programme-tv-tf1-the-voice-kids-2026-mais-il-faut-20-ans-pour-chanter-comme-ca-nelson-a-laisse-les-coachs-sans-voix-2461046.html\" rel=\"nofollow noopener\" class=\"jsx-958316424 Link flex\" target=\"_blank\"><img decoding=\"async\" src=\"https:\/\/www.europesays.com\/ch-fr\/wp-content\/uploads\/2026\/09\/nelson-the-voice-kids-tf1-1f093b-0@1x.jpeg\" alt=\"Nelson a laiss\u00e9 les coachs de &quot;The Voice Kids&quot; sans voix\" loading=\"lazy\" importance=\"low\" fetchpriority=\"low\" class=\"\" copyright=\"TF1\" aria-hidden=\"true\"\/><\/p>\n<p class=\"jsx-4054529586 ReadMoreArticle__Title\">Lire aussi<\/p>\n<p class=\"jsx-4054529586\">\u00ab\u00a0Mais il faut 20 ans pour chanter comme \u00e7a !\u00a0\u00bb : Nelson a laiss\u00e9 les coachs de \u00ab\u00a0The Voice Kids\u00a0\u00bb sans voix<\/p>\n<p><\/a><\/p>\n<p id=\"body-_R_17v7tm_-block-11\" data-module=\"article-paragraph\" class=\"jsx-2921227388 Paragraph\">La complicit\u00e9 entre les deux est si \u00e9vidente que c\u2019est la chanteuse que Sophie choisit comme coach. \u00ab\u00a0C\u2019est normal, c\u2019est la m\u00e8re de la Reine des neiges !\u00a0\u00bb, s\u2019amuse Matt Pokora. \u00ab\u00a0Je n\u2019avais pas imagin\u00e9 que les quatre coachs allaient se retourner !\u00a0\u00bb, sourit la fillette, provoquant l&rsquo;hilarit\u00e9 en partant.\u00a0Dans leurs fauteuils, les artistes saluent sa personnalit\u00e9 p\u00e9tillante. \u00ab\u00a0Elle est g\u00e9niale, elle d\u00e9chire ! Elle est dans sa bulle\u00a0\u00bb, lancent-ils \u00e0 propos de celle qui n\u2019a sans doute pas fini de faire parler d\u2019elle cette saison.<\/p>\n<p data-module=\"article-paragraph\" class=\"jsx-2921227388 Paragraph Paragraph__End\">&gt;&gt; \u00ab\u00a0The Voice Kids\u00a0\u00bb \u2013 toutes les prestations de la saison sont \u00e0 retrouver sur TF1<\/p>\n<p>Delphine DE FREITAS<\/p>\n","protected":false},"excerpt":{"rendered":"Sophie, sept ans et (presque) toutes ses dents, a s\u00e9duit les coachs avec sa version tr\u00e8s th\u00e9\u00e2trale de&hellip;\n","protected":false},"author":2,"featured_media":293692,"comment_status":"","ping_status":"","sticky":false,"template":"","format":"standard","meta":{"footnotes":"","_share_on_mastodon":"0"},"categories":[13],"tags":[694,22,927,1298,113,112,30,696,9424,1456,141,13954,2476,23,142,196,3006,58143,154,1455],"class_list":["post-293691","post","type-post","status-publish","format-standard","has-post-thumbnail","category-television","tag-actu","tag-actualites","tag-article-video","tag-disney","tag-divertissement","tag-entertainment","tag-france","tag-info","tag-matt-pokora","tag-medias-et-divertissement","tag-musique","tag-patrick-fiori","tag-soprano","tag-suisse","tag-television","tag-tf1","tag-the-voice","tag-the-voice-kids-2026","tag-video","tag-video-culture"],"share_on_mastodon":{"url":"https:\/\/pubeurope.com\/@ch_fr\/117221543966399781","error":""},"_links":{"self":[{"href":"https:\/\/www.europesays.com\/ch-fr\/wp-json\/wp\/v2\/posts\/293691","targetHints":{"allow":["GET"]}}],"collection":[{"href":"https:\/\/www.europesays.com\/ch-fr\/wp-json\/wp\/v2\/posts"}],"about":[{"href":"https:\/\/www.europesays.com\/ch-fr\/wp-json\/wp\/v2\/types\/post"}],"author":[{"embeddable":true,"href":"https:\/\/www.europesays.com\/ch-fr\/wp-json\/wp\/v2\/users\/2"}],"replies":[{"embeddable":true,"href":"https:\/\/www.europesays.com\/ch-fr\/wp-json\/wp\/v2\/comments?post=293691"}],"version-history":[{"count":0,"href":"https:\/\/www.europesays.com\/ch-fr\/wp-json\/wp\/v2\/posts\/293691\/revisions"}],"wp:featuredmedia":[{"embeddable":true,"href":"https:\/\/www.europesays.com\/ch-fr\/wp-json\/wp\/v2\/media\/293692"}],"wp:attachment":[{"href":"https:\/\/www.europesays.com\/ch-fr\/wp-json\/wp\/v2\/media?parent=293691"}],"wp:term":[{"taxonomy":"category","embeddable":true,"href":"https:\/\/www.europesays.com\/ch-fr\/wp-json\/wp\/v2\/categories?post=293691"},{"taxonomy":"post_tag","embeddable":true,"href":"https:\/\/www.europesays.com\/ch-fr\/wp-json\/wp\/v2\/tags?post=293691"}],"curies":[{"name":"wp","href":"https:\/\/api.w.org\/{rel}","templated":true}]}}