{"id":293693,"date":"2026-09-06T01:41:13","date_gmt":"2026-09-06T01:41:13","guid":{"rendered":"https:\/\/www.europesays.com\/ch-fr\/293693\/"},"modified":"2026-09-06T01:41:13","modified_gmt":"2026-09-06T01:41:13","slug":"harry-prepare-un-film-sur-diana-ravivant-les-tensions-avec-william","status":"publish","type":"post","link":"https:\/\/www.europesays.com\/ch-fr\/293693\/","title":{"rendered":"Harry pr\u00e9pare un film sur Diana, ravivant les tensions avec William"},"content":{"rendered":"<p><img loading=\"lazy\" decoding=\"async\" src=\"https:\/\/www.europesays.com\/ch-fr\/wp-content\/uploads\/2026\/09\/b254e4ca-e609-43c5-8a4c-05035b6ffe8c.png\" alt=\"Selon un expert royal, ce projet occupera Harry durant sa premi\u00e8re ann\u00e9e de retour au Royaume-Uni.\" title=\"Selon un expert royal, ce projet occupera Harry durant sa premi\u00e8re ann\u00e9e de retour au Royaume-Uni.\"  width=\"1080\" height=\"1080\"\/>Selon un expert royal, ce projet occupera Harry durant sa premi\u00e8re ann\u00e9e de retour au Royaume-Uni.AFP<\/p>\n<p type=\"textBlockArray\" class=\"sc-96fb0400-2 bwOXSg\">On en sait un peu plus sur les raisons du retour du prince Harry au Royaume-Uni. Selon Richard Kay, r\u00e9dacteur en chef adjoint du <a target=\"_blank\" href=\"https:\/\/www.dailymail.com\/news\/royals\/article-16105273\/prince-harry-diana-film-richard-kay-palace-confidential.html\" rel=\"noopener noreferrer nofollow\">\u00abDaily Mail\u00bb<\/a>, le duc de Sussex pr\u00e9pare un film sur sa m\u00e8re, la princesse Diana. Le fils cadet du roi Charles III a commenc\u00e9 \u00e0 contacter d&rsquo;anciens amis de Lady Di. Selon l&rsquo;expert royal, ce projet occupera Harry durant sa premi\u00e8re ann\u00e9e de retour au Royaume-Uni. L&rsquo;an prochain marquera le 30e anniversaire de la mort de la princesse \u00e0 Paris.<\/p>\n<p type=\"textBlockArray\" class=\"sc-96fb0400-2 bwOXSg\">Cet anniversaire remettra l&rsquo;h\u00e9ritage de Diana au premier plan et accentuera les tensions entre William et Harry, dont la relation est d\u00e9j\u00e0 bris\u00e9e, selon Richard Kay. Il y a neuf ans, lorsque les deux fr\u00e8res avaient r\u00e9alis\u00e9 des documentaires pour le 20e anniversaire de la mort de leur m\u00e8re, c&rsquo;\u00e9tait la derni\u00e8re fois qu&rsquo;ils \u00e9taient \u00abvraiment sur la m\u00eame longueur d\u2019onde\u00bb, estime l&rsquo;expert royal.<\/p>\n<p>Harry tenterait de s&rsquo;approprier l&rsquo;h\u00e9ritage de Diana<\/p>\n<p type=\"textBlockArray\" class=\"sc-96fb0400-2 bwOXSg\">Richard Kay estime que le projet du duc de Sussex ravive \u00abcette vieille id\u00e9e re\u00e7ue\u00bb associant Harry \u00e0 Diana, alors qu&rsquo;elle \u00e9tait \u00abla m\u00e8re de deux gar\u00e7ons\u00bb. William est autant le fils de sa m\u00e8re que son fr\u00e8re, mais Harry aurait tent\u00e9 de s&rsquo;approprier son h\u00e9ritage, \u00abau grand agacement de William\u00bb. Harry chercherait \u00e0 utiliser Diana, \u00abla marque Spencer, le nom Spencer\u00bb, pour se distinguer de la famille royale.<\/p>\n<p type=\"textBlockArray\" class=\"sc-96fb0400-2 bwOXSg\">\u00abN&rsquo;oublions pas avec qui Harry a pass\u00e9 du temps lorsqu&rsquo;il \u00e9tait ici en juillet: la famille de Diana, \u00e0 Althorp\u00bb, ajoute-t-il. Harry, Meghan et leurs enfants ont s\u00e9journ\u00e9 chez les Spencer, dans le domaine familial d&rsquo;Althorp, lors de leur visite au Royaume-Uni en juillet.<\/p>\n<p><a href=\"https:\/\/www.20min.ch\/fr\/auteurs\/85872270\/joelle-mermoud\" rel=\"nofollow noopener\" target=\"_blank\"><img decoding=\"async\" alt=\"Jo\u00eblle Mermoud\" src=\"https:\/\/www.europesays.com\/ch-fr\/wp-content\/uploads\/2026\/09\/1788658873_319_18b7c9ac-fc55-4502-98be-2d4e0828bfc3.jpeg\" class=\"sc-4c39d813-1 hkoNGh\"\/><\/a><\/p>\n<p class=\"sc-f19a47c0-1 jKqFcj\">Jo\u00eblle Mermoud (joc) est journaliste \u00e0 20 Minutes depuis 2009. Elle traite de l&rsquo;actualit\u00e9 internationale au Newsdesk, avec un faible pour les histoires insolites.<\/p>\n","protected":false},"excerpt":{"rendered":"Selon un expert royal, ce projet occupera Harry durant sa premi\u00e8re ann\u00e9e de retour au Royaume-Uni.AFP On en&hellip;\n","protected":false},"author":2,"featured_media":293694,"comment_status":"","ping_status":"","sticky":false,"template":"","format":"standard","meta":{"footnotes":"","_share_on_mastodon":"0"},"categories":[10],"tags":[113,112,23],"class_list":["post-293693","post","type-post","status-publish","format-standard","has-post-thumbnail","category-divertissement","tag-divertissement","tag-entertainment","tag-suisse"],"share_on_mastodon":{"url":"https:\/\/pubeurope.com\/@ch_fr\/117221555580486375","error":""},"_links":{"self":[{"href":"https:\/\/www.europesays.com\/ch-fr\/wp-json\/wp\/v2\/posts\/293693","targetHints":{"allow":["GET"]}}],"collection":[{"href":"https:\/\/www.europesays.com\/ch-fr\/wp-json\/wp\/v2\/posts"}],"about":[{"href":"https:\/\/www.europesays.com\/ch-fr\/wp-json\/wp\/v2\/types\/post"}],"author":[{"embeddable":true,"href":"https:\/\/www.europesays.com\/ch-fr\/wp-json\/wp\/v2\/users\/2"}],"replies":[{"embeddable":true,"href":"https:\/\/www.europesays.com\/ch-fr\/wp-json\/wp\/v2\/comments?post=293693"}],"version-history":[{"count":0,"href":"https:\/\/www.europesays.com\/ch-fr\/wp-json\/wp\/v2\/posts\/293693\/revisions"}],"wp:featuredmedia":[{"embeddable":true,"href":"https:\/\/www.europesays.com\/ch-fr\/wp-json\/wp\/v2\/media\/293694"}],"wp:attachment":[{"href":"https:\/\/www.europesays.com\/ch-fr\/wp-json\/wp\/v2\/media?parent=293693"}],"wp:term":[{"taxonomy":"category","embeddable":true,"href":"https:\/\/www.europesays.com\/ch-fr\/wp-json\/wp\/v2\/categories?post=293693"},{"taxonomy":"post_tag","embeddable":true,"href":"https:\/\/www.europesays.com\/ch-fr\/wp-json\/wp\/v2\/tags?post=293693"}],"curies":[{"name":"wp","href":"https:\/\/api.w.org\/{rel}","templated":true}]}}