{"id":293695,"date":"2026-09-06T01:43:30","date_gmt":"2026-09-06T01:43:30","guid":{"rendered":"https:\/\/www.europesays.com\/ch-fr\/293695\/"},"modified":"2026-09-06T01:43:30","modified_gmt":"2026-09-06T01:43:30","slug":"ligue-de-diamant-simon-ehammer-3e-de-la-longueur-a-bruxelles","status":"publish","type":"post","link":"https:\/\/www.europesays.com\/ch-fr\/293695\/","title":{"rendered":"Ligue de diamant : Simon Ehammer 3e de la longueur \u00e0 Bruxelles"},"content":{"rendered":"<p>Simon Ehammer n&rsquo;a pas r\u00e9ussi \u00e0 d\u00e9crocher un troisi\u00e8me diamant. L&rsquo;Appenzellois a pris la 3e place de la longueur lors de la finale de la Ligue de diamant \u00e0 Bruxelles.<\/p>\n<p>Ehammer a attendu son 6e et dernier essai pour r\u00e9aliser sa meilleure performance de la soir\u00e9e en Belgique avec un bond mesur\u00e9 \u00e0 8,23m.<\/p>\n<p>L&rsquo;athl\u00e8te de 26 ans a ainsi l\u00e9g\u00e8rement am\u00e9lior\u00e9 ses performances du Weltklasse (8,14) et d&rsquo;Athletissima (8,13), mais est rest\u00e9 \u00e0 6 centim\u00e8tres de la marque qui lui avait valu la m\u00e9daille d&rsquo;argent aux Championnats d&rsquo;Europe de Birmingham.<\/p>\n<p>Le Suisse s&rsquo;est n\u00e9anmoins dit tr\u00e8s satisfait de sa performance, compte tenu des conditions de vent difficiles. \u00ab\u00a0Le fait d&rsquo;avoir une nouvelle fois r\u00e9ussi un saut \u00e0 plus de 8,20m est bon pour le moral\u00a0\u00bb, a-t-il d\u00e9clar\u00e9 \u00e0 la SRF. Il se sent \u00e9galement pr\u00eat pour les World Athletics Ultimate Championships qui se d\u00e9rouleront la semaine prochaine \u00e0 Budapest, et o\u00f9 le vainqueur remportera 150&rsquo;000 dollars.<\/p>\n<p>Tentoglou battu, Gayle s&rsquo;impose<\/p>\n<p>La victoire est revenue au Jama\u00efcain Tajay Gayle, champion du monde 2019 \u00e0 Doha et m\u00e9daill\u00e9 d&rsquo;argent aux Championnats du monde 2025 \u00e0 Tokyo, avec un saut \u00e0 8,46m. Gayle avait d\u00e9j\u00e0 remport\u00e9 le Diamond Trophy en 2024.<\/p>\n<p>Le favori grec Miltiadis Tentoglou a d\u00fb se contenter de la 2e place avec 8,40m. Le Grec a remport\u00e9 4 \u00e9preuves de la Ligue de diamant cette saison et a \u00e9t\u00e9 sacr\u00e9 champion d&rsquo;Europe \u00e0 Birmingham.<\/p>\n<p class=\"sources\">ats\/pza<\/p>\n","protected":false},"excerpt":{"rendered":"Simon Ehammer n&rsquo;a pas r\u00e9ussi \u00e0 d\u00e9crocher un troisi\u00e8me diamant. L&rsquo;Appenzellois a pris la 3e place de la&hellip;\n","protected":false},"author":2,"featured_media":293696,"comment_status":"","ping_status":"","sticky":false,"template":"","format":"standard","meta":{"footnotes":"","_share_on_mastodon":"0"},"categories":[8],"tags":[18492,788,1297,1746,17201,34498,11029,186,75,23,64102],"class_list":["post-293695","post","type-post","status-publish","format-standard","has-post-thumbnail","category-sports","tag-appenzell","tag-athletisme","tag-belgique","tag-bruxelles","tag-diamant","tag-ligue-de-diamant","tag-simon-ehammer","tag-sport","tag-sports","tag-suisse","tag-tajay-gayle"],"share_on_mastodon":{"url":"https:\/\/pubeurope.com\/@ch_fr\/117221563259065509","error":""},"_links":{"self":[{"href":"https:\/\/www.europesays.com\/ch-fr\/wp-json\/wp\/v2\/posts\/293695","targetHints":{"allow":["GET"]}}],"collection":[{"href":"https:\/\/www.europesays.com\/ch-fr\/wp-json\/wp\/v2\/posts"}],"about":[{"href":"https:\/\/www.europesays.com\/ch-fr\/wp-json\/wp\/v2\/types\/post"}],"author":[{"embeddable":true,"href":"https:\/\/www.europesays.com\/ch-fr\/wp-json\/wp\/v2\/users\/2"}],"replies":[{"embeddable":true,"href":"https:\/\/www.europesays.com\/ch-fr\/wp-json\/wp\/v2\/comments?post=293695"}],"version-history":[{"count":0,"href":"https:\/\/www.europesays.com\/ch-fr\/wp-json\/wp\/v2\/posts\/293695\/revisions"}],"wp:featuredmedia":[{"embeddable":true,"href":"https:\/\/www.europesays.com\/ch-fr\/wp-json\/wp\/v2\/media\/293696"}],"wp:attachment":[{"href":"https:\/\/www.europesays.com\/ch-fr\/wp-json\/wp\/v2\/media?parent=293695"}],"wp:term":[{"taxonomy":"category","embeddable":true,"href":"https:\/\/www.europesays.com\/ch-fr\/wp-json\/wp\/v2\/categories?post=293695"},{"taxonomy":"post_tag","embeddable":true,"href":"https:\/\/www.europesays.com\/ch-fr\/wp-json\/wp\/v2\/tags?post=293695"}],"curies":[{"name":"wp","href":"https:\/\/api.w.org\/{rel}","templated":true}]}}