{"id":293703,"date":"2026-09-06T02:00:29","date_gmt":"2026-09-06T02:00:29","guid":{"rendered":"https:\/\/www.europesays.com\/ch-fr\/293703\/"},"modified":"2026-09-06T02:00:29","modified_gmt":"2026-09-06T02:00:29","slug":"ariana-grande-acheve-a-londres-sa-tournee-avant-une-pause-3","status":"publish","type":"post","link":"https:\/\/www.europesays.com\/ch-fr\/293703\/","title":{"rendered":"Ariana Grande ach\u00e8ve \u00e0 Londres sa tourn\u00e9e avant une pause"},"content":{"rendered":"<p>    <img src=\"https:\/\/www.europesays.com\/ch-fr\/wp-content\/uploads\/2026\/09\/3742b2468603ecd0b0c16777d98b118a4cff0600-91989510.jpg\" width=\"1400\" height=\"1050\" alt=\"\" loading=\"eager\" decoding=\"sync\" fetchpriority=\"high\"\/><\/p>\n<p>            Keystone-SDA        <\/p>\n<p>        La star am\u00e9ricaine Ariana Grande a conclu mardi soir \u00e0 Londres sa tourn\u00e9e \u00ab\u00a0Eternal Sunshine\u00a0\u00bb avant de se retirer de la vie publique pour une dur\u00e9e ind\u00e9termin\u00e9e. Depuis des mois, son apparence physique et sa perte de poids suscitent de nombreuses r\u00e9actions.\n<\/p>\n<p>        Ce contenu a \u00e9t\u00e9 publi\u00e9 sur    <\/p>\n<p>        01 septembre 2026 &#8211; 22:24\n<\/p>\n<p> (Keystone-ATS) Cette tourn\u00e9e d\u2019Ariana Grande, qui est \u00e0 33 ans l\u2019une des pop stars les plus c\u00e9l\u00e8bres du monde, a d\u00e9marr\u00e9 en juin en Am\u00e9rique du Nord et s\u2019est achev\u00e9e \u00e0 Londres avec 10 concerts, qui ont tous affich\u00e9 complet. Pour la derni\u00e8re date, mardi soir, une excitation teint\u00e9e de tristesse r\u00e9gnait chez les fans rencontr\u00e9s par l\u2019AFP avant le concert.<\/p>\n<p>Jadey, une N\u00e9erlandaise de 21 ans travaillant dans le tourisme, a racont\u00e9 attendre le concert \u00abdepuis pr\u00e8s d\u2019un an\u00bb. Mais \u00abc\u2019est la fin d\u2019une \u00e8re pour moi et beaucoup de fans\u00bb, a-t-elle ajout\u00e9, en \u00e9voquant la mise en retrait de la star.<\/p>\n<p>\u00abC\u2019est un sentiment mitig\u00e9: je suis triste, mais je pense que \u00e7a lui fera du bien de faire une pause\u00bb, a comment\u00e9 Kane, un animateur de 27 ans vivant dans le nord-est de l\u2019Angleterre. \u00abCe soir, \u00e7a va \u00eatre un moment vraiment sp\u00e9cial\u00bb, ajoute sa soeur, Heather.<\/p>\n<p>Repos m\u00e9rit\u00e9<\/p>\n<p>D\u00e9but ao\u00fbt, un repr\u00e9sentant d\u2019Ariana Grande a indiqu\u00e9 qu\u2019elle souhaitait prendre \u00abdu recul\u00bb vis-\u00e0-vis de la vie publique, ses nombreuses apparitions ayant \u00abentra\u00een\u00e9 des commentaires incessants et permanents\u00bb.<\/p>\n<p>\u00abElle a h\u00e2te de terminer la tourn\u00e9e et de la conclure en beaut\u00e9, en bonne sant\u00e9 et dans la joie, puis de prendre un repos bien m\u00e9rit\u00e9 loin de son travail et de ses apparitions publiques\u00bb, a dit son \u00e9quipe dans un communiqu\u00e9.<\/p>\n<p>Le clip de \u00abPetal\u00bb, titre phare de son dernier album, dans lequel elle appara\u00eet tr\u00e8s maigre, a aliment\u00e9 les interrogations sur l\u2019\u00e9tat de sant\u00e9 de la chanteuse.<\/p>\n<p>Ariana Grande, qui a \u00e9t\u00e9 nomm\u00e9e en 2025 aux oscars pour son r\u00f4le dans le film \u00abWicked\u00bb, a renonc\u00e9 \u00e0 jouer dans une com\u00e9die musicale qui \u00e9tait pr\u00e9vue \u00e0 Londres en 2027.<\/p>\n<p>La star a une lourde histoire avec l\u2019Angleterre. En mai 2017, 22 personnes dont sept enfants avaient \u00e9t\u00e9 tu\u00e9s \u00e0 la sortie du concert qu\u2019elle avait donn\u00e9 \u00e0 Manchester dans un attentat \u00e0 la bombe.<\/p>\n","protected":false},"excerpt":{"rendered":"Keystone-SDA La star am\u00e9ricaine Ariana Grande a conclu mardi soir \u00e0 Londres sa tourn\u00e9e \u00ab\u00a0Eternal Sunshine\u00a0\u00bb avant de&hellip;\n","protected":false},"author":2,"featured_media":293704,"comment_status":"","ping_status":"","sticky":false,"template":"","format":"standard","meta":{"footnotes":"","_share_on_mastodon":"0"},"categories":[10],"tags":[113,112,23,36],"class_list":["post-293703","post","type-post","status-publish","format-standard","has-post-thumbnail","category-divertissement","tag-divertissement","tag-entertainment","tag-suisse","tag-ticker"],"share_on_mastodon":{"url":"https:\/\/pubeurope.com\/@ch_fr\/117221630360521434","error":""},"_links":{"self":[{"href":"https:\/\/www.europesays.com\/ch-fr\/wp-json\/wp\/v2\/posts\/293703","targetHints":{"allow":["GET"]}}],"collection":[{"href":"https:\/\/www.europesays.com\/ch-fr\/wp-json\/wp\/v2\/posts"}],"about":[{"href":"https:\/\/www.europesays.com\/ch-fr\/wp-json\/wp\/v2\/types\/post"}],"author":[{"embeddable":true,"href":"https:\/\/www.europesays.com\/ch-fr\/wp-json\/wp\/v2\/users\/2"}],"replies":[{"embeddable":true,"href":"https:\/\/www.europesays.com\/ch-fr\/wp-json\/wp\/v2\/comments?post=293703"}],"version-history":[{"count":0,"href":"https:\/\/www.europesays.com\/ch-fr\/wp-json\/wp\/v2\/posts\/293703\/revisions"}],"wp:featuredmedia":[{"embeddable":true,"href":"https:\/\/www.europesays.com\/ch-fr\/wp-json\/wp\/v2\/media\/293704"}],"wp:attachment":[{"href":"https:\/\/www.europesays.com\/ch-fr\/wp-json\/wp\/v2\/media?parent=293703"}],"wp:term":[{"taxonomy":"category","embeddable":true,"href":"https:\/\/www.europesays.com\/ch-fr\/wp-json\/wp\/v2\/categories?post=293703"},{"taxonomy":"post_tag","embeddable":true,"href":"https:\/\/www.europesays.com\/ch-fr\/wp-json\/wp\/v2\/tags?post=293703"}],"curies":[{"name":"wp","href":"https:\/\/api.w.org\/{rel}","templated":true}]}}