{"id":293711,"date":"2026-09-06T02:18:23","date_gmt":"2026-09-06T02:18:23","guid":{"rendered":"https:\/\/www.europesays.com\/ch-fr\/293711\/"},"modified":"2026-09-06T02:18:23","modified_gmt":"2026-09-06T02:18:23","slug":"ultime-hommage-les-ongles-a-la-dolly-parton-cartonnent-sur-les-reseaux","status":"publish","type":"post","link":"https:\/\/www.europesays.com\/ch-fr\/293711\/","title":{"rendered":"Ultime hommage : les ongles \u00e0 la Dolly Parton cartonnent sur les r\u00e9seaux"},"content":{"rendered":"<p>Pour Dolly Parton, les ongles audacieux \u00e9taient bien plus qu\u2019un simple accessoire de mode, ils constituaient un v\u00e9ritable moyen d\u2019expression cr\u00e9ative.<\/p>\n<p><a href=\"https:\/\/www.vanityfair.fr\/article\/dolly-parton-est-morte\" rel=\"nofollow noopener\" target=\"_blank\">La l\u00e9gende de la musique country, aujourd\u2019hui disparue<\/a>, attribuait \u00e0 ses longs ongles en acrylique le m\u00e9rite d\u2019avoir inspir\u00e9 sa chanson \u00e0 succ\u00e8s \u00ab 9 to 5 \u00bb, qu\u2019elle a \u00e9crite sur le tournage de la com\u00e9die du m\u00eame nom (Comment se d\u00e9barrasser de son patron en VF), sortie en 1980 et qui traitait du monde du travail. Lors d\u2019une <a data-offer-url=\"https:\/\/www.kcra.com\/article\/dolly-parton-plays-her-nails-kcra-interview-archives\/73523707\" class=\"external-link\" data-event-click=\"{&quot;element&quot;:&quot;ExternalLink&quot;,&quot;outgoingURL&quot;:&quot;https:\/\/www.kcra.com\/article\/dolly-parton-plays-her-nails-kcra-interview-archives\/73523707&quot;}\" href=\"https:\/\/www.kcra.com\/article\/dolly-parton-plays-her-nails-kcra-interview-archives\/73523707\" rel=\"nofollow noopener\" target=\"_blank\">interview accord\u00e9e en 1981 \u00e0 la cha\u00eene locale de Sacramento KCRA 3<\/a>, elle avait r\u00e9v\u00e9l\u00e9 qu\u2019elle utilisait ses ongles pour \u00ab trouver le rythme \u00bb avant d\u2019en faire la d\u00e9monstration devant le public. \u00ab Mesdames et messieurs, vous d\u00e9couvrez en ce moment m\u00eame le tout dernier instrument \u00e0 la mode \u00bb, avait-elle plaisant\u00e9 avant d\u2019ajouter : \u00ab C\u2019est gr\u00e2ce \u00e0 ces ongles que je suis devenue c\u00e9l\u00e8bre. \u00bb<\/p>\n<p>Des ann\u00e9es plus tard, elle <a href=\"https:\/\/www.glamour.com\/about\/jimmy-fallon\" target=\"_blank\" rel=\"nofollow noopener\">avait confi\u00e9 \u00e0 Jimmy Fallon<\/a> que ses ongles \u00ab [lui] faisaient penser au bruit d\u2019une machine \u00e0 \u00e9crire \u00bb, ce qui rendait ce choix d\u2019autant plus judicieux. \u00ab Je n\u2019avais jamais entendu personne jouer avec ses ongles, a-t-elle d\u00e9clar\u00e9 lors de son passage dans The Tonight Show. Je l\u2019ai jou\u00e9 sur le disque lui-m\u00eame, et il est \u00e9crit \u201cNails by Dolly\u201d sur l\u2019album. \u00bb<\/p>\n<p>\u00ab Nails by Dolly \u00bb pourrait bien \u00eatre la collaboration avec une marque de manucure de nos r\u00eaves, mais nul besoin de conna\u00eetre la nuance exacte de son vernis \u00e0 ongles rouge pr\u00e9f\u00e9r\u00e9 pour rendre hommage \u00e0 la musicienne et philanthrope disparue, en cette p\u00e9riode de deuil collectif qui perdure. Partout sur <a data-offer-url=\"https:\/\/www.tiktok.com\/t\/ZP8crumjU\/\" class=\"external-link\" data-event-click=\"{&quot;element&quot;:&quot;ExternalLink&quot;,&quot;outgoingURL&quot;:&quot;https:\/\/www.tiktok.com\/t\/ZP8crumjU\/&quot;}\" href=\"https:\/\/www.tiktok.com\/t\/ZP8crumjU\/\" rel=\"nofollow noopener\" target=\"_blank\">les r\u00e9seaux sociaux<\/a>, les fans arborent des manucures audacieuses pour rendre hommage \u00e0 cette ic\u00f4ne, d\u00e9c\u00e9d\u00e9e d\u2019un cancer \u00e0 l\u2019\u00e2ge de 80 ans fin ao\u00fbt.<\/p>\n<p>\u00ab Dolly adorait ses ongles longs et carr\u00e9s, qui \u00e9taient sa marque de fabrique, et ils refl\u00e9taient toujours sa personnalit\u00e9 enjou\u00e9e, extravagante et p\u00e9tillante, explique <a data-offer-url=\"https:\/\/www.instagram.com\/p\/CZZ1xQvpZ9j\" class=\"external-link\" data-event-click=\"{&quot;element&quot;:&quot;ExternalLink&quot;,&quot;outgoingURL&quot;:&quot;https:\/\/www.instagram.com\/p\/CZZ1xQvpZ9j&quot;}\" href=\"https:\/\/www.instagram.com\/p\/CZZ1xQvpZ9j\" rel=\"nofollow noopener\" target=\"_blank\">Loi Lien<\/a>, manucure des stars. Elle avait un faible pour les rouges, les roses et la french manucure classique, mais elle aimait aussi tout ce qui apportait une touche de glamour suppl\u00e9mentaire. \u00bb<\/p>\n<p><img decoding=\"async\" alt=\"Image may contain Body Part Finger Hand Person and Nail\" loading=\"lazy\" class=\"ResponsiveImageContainer-dkeESL cQPiWi responsive-image__image\"   src=\"https:\/\/www.europesays.com\/ch-fr\/wp-content\/uploads\/2026\/09\/1439349606.jpeg\"\/><\/p>\n<p>Les ongles de Dolly Parton lors de la 37e c\u00e9r\u00e9monie annuelle d\u2019intronisation au Rock &amp; Roll Hall of Fame, le 5 novembre 2022<\/p>\n<p>Kevin Mazur\/Getty Images<\/p>\n<p>Bien s\u00fbr, Parton n\u2019aurait jamais renonc\u00e9 aux strass et aux paillettes. \u00ab Des paillettes roses et rouges r\u00e9fl\u00e9chissantes lui iraient \u00e0 merveille, tout comme un \u201ccat-eye\u201d rouge en relief, poursuit Lien. Je l\u2019imagine aussi adorer un m\u00e9lange de rose et de rouge : audacieux, f\u00e9minin et tr\u00e8s Dolly. \u00bb<\/p>\n<p><script async src=\"\/\/www.instagram.com\/embed.js\"><\/script><script async src=\"\/\/www.tiktok.com\/embed.js\"><\/script><\/p>\n","protected":false},"excerpt":{"rendered":"Pour Dolly Parton, les ongles audacieux \u00e9taient bien plus qu\u2019un simple accessoire de mode, ils constituaient un v\u00e9ritable&hellip;\n","protected":false},"author":2,"featured_media":293712,"comment_status":"","ping_status":"","sticky":false,"template":"","format":"standard","meta":{"footnotes":"","_share_on_mastodon":"0"},"categories":[10],"tags":[113,112,8456,23],"class_list":["post-293711","post","type-post","status-publish","format-standard","has-post-thumbnail","category-divertissement","tag-divertissement","tag-entertainment","tag-maquillage","tag-suisse"],"share_on_mastodon":{"url":"https:\/\/pubeurope.com\/@ch_fr\/117221701286107195","error":""},"_links":{"self":[{"href":"https:\/\/www.europesays.com\/ch-fr\/wp-json\/wp\/v2\/posts\/293711","targetHints":{"allow":["GET"]}}],"collection":[{"href":"https:\/\/www.europesays.com\/ch-fr\/wp-json\/wp\/v2\/posts"}],"about":[{"href":"https:\/\/www.europesays.com\/ch-fr\/wp-json\/wp\/v2\/types\/post"}],"author":[{"embeddable":true,"href":"https:\/\/www.europesays.com\/ch-fr\/wp-json\/wp\/v2\/users\/2"}],"replies":[{"embeddable":true,"href":"https:\/\/www.europesays.com\/ch-fr\/wp-json\/wp\/v2\/comments?post=293711"}],"version-history":[{"count":0,"href":"https:\/\/www.europesays.com\/ch-fr\/wp-json\/wp\/v2\/posts\/293711\/revisions"}],"wp:featuredmedia":[{"embeddable":true,"href":"https:\/\/www.europesays.com\/ch-fr\/wp-json\/wp\/v2\/media\/293712"}],"wp:attachment":[{"href":"https:\/\/www.europesays.com\/ch-fr\/wp-json\/wp\/v2\/media?parent=293711"}],"wp:term":[{"taxonomy":"category","embeddable":true,"href":"https:\/\/www.europesays.com\/ch-fr\/wp-json\/wp\/v2\/categories?post=293711"},{"taxonomy":"post_tag","embeddable":true,"href":"https:\/\/www.europesays.com\/ch-fr\/wp-json\/wp\/v2\/tags?post=293711"}],"curies":[{"name":"wp","href":"https:\/\/api.w.org\/{rel}","templated":true}]}}