{"id":293715,"date":"2026-09-06T02:20:47","date_gmt":"2026-09-06T02:20:47","guid":{"rendered":"https:\/\/www.europesays.com\/ch-fr\/293715\/"},"modified":"2026-09-06T02:20:47","modified_gmt":"2026-09-06T02:20:47","slug":"italie-kevin-mbabu-rebondit-en-serie-b","status":"publish","type":"post","link":"https:\/\/www.europesays.com\/ch-fr\/293715\/","title":{"rendered":"Italie: Kevin Mbabu rebondit en Serie B"},"content":{"rendered":"<p class=\"wysiwyg-h2\">International suisse \u00e0 25 reprises, Kevin Mbabu va d\u00e9couvir la Serie B. Le d\u00e9fenseur genevois de 31 ans a sign\u00e9 lundi un contrat sur deux ans, soit jusqu&rsquo;en juin 2028, \u00e0 la Sampdoria de G\u00eanes.<\/p>\n<p>En fin de contrat avec les Danois de Midtjylland, avec qui il a notamment remport\u00e9 la Coupe du Danemark la saison derni\u00e8re, l&rsquo;ex-junior du Servette FC rejoint une formation qui a termin\u00e9 au 13e rang (sur 20) de 2e division italienne. La Sampdoria \u00e9volue en Serie B depuis 2023. La derni\u00e8re apparition de Mbabu en \u00e9quipe nationale remonte \u00e0 novembre 2024, o\u00f9 il \u00e9tait entr\u00e9 en jeu lors d&rsquo;une rencontre de Ligue des Nations face \u00e0 la Serbie.<\/p>\n<p> \/ATS<\/p>\n","protected":false},"excerpt":{"rendered":"International suisse \u00e0 25 reprises, Kevin Mbabu va d\u00e9couvir la Serie B. Le d\u00e9fenseur genevois de 31 ans&hellip;\n","protected":false},"author":2,"featured_media":293716,"comment_status":"","ping_status":"","sticky":false,"template":"","format":"standard","meta":{"footnotes":"","_share_on_mastodon":"0"},"categories":[8],"tags":[121,124,128,119,122,123,118,136,132,131,133,130,135,120,126,117,125,114,115,116,75,23,129,127,134],"class_list":["post-293715","post","type-post","status-publish","format-standard","has-post-thumbnail","category-sports","tag-ajoie","tag-animation","tag-bienne","tag-delemont","tag-franches-montagnes","tag-frequence","tag-jura","tag-jura-bernois","tag-la-chaux-de-fonds","tag-moutier","tag-neuchatel","tag-neuveville","tag-payerne","tag-porrentruy","tag-publicite","tag-radio","tag-redaction","tag-rfj","tag-rjb","tag-rtn","tag-sports","tag-suisse","tag-tavannes","tag-vallon-de-st-imier","tag-yverdon"],"share_on_mastodon":{"url":"https:\/\/pubeurope.com\/@ch_fr\/117221712622477308","error":""},"_links":{"self":[{"href":"https:\/\/www.europesays.com\/ch-fr\/wp-json\/wp\/v2\/posts\/293715","targetHints":{"allow":["GET"]}}],"collection":[{"href":"https:\/\/www.europesays.com\/ch-fr\/wp-json\/wp\/v2\/posts"}],"about":[{"href":"https:\/\/www.europesays.com\/ch-fr\/wp-json\/wp\/v2\/types\/post"}],"author":[{"embeddable":true,"href":"https:\/\/www.europesays.com\/ch-fr\/wp-json\/wp\/v2\/users\/2"}],"replies":[{"embeddable":true,"href":"https:\/\/www.europesays.com\/ch-fr\/wp-json\/wp\/v2\/comments?post=293715"}],"version-history":[{"count":0,"href":"https:\/\/www.europesays.com\/ch-fr\/wp-json\/wp\/v2\/posts\/293715\/revisions"}],"wp:featuredmedia":[{"embeddable":true,"href":"https:\/\/www.europesays.com\/ch-fr\/wp-json\/wp\/v2\/media\/293716"}],"wp:attachment":[{"href":"https:\/\/www.europesays.com\/ch-fr\/wp-json\/wp\/v2\/media?parent=293715"}],"wp:term":[{"taxonomy":"category","embeddable":true,"href":"https:\/\/www.europesays.com\/ch-fr\/wp-json\/wp\/v2\/categories?post=293715"},{"taxonomy":"post_tag","embeddable":true,"href":"https:\/\/www.europesays.com\/ch-fr\/wp-json\/wp\/v2\/tags?post=293715"}],"curies":[{"name":"wp","href":"https:\/\/api.w.org\/{rel}","templated":true}]}}