{"id":293727,"date":"2026-09-06T02:43:09","date_gmt":"2026-09-06T02:43:09","guid":{"rendered":"https:\/\/www.europesays.com\/ch-fr\/293727\/"},"modified":"2026-09-06T02:43:09","modified_gmt":"2026-09-06T02:43:09","slug":"une-opportunite-a-saisir-pour-russell-et-hamilton-au-gp-ditalie","status":"publish","type":"post","link":"https:\/\/www.europesays.com\/ch-fr\/293727\/","title":{"rendered":"Une opportunit\u00e9 \u00e0 saisir pour Russell et Hamilton au GP d&rsquo;Italie"},"content":{"rendered":"<p class=\"wysiwyg-h2\">George Russell et Lewis Hamilton peuvent se rapprocher du leader Kimi Antonelli lors du Grand Prix d&rsquo;Italie de Formule 1, dimanche \u00e0 Monza (15h00). Le Fran\u00e7ais Pierre Gasly partira en pole position.<\/p>\n<p>C&rsquo;est d\u00e9j\u00e0 sur le mythique trac\u00e9 italien que Gasly (Alpine), qui habite \u00e0 Milan, \u00e0 seulement quelques minutes de l\u00e0, avait d\u00e9croch\u00e9 son unique victoire en Formule 1 en 2020. Apr\u00e8s avoir cr\u00e9\u00e9 la surprise lors des qualifications, il s&rsquo;\u00e9lancera devant Russell (P2, Mercedes) et Oscar Piastri (P3, McLaren), alors que les Ferrari de Charles Leclerc (P4) et Hamilton (P5) seront juste derri\u00e8re.<\/p>\n<p>Antonelli (Mercedes), grand favori pour d\u00e9crocher une premi\u00e8re couronne mondiale \u00e0 seulement 20 ans, va recevoir une p\u00e9nalit\u00e9 de 10 places sur la grille de d\u00e9part pour un changement de moteur. L&rsquo;Italien, qui s&rsquo;\u00e9lancera au 17e rang apr\u00e8s avoir sign\u00e9 le 7e temps des qualifications, aura bien du mal \u00e0 terminer sur le podium.<\/p>\n<p>Antonelli pourrait donc perdre de pr\u00e9cieux points dans la course au titre ce dimanche, lui qui compte actuellement 59 longueurs d&rsquo;avance sur Russell et Hamilton.<\/p>\n<p> \/ATS<\/p>\n","protected":false},"excerpt":{"rendered":"George Russell et Lewis Hamilton peuvent se rapprocher du leader Kimi Antonelli lors du Grand Prix d&rsquo;Italie de&hellip;\n","protected":false},"author":2,"featured_media":293728,"comment_status":"","ping_status":"","sticky":false,"template":"","format":"standard","meta":{"footnotes":"","_share_on_mastodon":"0"},"categories":[4],"tags":[22,121,124,128,119,122,123,118,136,132,131,133,130,21,135,120,126,117,125,114,115,116,23,129,127,134],"class_list":["post-293727","post","type-post","status-publish","format-standard","has-post-thumbnail","category-actualites","tag-actualites","tag-ajoie","tag-animation","tag-bienne","tag-delemont","tag-franches-montagnes","tag-frequence","tag-jura","tag-jura-bernois","tag-la-chaux-de-fonds","tag-moutier","tag-neuchatel","tag-neuveville","tag-news","tag-payerne","tag-porrentruy","tag-publicite","tag-radio","tag-redaction","tag-rfj","tag-rjb","tag-rtn","tag-suisse","tag-tavannes","tag-vallon-de-st-imier","tag-yverdon"],"share_on_mastodon":{"url":"https:\/\/pubeurope.com\/@ch_fr\/117221798824468386","error":""},"_links":{"self":[{"href":"https:\/\/www.europesays.com\/ch-fr\/wp-json\/wp\/v2\/posts\/293727","targetHints":{"allow":["GET"]}}],"collection":[{"href":"https:\/\/www.europesays.com\/ch-fr\/wp-json\/wp\/v2\/posts"}],"about":[{"href":"https:\/\/www.europesays.com\/ch-fr\/wp-json\/wp\/v2\/types\/post"}],"author":[{"embeddable":true,"href":"https:\/\/www.europesays.com\/ch-fr\/wp-json\/wp\/v2\/users\/2"}],"replies":[{"embeddable":true,"href":"https:\/\/www.europesays.com\/ch-fr\/wp-json\/wp\/v2\/comments?post=293727"}],"version-history":[{"count":0,"href":"https:\/\/www.europesays.com\/ch-fr\/wp-json\/wp\/v2\/posts\/293727\/revisions"}],"wp:featuredmedia":[{"embeddable":true,"href":"https:\/\/www.europesays.com\/ch-fr\/wp-json\/wp\/v2\/media\/293728"}],"wp:attachment":[{"href":"https:\/\/www.europesays.com\/ch-fr\/wp-json\/wp\/v2\/media?parent=293727"}],"wp:term":[{"taxonomy":"category","embeddable":true,"href":"https:\/\/www.europesays.com\/ch-fr\/wp-json\/wp\/v2\/categories?post=293727"},{"taxonomy":"post_tag","embeddable":true,"href":"https:\/\/www.europesays.com\/ch-fr\/wp-json\/wp\/v2\/tags?post=293727"}],"curies":[{"name":"wp","href":"https:\/\/api.w.org\/{rel}","templated":true}]}}