{"id":293743,"date":"2026-09-06T03:07:16","date_gmt":"2026-09-06T03:07:16","guid":{"rendered":"https:\/\/www.europesays.com\/ch-fr\/293743\/"},"modified":"2026-09-06T03:07:16","modified_gmt":"2026-09-06T03:07:16","slug":"benoit-gouin-parle-de-son-role-dans-le-film-la-place-et-de-la-fin-de-la-serie-indomptables","status":"publish","type":"post","link":"https:\/\/www.europesays.com\/ch-fr\/293743\/","title":{"rendered":"Benoit Gouin parle de son r\u00f4le dans le film \u00abLa place\u00bb et de la fin de la s\u00e9rie \u00abIndomptables\u00bb"},"content":{"rendered":"<p class=\"1_12_tx_courant\">Benoit Gouin accorde bien peu souvent des entrevues, m\u00eame qu\u2019il est plut\u00f4t pudique quand vient le temps de parler de lui. Mais il a jou\u00e9 le jeu pour le bien de la promotion du film La place de Louis Godbout, dans lequel il incarne l\u2019un de ses plus imposants r\u00f4les en carri\u00e8re. Entrevue avec le com\u00e9dien sur ce projet, son \u00e9t\u00e9, sa vie aupr\u00e8s de sa belle Maryse et la fin impromptue d\u2019Indomptables.<\/p>\n<p>  Benoit, que peut-on dire de ton personnage dans le film La place\u00a0?<\/p>\n<p class=\"1_12_tx_courant\">C\u2019est un homme tr\u00e8s ambigu. Qui est-il\u00a0? D\u2019o\u00f9 vient-il\u00a0? O\u00f9 va-t-il\u00a0? Je ne peux pas r\u00e9pondre \u00e0 ces questions sans br\u00fbler l\u2019intrigue autour du personnage. Cependant, je dirais que c\u2019est le r\u00f4le le plus ambigu que j\u2019ai eu \u00e0 jouer jusqu\u2019\u00e0 maintenant. C\u2019est un ange de la mort\u00a0: il repr\u00e9sente la fatalit\u00e9 et il est comme un glacier qui avance. Il est une m\u00e9taphore rappelant l\u2019importance de prendre sa place dans la vie. Et ce personnage va permettre au couple qu\u2019il croise, incarn\u00e9 par Christine Beaulieu et Maxim Gaudette, de se r\u00e9v\u00e9ler dans ses faiblesses et dans son destin. Ce n\u2019est pas facile de parler de ce film sans r\u00e9v\u00e9ler quoi que ce soit, mais je dirais que c\u2019est une fable. Ce long m\u00e9trage a quelque chose de fantastique\u00a0; tout n\u2019est pas r\u00e9aliste dans l\u2019histoire, qui porte sur la fatalit\u00e9. J\u2019adore ce film.<\/p>\n<p>                <a class=\"fancybox\" rel=\"group nofollow noopener\" href=\"https:\/\/m1.quebecormedia.com\/emp\/emp\/LA_PLACE_Still_BCalmeau_138fd87dc13-7e67-47a7-b6fb-f1ff1dc45ed6_ORIGINAL.jpg?impolicy=crop-resize&amp;x=0&amp;y=0&amp;w=6240&amp;h=4160&amp;width=1400\" target=\"_blank\"><\/p>\n<p>                  <img decoding=\"async\"  src=\"https:\/\/www.europesays.com\/ch-fr\/wp-content\/uploads\/2026\/09\/LA_PLACE_Still_BCalmeau_138fd87dc13-7e67-47a7-b6fb-f1ff1dc45ed6_ORIGINAL.jpg\" class=\"story-img\" alt=\"Il incarne un personnage complexe dans le film \u00ab La place \u00bb, \u00e0 l'affiche le 28 ao\u00fbt.\"\/><br \/>\n                <\/a><\/p>\n<p>                    Il incarne un personnage complexe dans le film \u00ab La place \u00bb, \u00e0 l&rsquo;affiche le 28 ao\u00fbt.<\/p>\n<p>                    Bertrand Calmeau \/ Funfilm<\/p>\n<p>  Quel souvenir gardes-tu de ce tournage\u00a0?<\/p>\n<p class=\"1_12_tx_courant\">Il a \u00e9t\u00e9 fort agr\u00e9able, et avec une toute petite \u00e9quipe. Je me souviens entre autres d\u2019un enjeu de barbe, parce que je jouais aussi dans D\u00e9rive en m\u00eame temps, et Patrick Sauv\u00e9, le r\u00e9alisateur de la s\u00e9rie, m\u2019a demand\u00e9 de garder ma barbe. Louis Godbout, le r\u00e9alisateur du film, ne voulait rien savoir, parce qu\u2019il disait que la mort n\u2019avait pas de barbe. Mon personnage repr\u00e9sente la faucheuse et je ne pouvais donc pas avoir l\u2019air d\u2019un p\u00e8re No\u00ebl. J\u2019ai ador\u00e9 incarner ce personnage qui devait rester neutre sur le plan des \u00e9motions. Aussi, ce qui est sp\u00e9cial avec Louis, c\u2019est que, comme il finance ses films, il n\u2019y a pas de stress sur ses plateaux. S\u2019il faut tourner une journ\u00e9e de plus, eh bien nous tournons une journ\u00e9e de plus. C\u2019est un beau luxe.<\/p>\n<p>  \u00c0 quoi ressemble ton \u00e9t\u00e9\u00a0?<\/p>\n<p class=\"1_12_tx_courant\">Disons que j\u2019ai eu deux bonnes ann\u00e9es avec deux films et trois s\u00e9ries, donc je me permets de respirer un peu cet \u00e9t\u00e9. Mais je dois avouer que je pensais que nous \u00e9tions partis pour un long bout avec la s\u00e9rie Indomptables. J\u2019ai \u00e9t\u00e9 vraiment d\u00e9\u00e7u quand la s\u00e9rie a \u00e9t\u00e9 annul\u00e9e. C\u2019est triste, car cette fin abrupte repr\u00e9sente une centaine de mises \u00e0 pied. Je trouve \u00e7a vraiment dommage, car c\u2019\u00e9tait une bonne fiction. Nous \u00e9tions une belle gang et nous \u00e9tions en proue dans cette nouvelle tendance country western. Donc ma blonde et moi avons un \u00e9t\u00e9 plut\u00f4t calme et nous nous d\u00e9posons au chalet.<\/p>\n<p>                <a class=\"fancybox\" rel=\"group nofollow noopener\" href=\"https:\/\/m1.quebecormedia.com\/emp\/emp\/2f3bce70-dac0-11f0-9b1f-5504697140b7_ORIGINAL.jpg?impolicy=crop-resize&amp;x=0&amp;y=0&amp;w=5100&amp;h=3824&amp;width=1400\" target=\"_blank\"><\/p>\n<p>                  <img decoding=\"async\"  src=\"https:\/\/www.europesays.com\/ch-fr\/wp-content\/uploads\/2026\/09\/2f3bce70-dac0-11f0-9b1f-5504697140b7_ORIGINAL.jpg\" class=\"story-img\" alt=\"Le clan Richer dans la s\u00e9rie \u00ab Indomptables \u00bb, qui revient le mercredi 9 septembre 2026, \u00e0 20 h, \u00e0 TVA.\"\/><br \/>\n                <\/a><\/p>\n<p>                    Le clan Richer dans la s\u00e9rie \u00ab Indomptables \u00bb, qui revient le mercredi 9 septembre 2026, \u00e0 20 h, \u00e0 TVA.<\/p>\n<p>                    Photo d&rsquo;Eric Myre fournie par TVA<\/p>\n<p>  Comment vis-tu les p\u00e9riodes o\u00f9 tu n\u2019as rien devant toi professionnellement\u00a0?<\/p>\n<p class=\"1_12_tx_courant\">\u00c7a fait 40 ans que je fais ce m\u00e9tier-l\u00e0. J\u2019ai eu de tr\u00e8s bonnes ann\u00e9es et je suis bien conscient que je suis rendu \u00e0 un \u00e2ge o\u00f9 les r\u00f4les ne pleuvent pas. Je suis loin de me plaindre, parce qu\u2019on m\u2019a propos\u00e9 ou offert de beaux r\u00f4les. Je ne m\u2019angoisse pas avec \u00e7a, m\u00eame que j\u2019adore \u00e7a ne rien avoir \u00e0 l\u2019horizon. J\u2019ai confiance. J\u2019en profite pour jouer dans mon bois, je me trouve de beaux projets et je passe du temps avec Maryse Warda, la femme de ma vie. On est bien ensemble, \u00e0 prendre le temps.<\/p>\n<p>                <a class=\"fancybox\" rel=\"group nofollow noopener\" href=\"https:\/\/m1.quebecormedia.com\/emp\/emp\/PH01_2024_000470_00033_DGaaa1b955-6d37-4cf5-9931-c3fb2da62c31_ORIGINAL.jpg?impolicy=crop-resize&amp;x=0&amp;y=0&amp;w=6240&amp;h=4160&amp;width=1400\" target=\"_blank\"><\/p>\n<p>                  <img decoding=\"async\"  src=\"https:\/\/www.europesays.com\/ch-fr\/wp-content\/uploads\/2026\/09\/PH01_2024_000470_00033_DGaaa1b955-6d37-4cf5-9931-c3fb2da62c31_ORIGINAL.jpg\" class=\"story-img\" alt=\"Benoit Gouin et sa conjointe, Maryse Warda, traductrice de pi\u00e8ces de th\u00e9\u00e2tre, en 2024.\"\/><br \/>\n                <\/a><\/p>\n<p>                    Benoit Gouin et sa conjointe, Maryse Warda, traductrice de pi\u00e8ces de th\u00e9\u00e2tre, en 2024.<\/p>\n<p>                    Dominic Gouin \/ TVA Publications<\/p>\n<p>  Benoit, ta carri\u00e8re se d\u00e9roule-t-elle comme tu l\u2019envisageais\u00a0?<\/p>\n<p class=\"1_12_tx_courant\">C\u2019est dr\u00f4le, parce que quand j\u2019\u00e9tudiais au Conservatoire de th\u00e9\u00e2tre \u00e0 Qu\u00e9bec, je me voyais surtout faire du th\u00e9\u00e2tre \u00e0 Qu\u00e9bec et cr\u00e9er ma propre compagnie. Je ne pensais m\u00eame pas m\u2019installer \u00e0 Montr\u00e9al. Puis l\u2019av\u00e8nement des grandes s\u00e9ries t\u00e9l\u00e9vis\u00e9es est arriv\u00e9 avec Lance et compte, Les filles de Caleb et les autres, et peu \u00e0 peu j\u2019ai eu envie de jouer devant les cam\u00e9ras. C\u2019est arriv\u00e9 sur le tard pour moi, et c\u2019est bien correct, parce que je ne pense pas que j\u2019avais ce qu\u2019il faut plus jeune pour g\u00e9rer la vie publique. Je me serais peut-\u00eatre enfl\u00e9 un peu la t\u00eate avec \u00e7a. C\u2019est arriv\u00e9 au bon moment dans ma vie.<\/p>\n<p>  Tu ne joues pas la carte du star-syst\u00e8me. Tu accordes peu d\u2019entrevues et on sait bien peu de choses sur toi. Pourquoi\u00a0?<\/p>\n<p class=\"1_12_tx_courant\">Je n\u2019aime pas tant parler de moi et je suis m\u00eame un peu pudique. Je vais me pr\u00eater au jeu de l\u2019entrevue quand il faut le faire pour la promotion d\u2019un projet, mais je ne suis pas celui qui va se livrer corps et \u00e2me sur sa vie personnelle. Aussi, aujourd\u2019hui, tu dis quelque chose et \u00e7a se retrouve partout sur les r\u00e9seaux sociaux en \u00e9tant souvent sorti du contexte. Je ne suis pas tant \u00e0 l\u2019aise avec \u00e7a.<\/p>\n<p>  Tu as 65 ans. Quel est ton rapport \u00e0 ton \u00e2ge\u00a0?<\/p>\n<p class=\"1_12_tx_courant\">Je n\u2019ai aucun probl\u00e8me avec \u00e7a et je ne sens pas tant le poids des ann\u00e9es sur moi. M\u00eame que je me trouve chanceux et choy\u00e9 de pouvoir vieillir. Quand je regarde des com\u00e9diens qui ont 10 ou 15 ans de plus que moi et qui font encore le m\u00e9tier, je trouve \u00e7a encourageant. Ce sont de beaux mod\u00e8les pour moi. Mais sinon, je n\u2019ai pas l\u2019impression d\u2019avoir l\u2019\u00e2ge que j\u2019ai.<\/p>\n<p>  Tu t\u2019enlignais vers une carri\u00e8re en m\u00e9decine. Qu\u2019est-ce qui t\u2019a fait changer de cap\u00a0?<\/p>\n<p class=\"1_12_tx_courant\">J\u2019ai \u00e9tudi\u00e9 trois ans en m\u00e9decine et j\u2019aimais \u00e7a, mais voil\u00e0 que j\u2019ai eu la mauvaise id\u00e9e de go\u00fbter \u00e0 la sc\u00e8ne, au th\u00e9\u00e2tre, et c\u2019est venu tout remettre en question et chavirer mes plans. J\u2019ai r\u00e9alis\u00e9 que j\u2019avais envie de devenir com\u00e9dien et que c\u2019est ce que je voulais faire de ma vie. Je n\u2019ai jamais regrett\u00e9 mon choix.<\/p>\n<p>  Benoit, tu n\u2019as pas eu d\u2019enfants. Le regrettes-tu\u00a0?<\/p>\n<p class=\"1_12_tx_courant\">Dans mon parcours de vie, c\u2019est s\u00fbr que j\u2019ai souhait\u00e9 \u00e0 un certain moment avoir au moins un enfant. Mais je n\u2019ai finalement pas emprunt\u00e9 cette voie. Cela dit, j\u2019aurais bien voulu, car je viens d\u2019une famille nombreuse et je suis un gars de famille. Mais la vie en a voulu autrement, et c\u2019est bien correct. Quand j\u2019ai rencontr\u00e9 ma belle Maryse, elle \u00e9tait dans la quarantaine et elle ne souhaitait pas avoir d\u2019enfant. Ce fut un petit deuil pour moi, mais je ne suis pas malheureux pour autant. J\u2019ai vite pass\u00e9 \u00e0 autre chose, car j\u2019ai plusieurs neveux et ni\u00e8ces, et la transmission se fait de cette fa\u00e7on pour moi.<\/p>\n<p class=\"1_12_tx_courant\">Le film La place est sorti en salle le 28 ao\u00fbt. Indomptables reprend le 9 septembre sur TVA et TVA+.<\/p>\n","protected":false},"excerpt":{"rendered":"Benoit Gouin accorde bien peu souvent des entrevues, m\u00eame qu\u2019il est plut\u00f4t pudique quand vient le temps de&hellip;\n","protected":false},"author":2,"featured_media":293744,"comment_status":"","ping_status":"","sticky":false,"template":"","format":"standard","meta":{"footnotes":"","_share_on_mastodon":"0"},"categories":[15],"tags":[158,157,113,112,159,23],"class_list":["post-293743","post","type-post","status-publish","format-standard","has-post-thumbnail","category-people","tag-celebrities","tag-celebrity","tag-divertissement","tag-entertainment","tag-people","tag-suisse"],"share_on_mastodon":{"url":"https:\/\/pubeurope.com\/@ch_fr\/117221893910259948","error":""},"_links":{"self":[{"href":"https:\/\/www.europesays.com\/ch-fr\/wp-json\/wp\/v2\/posts\/293743","targetHints":{"allow":["GET"]}}],"collection":[{"href":"https:\/\/www.europesays.com\/ch-fr\/wp-json\/wp\/v2\/posts"}],"about":[{"href":"https:\/\/www.europesays.com\/ch-fr\/wp-json\/wp\/v2\/types\/post"}],"author":[{"embeddable":true,"href":"https:\/\/www.europesays.com\/ch-fr\/wp-json\/wp\/v2\/users\/2"}],"replies":[{"embeddable":true,"href":"https:\/\/www.europesays.com\/ch-fr\/wp-json\/wp\/v2\/comments?post=293743"}],"version-history":[{"count":0,"href":"https:\/\/www.europesays.com\/ch-fr\/wp-json\/wp\/v2\/posts\/293743\/revisions"}],"wp:featuredmedia":[{"embeddable":true,"href":"https:\/\/www.europesays.com\/ch-fr\/wp-json\/wp\/v2\/media\/293744"}],"wp:attachment":[{"href":"https:\/\/www.europesays.com\/ch-fr\/wp-json\/wp\/v2\/media?parent=293743"}],"wp:term":[{"taxonomy":"category","embeddable":true,"href":"https:\/\/www.europesays.com\/ch-fr\/wp-json\/wp\/v2\/categories?post=293743"},{"taxonomy":"post_tag","embeddable":true,"href":"https:\/\/www.europesays.com\/ch-fr\/wp-json\/wp\/v2\/tags?post=293743"}],"curies":[{"name":"wp","href":"https:\/\/api.w.org\/{rel}","templated":true}]}}