{"id":293749,"date":"2026-09-06T03:25:13","date_gmt":"2026-09-06T03:25:13","guid":{"rendered":"https:\/\/www.europesays.com\/ch-fr\/293749\/"},"modified":"2026-09-06T03:25:13","modified_gmt":"2026-09-06T03:25:13","slug":"qui-est-joheirry-mola-dominguez-miss-republique-dominicaine-gagnante-du-concours-miss-monde-2026","status":"publish","type":"post","link":"https:\/\/www.europesays.com\/ch-fr\/293749\/","title":{"rendered":"Qui est Joheirry Mola Dominguez, Miss R\u00e9publique dominicaine, gagnante du concours Miss Monde 2026 ?"},"content":{"rendered":"<p>    Joheirry Mola Dominguez<br \/>\n                Capture d&rsquo;\u00e9cran Paris Premi\u00e8re<\/p>\n<p>\n    PORTRAIT &#8211; La Fran\u00e7aise Indira Ampiot a \u00e9t\u00e9 \u00e9limin\u00e9e aux portes du Top 6 de l\u2019\u00e9lection internationale qui se d\u00e9roulait, pour la premi\u00e8re fois, au Vietnam. La laur\u00e9ate est une professeure originaire de Saint-Domingue.<\/p>\n<p class=\"fig-paragraph\">C\u2019est face \u00e0 110 autres candidates que Joheirry Mola Dominguez, Miss R\u00e9publique dominicaine, a remport\u00e9 le titre de\u00a0<a href=\"https:\/\/www.lefigaro.fr\/tag\/miss-monde\" target=\"_blank\" data-fig-type=\"Keyword\" rel=\"noopener nofollow\" data-gtm-custom-categorie=\"navigation\" data-gtm-custom-action=\"crossclick\" data-gtm-custom-label=\"Contextuel\" data-gtm-event=\"customEventSPE\" data-fig-domain=\"LEFIGARO\">Miss Monde<\/a> \u00a02026 ce samedi 5 septembre au Vietnam. Elle succ\u00e8de \u00e0 Suchata Chuangsri, Miss Tha\u00eflande. Elle a devanc\u00e9 Miss Malaisie (deuxi\u00e8me dauphine) et Miss Espagne (premi\u00e8re dauphine).<\/p>\n<p class=\"fig-paragraph\">La Fran\u00e7aise\u00a0<a href=\"https:\/\/www.lefigaro.fr\/tag\/indira-ampiot-personne\" target=\"_blank\" data-fig-type=\"Keyword\" rel=\"noopener nofollow\" data-gtm-custom-categorie=\"navigation\" data-gtm-custom-action=\"crossclick\" data-gtm-custom-label=\"Contextuel\" data-gtm-event=\"customEventSPE\" data-fig-domain=\"LEFIGARO\">Indira Ampiot<\/a> \u00a0a, pour sa part, \u00e9t\u00e9 malheureusement \u00e9limin\u00e9e aux portes du Top 6. C\u2019est le difficile exercice de la prise de parole qui lui a co\u00fbt\u00e9 la victoire durant la derni\u00e8re ligne droite du concours. Mal \u00e0 l\u2019aise avec la langue de Shakespeare, Miss France 2023 termine donc dans le Top 12 de l\u2019\u00e9lection. \u00ab D\u00e9sol\u00e9e pour mon anglais\u00a0\u00bb, s\u2019est-elle excus\u00e9e \u00e0 plusieurs reprises.<\/p>\n<p>                                                <a class=\"fig-a11y-skip\" href=\"#fig-a11y-skip-main-inarticle\" is=\"fig-a11y-skip\" data-trigger-mode=\"visible-once\"><br \/>\n    Passer la publicit\u00e9<br \/>\n<\/a>            <\/p>\n<p class=\"fig-paragraph\">Trois autres fran\u00e7aises \u00e9taient engag\u00e9es dans le concours\u00a0: Miss Guadeloupe, Miss Martinique et Miss Guyane, le concours reconnaissant la situation g\u00e9ographique d\u2019une r\u00e9gion et non son statut administratif. Si les deux premi\u00e8res n\u2019ont pas \u00e9t\u00e9 s\u00e9lectionn\u00e9es dans le Top 40, la troisi\u00e8me, Audrey Ho-Wen-Tsa\u00ef, premi\u00e8re dauphine d\u2019\u00c8ve Gilles (Miss France 2024), a, en revanche, r\u00e9ussi \u00e0 atteindre le Top 40.<\/p>\n<p class=\"fig-body-link\">\n            \u00c0 lire aussi<br \/>\n        <a class=\"fig-body-link__link\" href=\"http:\/\/tvmag.lefigaro.fr\/programme-tv\/miss-france\/miss-monde-2026-pourquoi-la-francaise-indira-ampiot-a-echoue-aux-portes-du-top-6-20260905\" target=\"_blank\" data-fig-type=\"Article\" rel=\"noopener nofollow\" data-gtm-custom-categorie=\"navigation\" data-gtm-custom-action=\"crossclick\" data-gtm-custom-label=\"Contextuel\" data-gtm-event=\"customEventSPE\" data-fig-domain=\"TVMAG\"><br \/>\n                Discours rat\u00e9, bafouillages, excuses&#8230; Pourquoi la Fran\u00e7aise Indira Ampiot a \u00e9chou\u00e9 \u00e0 Miss Monde 2026<br \/>\n    <\/a>\n<\/p>\n<p class=\"fig-paragraph\">Joheirry Mola Dominguez, 24 ans, a un dipl\u00f4me en administration des affaires avec une sp\u00e9cialisation en gestion strat\u00e9gique et leadership. Elle est aussi correspondante culturelle pour l\u2019\u00e9mission t\u00e9l\u00e9vis\u00e9e Ventana a Quisqueya diffus\u00e9e sur la cha\u00eene am\u00e9ricaine Univision New York dans laquelle elle met en valeur la culture de son pays.<\/p>\n<p class=\"fig-paragraph\">La jeune femme, originaire de Saint-Domingue, d\u00e9fend la cause de l\u2019\u00e9ducation en mettant en lumi\u00e8re l\u2019association qu\u2019elle a cr\u00e9\u00e9e, baptis\u00e9e \u00abVoices for tomorrow\u00bb, gr\u00e2ce \u00e0 laquelle elle permet aux enfants issus de milieux d\u00e9favoris\u00e9s d\u2019avoir acc\u00e8s \u00e0 l\u2019apprentissage de la litt\u00e9rature en anglais. Elle a d\u2019ailleurs mis en avant cette id\u00e9e lorsqu\u2019elle \u00e9tait sur sc\u00e8ne en expliquant qu\u2019elle consid\u00e9rait qu\u2019il \u00e9tait tr\u00e8s important que les enfants de son pays apprennent l\u2019anglais pour que \u00ab les portes s\u2019ouvrent en grand\u00a0\u00bb.<\/p>\n<p class=\"fig-body-link\">\n            \u00c0 lire aussi<br \/>\n        <a class=\"fig-body-link__link\" href=\"http:\/\/tvmag.lefigaro.fr\/programme-tv\/miss-france\/miss-monde-2026-miss-republique-dominicaine-sacree-la-francaise-indira-ampiot-dans-le-top-12-20260905\" target=\"_blank\" data-fig-type=\"NewsFlash\" rel=\"noopener nofollow\" data-gtm-custom-categorie=\"navigation\" data-gtm-custom-action=\"crossclick\" data-gtm-custom-label=\"Contextuel\" data-gtm-event=\"customEventSPE\" data-fig-domain=\"TVMAG\"><br \/>\n                Miss Monde 2026\u00a0: Miss R\u00e9publique dominicaine sacr\u00e9e, la Fran\u00e7aise Indira Ampiot dans le Top 12<br \/>\n    <\/a>\n<\/p>\n<p class=\"fig-paragraph\">Joheirry Mola Dominguez, qui a la double nationalit\u00e9 dominicaine et am\u00e9ricaine, a brill\u00e9 tout au long de la comp\u00e9tition. Lors du s\u00e9jour de pr\u00e9paration, elle a d\u00e9croch\u00e9 le \u00abTop Model Challenge\u00bb (qui r\u00e9compense la mani\u00e8re de d\u00e9filer) pour le continent Am\u00e9rique Cara\u00efbes. Une victoire qui lui a permis de se qualifier directement pour le Top 40 du concours.<\/p>\n<p class=\"fig-paragraph\">En remportant la couronne tant convoit\u00e9e de Miss Monde 2026, elle offre \u00e0 son pays le deuxi\u00e8me titre international de son histoire, 44 ans apr\u00e8s la victoire de Mariasela \u00c1lvarez en 1982.<\/p>\n","protected":false},"excerpt":{"rendered":"Joheirry Mola Dominguez Capture d&rsquo;\u00e9cran Paris Premi\u00e8re PORTRAIT &#8211; La Fran\u00e7aise Indira Ampiot a \u00e9t\u00e9 \u00e9limin\u00e9e aux portes&hellip;\n","protected":false},"author":2,"featured_media":293750,"comment_status":"","ping_status":"","sticky":false,"template":"","format":"standard","meta":{"footnotes":"","_share_on_mastodon":"0"},"categories":[15],"tags":[158,157,113,112,60107,159,23],"class_list":["post-293749","post","type-post","status-publish","format-standard","has-post-thumbnail","category-people","tag-celebrities","tag-celebrity","tag-divertissement","tag-entertainment","tag-miss-monde","tag-people","tag-suisse"],"share_on_mastodon":{"url":"https:\/\/pubeurope.com\/@ch_fr\/117221964015219976","error":""},"_links":{"self":[{"href":"https:\/\/www.europesays.com\/ch-fr\/wp-json\/wp\/v2\/posts\/293749","targetHints":{"allow":["GET"]}}],"collection":[{"href":"https:\/\/www.europesays.com\/ch-fr\/wp-json\/wp\/v2\/posts"}],"about":[{"href":"https:\/\/www.europesays.com\/ch-fr\/wp-json\/wp\/v2\/types\/post"}],"author":[{"embeddable":true,"href":"https:\/\/www.europesays.com\/ch-fr\/wp-json\/wp\/v2\/users\/2"}],"replies":[{"embeddable":true,"href":"https:\/\/www.europesays.com\/ch-fr\/wp-json\/wp\/v2\/comments?post=293749"}],"version-history":[{"count":0,"href":"https:\/\/www.europesays.com\/ch-fr\/wp-json\/wp\/v2\/posts\/293749\/revisions"}],"wp:featuredmedia":[{"embeddable":true,"href":"https:\/\/www.europesays.com\/ch-fr\/wp-json\/wp\/v2\/media\/293750"}],"wp:attachment":[{"href":"https:\/\/www.europesays.com\/ch-fr\/wp-json\/wp\/v2\/media?parent=293749"}],"wp:term":[{"taxonomy":"category","embeddable":true,"href":"https:\/\/www.europesays.com\/ch-fr\/wp-json\/wp\/v2\/categories?post=293749"},{"taxonomy":"post_tag","embeddable":true,"href":"https:\/\/www.europesays.com\/ch-fr\/wp-json\/wp\/v2\/tags?post=293749"}],"curies":[{"name":"wp","href":"https:\/\/api.w.org\/{rel}","templated":true}]}}