{"id":293759,"date":"2026-09-06T03:50:20","date_gmt":"2026-09-06T03:50:20","guid":{"rendered":"https:\/\/www.europesays.com\/ch-fr\/293759\/"},"modified":"2026-09-06T03:50:20","modified_gmt":"2026-09-06T03:50:20","slug":"silvan-widmer-prend-sa-retraite-internationale","status":"publish","type":"post","link":"https:\/\/www.europesays.com\/ch-fr\/293759\/","title":{"rendered":"Silvan Widmer prend sa retraite internationale"},"content":{"rendered":"<p class=\"wysiwyg-h2\">Apr\u00e8s 65 s\u00e9lections, 5 buts et 4 participations \u00e0 des phases finales, Silvan Widmer dit au revoir \u00e0 l&rsquo;\u00e9quipe de Suisse. L&rsquo;Argovien de 33 ans a d\u00e9cid\u00e9 de se concentrer sur son club de Mayence.<\/p>\n<p>&lsquo;M\u00eame si les \u00e9motions et l\u2019environnement de la Nati vont me manquer, je sens que c\u2019est le bon moment pour me concentrer uniquement sur mon club et accorder davantage de pauses \u00e0 mon corps, explique Widmer dans un communiqu\u00e9 publi\u00e9 sur le site de la f\u00e9d\u00e9ration. Je suis fier d\u2019avoir port\u00e9 65 fois le maillot de mon pays et d\u2019avoir repr\u00e9sent\u00e9 la Nati lors de deux phases finales de l&rsquo;Euro et de deux Coupes du monde (r\u00e9d: 16 matches). Les victoires aux tirs au but contre la France et la Colombie resteront bien s\u00fbr inoubliables. Mais je garderai tout autant en m\u00e9moire les moments v\u00e9cus en dehors du terrain. Car la Nati est plus qu\u2019une \u00e9quipe.&rsquo;<\/p>\n<p>Lat\u00e9ral droit, Widmer a fait ses premiers pas en \u00e9quipe de Suisse sous la direction de Vladimir Petkovic. Pour ses d\u00e9buts le 14 octobre 2014 \u00e0 l&rsquo;ext\u00e9rieur contre Saint-Marin (4-0), il \u00e9tait entr\u00e9 en jeu \u00e0 la place de Stephan Lichtsteiner. Sa derni\u00e8re apparition a eu lieu en juillet \u00e0 Kansas City lors du quart de finale de la Coupe du monde contre l\u2019Argentine (d\u00e9faite 3-1 ap).<\/p>\n<p>Il a inscrit le premier de ses cinq buts en septembre 2020 face \u00e0 l&rsquo;Allemagne (1-1) en Ligue des Nations \u00e0 B\u00e2le dans un stade vide en raison du covid. Le dernier fut inscrit en 2025 contre le Kosovo pour les qualifications \u00e0 la Coupe du monde.<\/p>\n<p>&lsquo;Avec Silvan Widmer, c\u2019est un joueur qui a affich\u00e9 des performances \u00e9lev\u00e9es et constantes pendant de nombreuses ann\u00e9es qui fait ses adieux \u00e0 l\u2019\u00e9quipe nationale, dit de lui le s\u00e9lectionneur Murat Yakin. Avec son attitude positive et son professionnalisme de tous les instants, &lsquo;Sile&rsquo; a toujours \u00e9t\u00e9 un \u00e9l\u00e9ment dynamisant au sein de l\u2019\u00e9quipe.&rsquo;<\/p>\n<p> \/ATS<\/p>\n","protected":false},"excerpt":{"rendered":"Apr\u00e8s 65 s\u00e9lections, 5 buts et 4 participations \u00e0 des phases finales, Silvan Widmer dit au revoir \u00e0&hellip;\n","protected":false},"author":2,"featured_media":293760,"comment_status":"","ping_status":"","sticky":false,"template":"","format":"standard","meta":{"footnotes":"","_share_on_mastodon":"0"},"categories":[8],"tags":[121,124,128,119,122,123,118,136,132,131,133,130,135,120,126,117,125,114,115,116,75,23,129,127,134],"class_list":["post-293759","post","type-post","status-publish","format-standard","has-post-thumbnail","category-sports","tag-ajoie","tag-animation","tag-bienne","tag-delemont","tag-franches-montagnes","tag-frequence","tag-jura","tag-jura-bernois","tag-la-chaux-de-fonds","tag-moutier","tag-neuchatel","tag-neuveville","tag-payerne","tag-porrentruy","tag-publicite","tag-radio","tag-redaction","tag-rfj","tag-rjb","tag-rtn","tag-sports","tag-suisse","tag-tavannes","tag-vallon-de-st-imier","tag-yverdon"],"share_on_mastodon":{"url":"https:\/\/pubeurope.com\/@ch_fr\/117222062329688071","error":""},"_links":{"self":[{"href":"https:\/\/www.europesays.com\/ch-fr\/wp-json\/wp\/v2\/posts\/293759","targetHints":{"allow":["GET"]}}],"collection":[{"href":"https:\/\/www.europesays.com\/ch-fr\/wp-json\/wp\/v2\/posts"}],"about":[{"href":"https:\/\/www.europesays.com\/ch-fr\/wp-json\/wp\/v2\/types\/post"}],"author":[{"embeddable":true,"href":"https:\/\/www.europesays.com\/ch-fr\/wp-json\/wp\/v2\/users\/2"}],"replies":[{"embeddable":true,"href":"https:\/\/www.europesays.com\/ch-fr\/wp-json\/wp\/v2\/comments?post=293759"}],"version-history":[{"count":0,"href":"https:\/\/www.europesays.com\/ch-fr\/wp-json\/wp\/v2\/posts\/293759\/revisions"}],"wp:featuredmedia":[{"embeddable":true,"href":"https:\/\/www.europesays.com\/ch-fr\/wp-json\/wp\/v2\/media\/293760"}],"wp:attachment":[{"href":"https:\/\/www.europesays.com\/ch-fr\/wp-json\/wp\/v2\/media?parent=293759"}],"wp:term":[{"taxonomy":"category","embeddable":true,"href":"https:\/\/www.europesays.com\/ch-fr\/wp-json\/wp\/v2\/categories?post=293759"},{"taxonomy":"post_tag","embeddable":true,"href":"https:\/\/www.europesays.com\/ch-fr\/wp-json\/wp\/v2\/tags?post=293759"}],"curies":[{"name":"wp","href":"https:\/\/api.w.org\/{rel}","templated":true}]}}