{"id":293767,"date":"2026-09-06T04:06:13","date_gmt":"2026-09-06T04:06:13","guid":{"rendered":"https:\/\/www.europesays.com\/ch-fr\/293767\/"},"modified":"2026-09-06T04:06:13","modified_gmt":"2026-09-06T04:06:13","slug":"avenches-tattoo-record-daffluence-avec-15000-spectateurs","status":"publish","type":"post","link":"https:\/\/www.europesays.com\/ch-fr\/293767\/","title":{"rendered":"Avenches Tattoo : record d&rsquo;affluence avec 15&rsquo;000 spectateurs"},"content":{"rendered":"\n<p>Le Festival Avenches Tattoo a accueilli 15000 spectateurs lors de sa 20e \u00e9dition, du 3 au 5 septembre.Le spectacle des \u00e9talons Franches-Montagnes et la fanfare de l&rsquo;\u00e9cole de recrues ont marqu\u00e9 le public.La prochaine \u00e9dition du festival se tiendra du 2 au 4 septembre 2027 au Haras national suisse \u00e0 Avenches.<\/p>\n<p>Ce r\u00e9sum\u00e9 a-t-il \u00e9t\u00e9 utile ?<\/p>\n<p>    \u2139\ufe0f R\u00e9sum\u00e9 propos\u00e9 par l&rsquo;IA et valid\u00e9 par nos journalistes. <a class=\"article-summary-info__link\" href=\"https:\/\/www.rts.ch\/entreprise\/2025\/article\/charte-sur-l-utilisation-de-l-ia-a-la-rts-29020587.html\" rel=\"nofollow noopener\" target=\"_blank\">En savoir plus<\/a>  <\/p>\n<p> Masquer  <\/p>\n","protected":false},"excerpt":{"rendered":"Le Festival Avenches Tattoo a accueilli 15000 spectateurs lors de sa 20e \u00e9dition, du 3 au 5 septembre.Le&hellip;\n","protected":false},"author":2,"featured_media":293768,"comment_status":"","ping_status":"","sticky":false,"template":"","format":"standard","meta":{"footnotes":"","_share_on_mastodon":"0"},"categories":[10],"tags":[31945,113,112,650,64120,5113,141,64121,6135,23,325],"class_list":["post-293767","post","type-post","status-publish","format-standard","has-post-thumbnail","category-divertissement","tag-avenches","tag-divertissement","tag-entertainment","tag-festival","tag-haras-national-suisse","tag-militaire","tag-musique","tag-musique-militaire","tag-record","tag-suisse","tag-vaud"],"share_on_mastodon":{"url":"https:\/\/pubeurope.com\/@ch_fr\/117222125405715231","error":""},"_links":{"self":[{"href":"https:\/\/www.europesays.com\/ch-fr\/wp-json\/wp\/v2\/posts\/293767","targetHints":{"allow":["GET"]}}],"collection":[{"href":"https:\/\/www.europesays.com\/ch-fr\/wp-json\/wp\/v2\/posts"}],"about":[{"href":"https:\/\/www.europesays.com\/ch-fr\/wp-json\/wp\/v2\/types\/post"}],"author":[{"embeddable":true,"href":"https:\/\/www.europesays.com\/ch-fr\/wp-json\/wp\/v2\/users\/2"}],"replies":[{"embeddable":true,"href":"https:\/\/www.europesays.com\/ch-fr\/wp-json\/wp\/v2\/comments?post=293767"}],"version-history":[{"count":0,"href":"https:\/\/www.europesays.com\/ch-fr\/wp-json\/wp\/v2\/posts\/293767\/revisions"}],"wp:featuredmedia":[{"embeddable":true,"href":"https:\/\/www.europesays.com\/ch-fr\/wp-json\/wp\/v2\/media\/293768"}],"wp:attachment":[{"href":"https:\/\/www.europesays.com\/ch-fr\/wp-json\/wp\/v2\/media?parent=293767"}],"wp:term":[{"taxonomy":"category","embeddable":true,"href":"https:\/\/www.europesays.com\/ch-fr\/wp-json\/wp\/v2\/categories?post=293767"},{"taxonomy":"post_tag","embeddable":true,"href":"https:\/\/www.europesays.com\/ch-fr\/wp-json\/wp\/v2\/tags?post=293767"}],"curies":[{"name":"wp","href":"https:\/\/api.w.org\/{rel}","templated":true}]}}