{"id":293823,"date":"2026-09-06T05:41:09","date_gmt":"2026-09-06T05:41:09","guid":{"rendered":"https:\/\/www.europesays.com\/ch-fr\/293823\/"},"modified":"2026-09-06T05:41:09","modified_gmt":"2026-09-06T05:41:09","slug":"super-league-servette-et-sion-veulent-briller-a-domicile-2","status":"publish","type":"post","link":"https:\/\/www.europesays.com\/ch-fr\/293823\/","title":{"rendered":"Super League: Servette et Sion veulent briller \u00e0 domicile"},"content":{"rendered":"<p class=\"wysiwyg-h2\">Les clubs romands veulent briller \u00e0 domicile dimanche lors de la 7e journ\u00e9e de Super League. Servette accueille St-Gall (14h), tandis que Sion rencontre le champion en titre Thoune.<\/p>\n<p>Frustr\u00e9s en fin de match par Lugano jeudi (1-0), les Grenat ont l&rsquo;occasion de se remettre sur le bon chemin face aux Brodeurs, qui traversent une phase difficile. Lors de sa derni\u00e8re sortie, la troupe d&rsquo;Enrico Maassen a sembl\u00e9 en perdition face \u00e0 Grasshopper (2-0), conc\u00e9dant sa 4e d\u00e9faite de rang.<\/p>\n<p>Mais tous les signaux ne sont pas au vert du c\u00f4t\u00e9 genevois pour autant. Les prot\u00e9g\u00e9s de Jocelyn Gourvennec sont pour l&rsquo;heure la pire attaque de premi\u00e8re division, avec moins d&rsquo;un but marqu\u00e9 par match en moyenne.<\/p>\n<p>Boteli, l&rsquo;arme fatale du FC Sion<\/p>\n<p>Les Valaisans, qui ont renvers\u00e9 B\u00e2le en trois minutes jeudi (2-1), veulent remettre les pendules \u00e0 l&rsquo;heure \u00e0 Tourbillon. Il y a une semaine, les joueurs de Didier Tholot ont \u00e9t\u00e9 battus par Lugano \u00e0 domicile, mettant fin \u00e0 une s\u00e9rie de 16 matches \u00e0 domicile sans d\u00e9faite en championnat.<\/p>\n<p>Contre les Bernois, ils pourront compter sur leur g\u00e2chette Winsley Boteli pour tenter d&rsquo;ajouter un 4e succ\u00e8s en championnat cette saison. Cr\u00e9dit\u00e9 de 11 buts et 12 passes d\u00e9cisives depuis le d\u00e9but de la saison, le Genevois de 20 ans est un l&rsquo;atout s\u00e9dunois le plus redoutable pour r\u00e9gater avec le haut du classement.<\/p>\n<p>L&rsquo;affiche de cette journ\u00e9e est sans conteste le choc entre Lugano et B\u00e2le au Parc St-Jacques (16h30). Avec cinq victoires en autant de rencontres, le leader tessinois veut encha\u00eener face aux Rh\u00e9nans, qui pointent d\u00e9j\u00e0 \u00e0 cinq longueurs.<\/p>\n<p> \/ATS<\/p>\n","protected":false},"excerpt":{"rendered":"Les clubs romands veulent briller \u00e0 domicile dimanche lors de la 7e journ\u00e9e de Super League. Servette accueille&hellip;\n","protected":false},"author":2,"featured_media":293824,"comment_status":"","ping_status":"","sticky":false,"template":"","format":"standard","meta":{"footnotes":"","_share_on_mastodon":"0"},"categories":[8],"tags":[121,124,128,119,122,123,118,136,132,131,133,130,135,120,126,117,125,114,115,116,75,23,129,127,134],"class_list":["post-293823","post","type-post","status-publish","format-standard","has-post-thumbnail","category-sports","tag-ajoie","tag-animation","tag-bienne","tag-delemont","tag-franches-montagnes","tag-frequence","tag-jura","tag-jura-bernois","tag-la-chaux-de-fonds","tag-moutier","tag-neuchatel","tag-neuveville","tag-payerne","tag-porrentruy","tag-publicite","tag-radio","tag-redaction","tag-rfj","tag-rjb","tag-rtn","tag-sports","tag-suisse","tag-tavannes","tag-vallon-de-st-imier","tag-yverdon"],"share_on_mastodon":{"url":"https:\/\/pubeurope.com\/@ch_fr\/117222498990449903","error":""},"_links":{"self":[{"href":"https:\/\/www.europesays.com\/ch-fr\/wp-json\/wp\/v2\/posts\/293823","targetHints":{"allow":["GET"]}}],"collection":[{"href":"https:\/\/www.europesays.com\/ch-fr\/wp-json\/wp\/v2\/posts"}],"about":[{"href":"https:\/\/www.europesays.com\/ch-fr\/wp-json\/wp\/v2\/types\/post"}],"author":[{"embeddable":true,"href":"https:\/\/www.europesays.com\/ch-fr\/wp-json\/wp\/v2\/users\/2"}],"replies":[{"embeddable":true,"href":"https:\/\/www.europesays.com\/ch-fr\/wp-json\/wp\/v2\/comments?post=293823"}],"version-history":[{"count":0,"href":"https:\/\/www.europesays.com\/ch-fr\/wp-json\/wp\/v2\/posts\/293823\/revisions"}],"wp:featuredmedia":[{"embeddable":true,"href":"https:\/\/www.europesays.com\/ch-fr\/wp-json\/wp\/v2\/media\/293824"}],"wp:attachment":[{"href":"https:\/\/www.europesays.com\/ch-fr\/wp-json\/wp\/v2\/media?parent=293823"}],"wp:term":[{"taxonomy":"category","embeddable":true,"href":"https:\/\/www.europesays.com\/ch-fr\/wp-json\/wp\/v2\/categories?post=293823"},{"taxonomy":"post_tag","embeddable":true,"href":"https:\/\/www.europesays.com\/ch-fr\/wp-json\/wp\/v2\/tags?post=293823"}],"curies":[{"name":"wp","href":"https:\/\/api.w.org\/{rel}","templated":true}]}}