{"id":293853,"date":"2026-09-06T06:50:15","date_gmt":"2026-09-06T06:50:15","guid":{"rendered":"https:\/\/www.europesays.com\/ch-fr\/293853\/"},"modified":"2026-09-06T06:50:15","modified_gmt":"2026-09-06T06:50:15","slug":"celine-dion-une-voix-qui-continue-de-fasciner-apres-40-ans-de-carriere-franceinfo","status":"publish","type":"post","link":"https:\/\/www.europesays.com\/ch-fr\/293853\/","title":{"rendered":"C\u00e9line Dion, une voix qui continue de fasciner apr\u00e8s 40 ans de carri\u00e8re \u2013 franceinfo"},"content":{"rendered":"<p>\n  Depuis 40 ans, C\u00e9line Dion impressionne par une voix puissante et reconnaissable entre toutes. Des fans aux sp\u00e9cialistes, tous saluent un timbre exceptionnel, fruit d&rsquo;un don naturel, mais aussi d&rsquo;un important travail vocal.\n<\/p>\n<p>Ce texte correspond \u00e0 une partie de la retranscription du reportage ci-dessus. Cliquez sur la vid\u00e9o pour la regarder dans son int\u00e9gralit\u00e9.<\/p>\n<p><a href=\"https:\/\/www.franceinfo.fr\/culture\/musique\/celine-dion\/\" target=\"_blank\" rel=\"noopener nofollow\" data-tooltip-url=\"https:\/\/www.franceinfo.fr\/culture\/musique\/celine-dion\/\">C\u00e9line Dion<\/a>, c&rsquo;est une voix unique au sommet. 40 ans que son timbre exceptionnel bouleverse plusieurs g\u00e9n\u00e9rations de fans qui, ce jour-l\u00e0, sont<a href=\"https:\/\/www.franceinfo.fr\/culture\/musique\/celine-dion\/pourquoi-celine-dion-garde-ses-distances-aves-ses-fans_8177348.html\" target=\"_blank\" rel=\"noopener nofollow\" data-tooltip-url=\"https:\/\/www.franceinfo.fr\/culture\/musique\/celine-dion\/pourquoi-celine-dion-garde-ses-distances-aves-ses-fans_8177348.html\"> r\u00e9unis devant l&rsquo;h\u00f4tel de la chanteuse<\/a> : \u00ab\u00a0C&rsquo;est impressionnant, surtout la force de sa voix. Et c&rsquo;est \u00e7a qui vraiment me transporte en \u00e9coutant\u00a0\u00bb, partage une fan. Une autre ajoute : \u00ab\u00a0\u00c7a me donne des frissons.\u00a0\u00bb Ou encore, pour une autre : \u00ab\u00a0Je ne sais pas comment vous le d\u00e9crire, mais c&rsquo;est quelque chose de fort que je ressens.\u00a0\u00bb<\/p>\n<p>Avec Jean-Jacques Goldman, elle a appris \u00e0 poser sa voix pour mieux faire parler sa puissance. \u00ab\u00a0On d\u00e9passe presque les performances d&rsquo;une voix humaine, on va presque aller chercher dans des instruments, il faudrait plusieurs chanteuses pour arriver \u00e0 faire la voix de C\u00e9line Dion\u00a0\u00bb, explique Andr\u00e9 Manoukian, auteur-compositeur, pianiste.<\/p>\n<p>Pour les sp\u00e9cialistes, on retrouve dans sa voix un peu d&rsquo;Aretha Franklin, de Barbra Streisand, de Mariah Carey et de Whitney Houston. C\u00e9line Dion, c&rsquo;est une \u00e9nergie hors norme. Dans le documentaire \u00ab\u00a0Il \u00e9tait une voix, &#8230; C\u00e9line Dion\u00a0\u00bb, diffus\u00e9 prochainement sur France T\u00e9l\u00e9visions, elle raconte sa m\u00e9tamorphose en b\u00eate de sc\u00e8ne : \u00ab\u00a0Il y a l&rsquo;animal en moi qui arrive. Vas-y, ma belle. Fais ta note, fais-leur plaisir, comme il faut.\u00a0\u00bb<\/p>\n<p>C\u00e9line Dion, une voix renversante.<\/p>\n","protected":false},"excerpt":{"rendered":"Depuis 40 ans, C\u00e9line Dion impressionne par une voix puissante et reconnaissable entre toutes. Des fans aux sp\u00e9cialistes,&hellip;\n","protected":false},"author":2,"featured_media":293854,"comment_status":"","ping_status":"","sticky":false,"template":"","format":"standard","meta":{"footnotes":"","_share_on_mastodon":"0"},"categories":[12],"tags":[113,112,140,141,23],"class_list":["post-293853","post","type-post","status-publish","format-standard","has-post-thumbnail","category-musique","tag-divertissement","tag-entertainment","tag-music","tag-musique","tag-suisse"],"share_on_mastodon":{"url":"https:\/\/pubeurope.com\/@ch_fr\/117222770543176051","error":""},"_links":{"self":[{"href":"https:\/\/www.europesays.com\/ch-fr\/wp-json\/wp\/v2\/posts\/293853","targetHints":{"allow":["GET"]}}],"collection":[{"href":"https:\/\/www.europesays.com\/ch-fr\/wp-json\/wp\/v2\/posts"}],"about":[{"href":"https:\/\/www.europesays.com\/ch-fr\/wp-json\/wp\/v2\/types\/post"}],"author":[{"embeddable":true,"href":"https:\/\/www.europesays.com\/ch-fr\/wp-json\/wp\/v2\/users\/2"}],"replies":[{"embeddable":true,"href":"https:\/\/www.europesays.com\/ch-fr\/wp-json\/wp\/v2\/comments?post=293853"}],"version-history":[{"count":0,"href":"https:\/\/www.europesays.com\/ch-fr\/wp-json\/wp\/v2\/posts\/293853\/revisions"}],"wp:featuredmedia":[{"embeddable":true,"href":"https:\/\/www.europesays.com\/ch-fr\/wp-json\/wp\/v2\/media\/293854"}],"wp:attachment":[{"href":"https:\/\/www.europesays.com\/ch-fr\/wp-json\/wp\/v2\/media?parent=293853"}],"wp:term":[{"taxonomy":"category","embeddable":true,"href":"https:\/\/www.europesays.com\/ch-fr\/wp-json\/wp\/v2\/categories?post=293853"},{"taxonomy":"post_tag","embeddable":true,"href":"https:\/\/www.europesays.com\/ch-fr\/wp-json\/wp\/v2\/tags?post=293853"}],"curies":[{"name":"wp","href":"https:\/\/api.w.org\/{rel}","templated":true}]}}